{"id":156316,"date":"2025-10-04T10:43:10","date_gmt":"2025-10-04T10:43:10","guid":{"rendered":"https:\/\/www.europesays.com\/es\/156316\/"},"modified":"2025-10-04T10:43:10","modified_gmt":"2025-10-04T10:43:10","slug":"diego-magdaleno-acerca-en-el-museo-carteia-varios-mitos-mediterraneos-a-un-publico-familiar","status":"publish","type":"post","link":"https:\/\/www.europesays.com\/es\/156316\/","title":{"rendered":"Diego Magdaleno acerca en el Museo Carteia varios \u201cMitos Mediterr\u00e1neos\u201d a un p\u00fablico familiar"},"content":{"rendered":"<p>La Delegaci\u00f3n de Cultura del Ayuntamiento de San Roque, que dirige la teniente de alcalde Ana Ruiz, program\u00f3 para este s\u00e1bado en el Museo Municipal Carteia la actividad \u201cMitos Mediterr\u00e1neos\u201d, que ha llegado de la mano del programa Planeamos Cultura de la Diputaci\u00f3n de C\u00e1diz. El narrador Diego Magdaleno ha sido el encargado de llevar a varias familias una serie de historias fant\u00e1sticas que forman parte del legado que nos dejaron las civilizaciones antiguas, sobre todo griegos y romanos.<\/p>\n<p>Tras empezar contando el origen de los pasos de peatones, que ya utilizaban los romanos, Diego Magdaleno pas\u00f3 a desgranar distintos mitos de la antig\u00fcedad, adapt\u00e1ndolos a un lenguaje asequible para los peque\u00f1os que asist\u00edan a la sesi\u00f3n. Se trataba de cuatro relatos mitol\u00f3gicos, como el de la creaci\u00f3n del Estrecho de Gibraltar por H\u00e9rcules o el nacimiento de la V\u00eda L\u00e1ctea.<\/p>\n","protected":false},"excerpt":{"rendered":"La Delegaci\u00f3n de Cultura del Ayuntamiento de San Roque, que dirige la teniente de alcalde Ana Ruiz, program\u00f3&hellip;\n","protected":false},"author":2,"featured_media":156317,"comment_status":"","ping_status":"","sticky":false,"template":"","format":"standard","meta":{"footnotes":""},"categories":[91],"tags":[1250,2193,2191,146,147,25,24,2190,2186,2189,2185,2187,23,2192,2188],"class_list":{"0":"post-156316","1":"post","2":"type-post","3":"status-publish","4":"format-standard","5":"has-post-thumbnail","7":"category-entretenimiento","8":"tag-ayuntamiento","9":"tag-cadiz","10":"tag-campamento","11":"tag-entertainment","12":"tag-entretenimiento","13":"tag-es","14":"tag-espana","15":"tag-guadiaro","16":"tag-roque","17":"tag-san-enrique","18":"tag-san-roque","19":"tag-soto-grande","20":"tag-spain","21":"tag-taraguilla","22":"tag-torreguadiaro"},"share_on_mastodon":{"url":"","error":""},"_links":{"self":[{"href":"https:\/\/www.europesays.com\/es\/wp-json\/wp\/v2\/posts\/156316","targetHints":{"allow":["GET"]}}],"collection":[{"href":"https:\/\/www.europesays.com\/es\/wp-json\/wp\/v2\/posts"}],"about":[{"href":"https:\/\/www.europesays.com\/es\/wp-json\/wp\/v2\/types\/post"}],"author":[{"embeddable":true,"href":"https:\/\/www.europesays.com\/es\/wp-json\/wp\/v2\/users\/2"}],"replies":[{"embeddable":true,"href":"https:\/\/www.europesays.com\/es\/wp-json\/wp\/v2\/comments?post=156316"}],"version-history":[{"count":0,"href":"https:\/\/www.europesays.com\/es\/wp-json\/wp\/v2\/posts\/156316\/revisions"}],"wp:featuredmedia":[{"embeddable":true,"href":"https:\/\/www.europesays.com\/es\/wp-json\/wp\/v2\/media\/156317"}],"wp:attachment":[{"href":"https:\/\/www.europesays.com\/es\/wp-json\/wp\/v2\/media?parent=156316"}],"wp:term":[{"taxonomy":"category","embeddable":true,"href":"https:\/\/www.europesays.com\/es\/wp-json\/wp\/v2\/categories?post=156316"},{"taxonomy":"post_tag","embeddable":true,"href":"https:\/\/www.europesays.com\/es\/wp-json\/wp\/v2\/tags?post=156316"}],"curies":[{"name":"wp","href":"https:\/\/api.w.org\/{rel}","templated":true}]}}