{"id":156322,"date":"2025-10-04T10:46:08","date_gmt":"2025-10-04T10:46:08","guid":{"rendered":"https:\/\/www.europesays.com\/es\/156322\/"},"modified":"2025-10-04T10:46:08","modified_gmt":"2025-10-04T10:46:08","slug":"hamas-acepta-parte-del-plan-de-paz-de-trump-y-pide-negociar-dw-03-10-2025","status":"publish","type":"post","link":"https:\/\/www.europesays.com\/es\/156322\/","title":{"rendered":"Ham\u00e1s acepta parte del plan de paz de Trump y pide negociar \u2013 DW \u2013 03\/10\/2025"},"content":{"rendered":"<p>El <a class=\"internal-link\" href=\"https:\/\/www.dw.com\/es\/ham\u00e1s\/t-17412524\" rel=\"nofollow noopener\" target=\"_blank\">movimiento islamista palestino Ham\u00e1s<\/a> afirm\u00f3 este viernes (03.10.2025)\u00a0que est\u00e1 dispuesto a liberar a todos los rehenes que tiene en <a class=\"internal-link\" href=\"https:\/\/www.dw.com\/es\/franja-de-gaza\/t-67111647\" rel=\"nofollow noopener\" target=\"_blank\">Gaza<\/a> en el marco de la propuesta de cese al fuego del presidente estadounidense, <a class=\"internal-link\" href=\"https:\/\/www.dw.com\/es\/trump-donald\/t-19445010\" rel=\"nofollow noopener\" target=\"_blank\">Donald Trump<\/a>. Sin embargo, agreg\u00f3 que todav\u00eda quedan puntos por aclarar. Un alto responsable del movimiento, que es considerado terrorista por la Uni\u00f3n Europea, advirti\u00f3 que la propuesta presentada por Estados Unidos es \u00abimprecisa\u00bb y por ello son necesarias negociaciones.<\/p>\n<p>\u00abEl movimiento anuncia su aprobaci\u00f3n para la liberaci\u00f3n de todos los rehenes \u00a0-vivos y restos mortales- seg\u00fan la f\u00f3rmula de intercambio incluida en la propuesta del presidente Trump\u00bb, se\u00f1al\u00f3 Ham\u00e1s en un comunicado, y a\u00f1adi\u00f3 que est\u00e1 listo para iniciar negociaciones \u00abpara discutir los detalles\u00bb.<\/p>\n<p>La organizaci\u00f3n dijo haber tomado esa decisi\u00f3n \u00abtras un estudio exhaustivo\u00bb y \u00abcon el fin de lograr el cese de las hostilidades\u00bb. Matiz\u00f3 que la entrega de los rehenes se realizar\u00e1\u00a0\u00absiempre que se cumplan las condiciones sobre el terreno para el intercambio\u00bb. Las conversaciones sobre los detalles podr\u00edan tener lugar de forma inmediata \u00aba trav\u00e9s de los negociadores\u00bb, apunt\u00f3 el grupo.<\/p>\n<p>Como efecto inmediato, Trump escribi\u00f3 en su red Truth Social que\u00a0cree que Ham\u00e1s est\u00e1 listo para \u00abuna paz duradera\u00bb y pidi\u00f3 a\u00a0Israel que detenga \u00abinmediatamente\u00bb los bombardeos sobre Gaza.<\/p>\n<p>No habla del desarme<\/p>\n<p>Ham\u00e1s tambi\u00e9n dijo renovar \u00absu acuerdo para entregar la administraci\u00f3n de la Franja de Gaza a un organismo palestino de independientes (tecn\u00f3cratas), con base en el consenso nacional palestino y el apoyo \u00e1rabe e isl\u00e1mico\u00bb.\u00a0Seg\u00fan su nota, la propuesta de Trump sobre el futuro de la Franja y los derechos \u00abinherentes\u00bb del pueblo palestino \u00abest\u00e1 vinculada a una postura nacional integral y se basa en las leyes y resoluciones internacionales pertinentes\u00bb.\u00a0<\/p>\n<p>\u00abSe debatir\u00e1 en un marco nacional palestino integral. Ham\u00e1s formar\u00e1 parte de \u00e9l y contribuir\u00e1 con plena responsabilidad\u00bb, concluy\u00f3 su nota, que no hace menci\u00f3n alguna a una condici\u00f3n del plan de paz: el desarme de la milicia.\u00a0<\/p>\n<p>Este mismo viernes, <a class=\"internal-link\" href=\"https:\/\/www.dw.com\/es\/trump-da-hasta-el-domingo-para-que-ham\u00e1s-acepte-plan-de-paz\/a-74231383\" rel=\"nofollow noopener\" target=\"_blank\">Trump hab\u00eda dado a Ham\u00e1s de plazo hasta el domingo<\/a> a las 18.00 horas de Washington (22.00 GMT) para aceptar el plan de paz que propuso para la Franja y amenaz\u00f3 de lo contrario con que \u00abse desatar\u00e1 un infierno como nunca antes se ha visto\u00bb contra el grupo islamista.<\/p>\n<p>La ofensiva militar israel\u00ed en Gaza comenz\u00f3 en respuesta al ataque lanzado el 7 de octubre de 2023 por parte de Ham\u00e1s, que dej\u00f3\u00a01.219 muertos, en su mayor\u00eda civiles, seg\u00fan un balance de la agencia AFP basado en datos israel\u00edes.<\/p>\n<p>La guerra israel\u00ed e Gaza ha matado al menos a 64.700 palestinos, mayoritariamente civiles, de acuerdo al Ministerio de Salud del gobierno de Ham\u00e1s que la ONU considera fiables.<\/p>\n<p>DZC (EFE, AFP)<\/p>\n","protected":false},"excerpt":{"rendered":"El movimiento islamista palestino Ham\u00e1s afirm\u00f3 este viernes (03.10.2025)\u00a0que est\u00e1 dispuesto a liberar a todos los rehenes que&hellip;\n","protected":false},"author":2,"featured_media":156323,"comment_status":"","ping_status":"","sticky":false,"template":"","format":"standard","meta":{"footnotes":""},"categories":[42],"tags":[17,18,13,14,11,61,62,63,64,19,20,9,10,15,16,12,21,22,65,66,67],"class_list":{"0":"post-156322","1":"post","2":"type-post","3":"status-publish","4":"format-standard","5":"has-post-thumbnail","7":"category-internacional","8":"tag-breaking-news","9":"tag-breakingnews","10":"tag-featured-news","11":"tag-featurednews","12":"tag-headlines","13":"tag-internacional","14":"tag-international","15":"tag-international-news","16":"tag-internationalnews","17":"tag-latest-news","18":"tag-latestnews","19":"tag-news","20":"tag-noticias","21":"tag-noticias-destacadas","22":"tag-noticiasdestacadas","23":"tag-titulares","24":"tag-ultimas-noticias","25":"tag-ultimasnoticias","26":"tag-world","27":"tag-world-news","28":"tag-worldnews"},"share_on_mastodon":{"url":"","error":""},"_links":{"self":[{"href":"https:\/\/www.europesays.com\/es\/wp-json\/wp\/v2\/posts\/156322","targetHints":{"allow":["GET"]}}],"collection":[{"href":"https:\/\/www.europesays.com\/es\/wp-json\/wp\/v2\/posts"}],"about":[{"href":"https:\/\/www.europesays.com\/es\/wp-json\/wp\/v2\/types\/post"}],"author":[{"embeddable":true,"href":"https:\/\/www.europesays.com\/es\/wp-json\/wp\/v2\/users\/2"}],"replies":[{"embeddable":true,"href":"https:\/\/www.europesays.com\/es\/wp-json\/wp\/v2\/comments?post=156322"}],"version-history":[{"count":0,"href":"https:\/\/www.europesays.com\/es\/wp-json\/wp\/v2\/posts\/156322\/revisions"}],"wp:featuredmedia":[{"embeddable":true,"href":"https:\/\/www.europesays.com\/es\/wp-json\/wp\/v2\/media\/156323"}],"wp:attachment":[{"href":"https:\/\/www.europesays.com\/es\/wp-json\/wp\/v2\/media?parent=156322"}],"wp:term":[{"taxonomy":"category","embeddable":true,"href":"https:\/\/www.europesays.com\/es\/wp-json\/wp\/v2\/categories?post=156322"},{"taxonomy":"post_tag","embeddable":true,"href":"https:\/\/www.europesays.com\/es\/wp-json\/wp\/v2\/tags?post=156322"}],"curies":[{"name":"wp","href":"https:\/\/api.w.org\/{rel}","templated":true}]}}