{"id":156324,"date":"2025-10-04T10:47:16","date_gmt":"2025-10-04T10:47:16","guid":{"rendered":"https:\/\/www.europesays.com\/es\/156324\/"},"modified":"2025-10-04T10:47:16","modified_gmt":"2025-10-04T10:47:16","slug":"muere-un-motorista-en-un-grave-accidente-multiple-en-vigo","status":"publish","type":"post","link":"https:\/\/www.europesays.com\/es\/156324\/","title":{"rendered":"Muere un motorista en un grave accidente m\u00faltiple en Vigo"},"content":{"rendered":"<p>Un motorista de 58 a\u00f1os falleci\u00f3 anoche en Vigo v\u00edctima de un accidente de tr\u00e1fico en el que<strong> tambi\u00e9n se vieron involucrados otros dos turismos<\/strong>. Otras cuatro personas resultaron heridas, seg\u00fan inform\u00f3 el 112.<\/p>\n<p>El siniestro tuvo lugar sobre la medianoche en la carretera de Camposancos, entre los puntos kilom\u00e9tricos 4 y 5 de la PO-552, a su paso por la parroquia de Oia. El motorista, que circulaba en sentido Nigr\u00e1n,<strong> choc\u00f3 con un coche que ven\u00eda de frente<\/strong>, el cual, seg\u00fan las primeras hip\u00f3tesis, se sali\u00f3 de la trazada en una curva e invadi\u00f3 el carril de la moto, impactando a su paso con el turismo que le segu\u00eda.<\/p>\n<p>El <a href=\"https:\/\/www.axega112.gal\/es\" target=\"_blank\" rel=\"noopener nofollow\" title=\"\">112 Galicia<\/a> tuvo constancia del siniestro a las 23:20 horas, tras recibir varias llamadas de particulares que alertaban de una colisi\u00f3n en la que se hab\u00edan visto implicados una moto y dos turismos. Ya desde el primer momento, <strong>los alertantes advert\u00edan de la posibilidad de que el motorista estuviese fallecido.<\/strong><\/p>\n<p><img loading=\"lazy\" decoding=\"async\" width=\"769\" height=\"1024\" data-id=\"624213\" src=\"https:\/\/www.europesays.com\/es\/wp-content\/uploads\/2025\/10\/326c6f12-83dd-41f3-8385-2e4d7eb3c635-1-769x1024.jpg\" alt=\"Muere un motorista en un grave accidente m\u00faltiple en Vigo\" class=\"wp-image-624213\"  \/><\/p>\n<p><img loading=\"lazy\" decoding=\"async\" width=\"768\" height=\"1024\" data-id=\"624209\" src=\"https:\/\/www.europesays.com\/es\/wp-content\/uploads\/2025\/10\/c53b46ce-d005-44a2-a21f-0fdd333941d9-768x1024.jpg\" alt=\"Muere un motorista en un grave accidente m\u00faltiple en Vigo\" class=\"wp-image-624209\"  \/><\/p>\n<p>Uno de los turismos, un Volkswagen Golf, era conducido por una joven novel, y con ella viajaban otros tres chicos,<strong> uno de los cuales sufri\u00f3 graves heridas en la cara, mientras que el resto result\u00f3 con lesiones leves<\/strong>. Todos ellos tienen entre 23 y 26 a\u00f1os. Los ocupantes del tercer coche, un Audi A3, salieron ilesos.<\/p>\n<p>De inmediato, desde la sala de operaciones del 112 Galicia se inform\u00f3 al Servicio de Urgencias Sanitarias de Galicia-061, que al llegar al punto confirm\u00f3 la necesidad de contar con los <strong>Bomberos de Vigo para liberar a una de las personas atrapadas en el interior de uno de los veh\u00edculos<\/strong>. Tambi\u00e9n fueron informados los agentes de la Guardia Civil de Tr\u00e1fico, la Polic\u00eda Local y los efectivos de Protecci\u00f3n Civil de la zona.<\/p>\n<p>El grave accidente provoc\u00f3 <strong>importantes retenciones en ambos sentidos<\/strong>. Esta carretera concentra un gran n\u00famero de colisiones de tr\u00e1fico y <a href=\"https:\/\/www.vigoe.es\/vigo\/sucesos\/fallece-una-joven-en-vigo-tras-chocar-con-su-moto-contra-un-coche\/\" target=\"_blank\" rel=\"noopener nofollow\" title=\"\">hace dos a\u00f1os otro motorista fallec\u00eda <\/a>cerca del lugar en el que se registr\u00f3 el accidente mortal la pasada noche.<\/p>\n","protected":false},"excerpt":{"rendered":"Un motorista de 58 a\u00f1os falleci\u00f3 anoche en Vigo v\u00edctima de un accidente de tr\u00e1fico en el que&hellip;\n","protected":false},"author":2,"featured_media":156325,"comment_status":"","ping_status":"","sticky":false,"template":"","format":"standard","meta":{"footnotes":""},"categories":[8],"tags":[17,18,25,24,13,14,11,19,20,9,10,15,16,23,12,21,22],"class_list":{"0":"post-156324","1":"post","2":"type-post","3":"status-publish","4":"format-standard","5":"has-post-thumbnail","7":"category-espana","8":"tag-breaking-news","9":"tag-breakingnews","10":"tag-es","11":"tag-espana","12":"tag-featured-news","13":"tag-featurednews","14":"tag-headlines","15":"tag-latest-news","16":"tag-latestnews","17":"tag-news","18":"tag-noticias","19":"tag-noticias-destacadas","20":"tag-noticiasdestacadas","21":"tag-spain","22":"tag-titulares","23":"tag-ultimas-noticias","24":"tag-ultimasnoticias"},"share_on_mastodon":{"url":"","error":""},"_links":{"self":[{"href":"https:\/\/www.europesays.com\/es\/wp-json\/wp\/v2\/posts\/156324","targetHints":{"allow":["GET"]}}],"collection":[{"href":"https:\/\/www.europesays.com\/es\/wp-json\/wp\/v2\/posts"}],"about":[{"href":"https:\/\/www.europesays.com\/es\/wp-json\/wp\/v2\/types\/post"}],"author":[{"embeddable":true,"href":"https:\/\/www.europesays.com\/es\/wp-json\/wp\/v2\/users\/2"}],"replies":[{"embeddable":true,"href":"https:\/\/www.europesays.com\/es\/wp-json\/wp\/v2\/comments?post=156324"}],"version-history":[{"count":0,"href":"https:\/\/www.europesays.com\/es\/wp-json\/wp\/v2\/posts\/156324\/revisions"}],"wp:featuredmedia":[{"embeddable":true,"href":"https:\/\/www.europesays.com\/es\/wp-json\/wp\/v2\/media\/156325"}],"wp:attachment":[{"href":"https:\/\/www.europesays.com\/es\/wp-json\/wp\/v2\/media?parent=156324"}],"wp:term":[{"taxonomy":"category","embeddable":true,"href":"https:\/\/www.europesays.com\/es\/wp-json\/wp\/v2\/categories?post=156324"},{"taxonomy":"post_tag","embeddable":true,"href":"https:\/\/www.europesays.com\/es\/wp-json\/wp\/v2\/tags?post=156324"}],"curies":[{"name":"wp","href":"https:\/\/api.w.org\/{rel}","templated":true}]}}