{"id":156326,"date":"2025-10-04T10:48:20","date_gmt":"2025-10-04T10:48:20","guid":{"rendered":"https:\/\/www.europesays.com\/es\/156326\/"},"modified":"2025-10-04T10:48:20","modified_gmt":"2025-10-04T10:48:20","slug":"la-comunidad-de-madrid-presenta-en-kazajistan-su-modelo-tecnologico-y-los-grandes-proyectos-desarrollados-en-el-ambito-de-la-digitalizacion","status":"publish","type":"post","link":"https:\/\/www.europesays.com\/es\/156326\/","title":{"rendered":"La Comunidad de Madrid presenta en Kazajist\u00e1n su modelo tecnol\u00f3gico y los grandes proyectos desarrollados en el \u00e1mbito de la digitalizaci\u00f3n"},"content":{"rendered":"<p>El consejero de Digitalizaci\u00f3n de la Comunidad de Madrid, Miguel L\u00f3pez-Valverde, ha ofrecido hoy una ponencia en la Universidad IT de Astan\u00e1 (Rep\u00fablica de Kazajist\u00e1n), en la que ha expuesto el modelo tecnol\u00f3gico de la Comunidad de Madrid. Bajo el t\u00edtulo La digitalizaci\u00f3n como motor de cambio en las regiones: Ciberseguridad e IA, ha repasado los principales avances desarrollados por el Gobierno regional en esta Legislatura, como la Tarjeta Sanitaria Virtual, la Cuenta Digital o Justicia Digital. Asimismo, ha subrayado que el Ejecutivo auton\u00f3mico trabaja ya en una Estrategia de Inteligencia Artificial hasta 2030, con el objetivo es situar a la regi\u00f3n como un referente europeo en este \u00e1mbito.<\/p>\n","protected":false},"excerpt":{"rendered":"El consejero de Digitalizaci\u00f3n de la Comunidad de Madrid, Miguel L\u00f3pez-Valverde, ha ofrecido hoy una ponencia en la&hellip;\n","protected":false},"author":2,"featured_media":156327,"comment_status":"","ping_status":"","sticky":false,"template":"","format":"standard","meta":{"footnotes":""},"categories":[5],"tags":[17,18,25,24,13,14,11,19,20,9,10,15,16,23,12,21,22],"class_list":{"0":"post-156326","1":"post","2":"type-post","3":"status-publish","4":"format-standard","5":"has-post-thumbnail","7":"category-titulares","8":"tag-breaking-news","9":"tag-breakingnews","10":"tag-es","11":"tag-espana","12":"tag-featured-news","13":"tag-featurednews","14":"tag-headlines","15":"tag-latest-news","16":"tag-latestnews","17":"tag-news","18":"tag-noticias","19":"tag-noticias-destacadas","20":"tag-noticiasdestacadas","21":"tag-spain","22":"tag-titulares","23":"tag-ultimas-noticias","24":"tag-ultimasnoticias"},"share_on_mastodon":{"url":"","error":""},"_links":{"self":[{"href":"https:\/\/www.europesays.com\/es\/wp-json\/wp\/v2\/posts\/156326","targetHints":{"allow":["GET"]}}],"collection":[{"href":"https:\/\/www.europesays.com\/es\/wp-json\/wp\/v2\/posts"}],"about":[{"href":"https:\/\/www.europesays.com\/es\/wp-json\/wp\/v2\/types\/post"}],"author":[{"embeddable":true,"href":"https:\/\/www.europesays.com\/es\/wp-json\/wp\/v2\/users\/2"}],"replies":[{"embeddable":true,"href":"https:\/\/www.europesays.com\/es\/wp-json\/wp\/v2\/comments?post=156326"}],"version-history":[{"count":0,"href":"https:\/\/www.europesays.com\/es\/wp-json\/wp\/v2\/posts\/156326\/revisions"}],"wp:featuredmedia":[{"embeddable":true,"href":"https:\/\/www.europesays.com\/es\/wp-json\/wp\/v2\/media\/156327"}],"wp:attachment":[{"href":"https:\/\/www.europesays.com\/es\/wp-json\/wp\/v2\/media?parent=156326"}],"wp:term":[{"taxonomy":"category","embeddable":true,"href":"https:\/\/www.europesays.com\/es\/wp-json\/wp\/v2\/categories?post=156326"},{"taxonomy":"post_tag","embeddable":true,"href":"https:\/\/www.europesays.com\/es\/wp-json\/wp\/v2\/tags?post=156326"}],"curies":[{"name":"wp","href":"https:\/\/api.w.org\/{rel}","templated":true}]}}