{"id":156357,"date":"2025-10-04T11:13:10","date_gmt":"2025-10-04T11:13:10","guid":{"rendered":"https:\/\/www.europesays.com\/es\/156357\/"},"modified":"2025-10-04T11:13:10","modified_gmt":"2025-10-04T11:13:10","slug":"toros-algemesi-2025-el-torero-samuel-navalon-pasa-a-planta-tras-su-grave-cornada-en-el-cuello-ya-habla-en-los-proximos-dias-recibira-el-alta","status":"publish","type":"post","link":"https:\/\/www.europesays.com\/es\/156357\/","title":{"rendered":"Toros Algemes\u00ed 2025 | El torero Samuel Naval\u00f3n pasa a planta tras su grave cornada en el cuello: \u201cYa habla, en los pr\u00f3ximos d\u00edas recibir\u00e1 el alta\u201d"},"content":{"rendered":"<p class=\"ft-text ft-helper-closenews\"><strong>Samuel Naval\u00f3n<\/strong> ha abandonado la Unidad de Cuidados Intensivos del Hospital de La Ribera de <a class=\"ft-link ft-link--decoration\" href=\"https:\/\/www.levante-emv.com\/tags\/alzira\/\" target=\"_blank\" rel=\"nofollow noopener\"><strong>Alzira<\/strong><\/a> tras siete d\u00edas de ingreso con una herida de siete cent\u00edmetros en el cuello sufrida en la <a href=\"https:\/\/www.algemesi.es\/es\/pagina\/semana-taurina\" class=\"ft-link ft-link--decoration\" rel=\"nofollow noopener\" target=\"_blank\"><strong>plaza de toros de Algemes\u00ed<\/strong><\/a>,\u00a0dentro del <a class=\"ft-link ft-link--decoration\" href=\"https:\/\/www.levante-emv.com\/cultura\/toros\/2025\/09\/28\/toros-algemesi-2025-torero-nek-romero-plaza-de-toros-festival-dana-sin-torear-sinvivir-122014679.html\" target=\"_blank\" rel=\"nofollow noopener\"><strong>festival taurino<\/strong><\/a><strong> <\/strong>para los <strong>damnificados de la dana<\/strong> que cerraba su tradicional\u00a0<a href=\"https:\/\/www.levante-emv.com\/tags\/novilladas-algemesi\/\" class=\"ft-link ft-link--decoration\" rel=\"nofollow noopener\" target=\"_blank\"><strong>ciclo de novilladas picadas<\/strong><\/a>.<\/p>\n<p class=\"ft-text\">Su apoderado, <strong>Nemesio Mat\u00edas<\/strong>, ha asegurado que el torero ha experimentado una gran mejor\u00eda y que depende de la evoluci\u00f3n de las pr\u00f3ximas 48 horas, podr\u00e1 recibir el alta a lo largo de la semana. <strong>Los m\u00e9dicos, tras el traumatismo traqueal, le han dicho que hable poco, pero ya empieza a articular palabras: \u00abYa habla. En los pr\u00f3ximas d\u00edas podr\u00eda recibir el alta\u00bb.<\/strong><\/p>\n<p class=\"ft-text\">El percance ocurri\u00f3 el domingo pasado, cuando, tras un par de banderillas al quiebro, fue volteado por un novillo de <strong>Carmen Arroyo<\/strong>, que le correspond\u00eda en suerte a <strong>Rub\u00e9n Pinar<\/strong>.<\/p>\n<p>Parte m\u00e9dico<\/p>\n<p class=\"ft-text\">Una vez en el suelo, el animal lo levant\u00f3 dram\u00e1ticamente y sufri\u00f3 una cornada en la parte derecha del cuello de unos siete cent\u00edmetros que <strong>seccion\u00f3 el m\u00fasculo esternocleidomastoideo<\/strong>, pero que respet\u00f3 el paquete vascular de la vena yugular y la arteria car\u00f3tida, seg\u00fan ha podido saber <strong>Levante-EMV.<\/strong><\/p>\n<p class=\"ft-text\">Fue operado en la misma <a href=\"https:\/\/www.algemesi.es\/es\/pagina\/semana-taurina\" class=\"ft-link ft-link--decoration\" rel=\"nofollow noopener\" target=\"_blank\"><strong>plaza de toros de Algemes\u00ed<\/strong><\/a><strong> <\/strong>-en el quir\u00f3fano de la enfermer\u00eda ubicada debajo del ayuntamiento- durante casi dos horas por el equipo m\u00e9dico dirigido por el cirujano jefe del coso, <strong>Javier Blanco<\/strong>, junto con el cirujano vascular, <strong>Nacho Mart\u00ednez Le\u00f3n<\/strong>, y un amplio equipo de m\u00e9dicos y enfermeros.<\/p>\n<p><img decoding=\"async\" src=\"https:\/\/www.europesays.com\/es\/wp-content\/uploads\/2025\/10\/31b56993-675a-4018-8ae3-aeb15f30a9f7_alta-libre-aspect-ratio_default_0.jpg\" width=\"1200\" height=\"1452\" alt=\"Naval\u00f3n, tras la grave cornada en Algemes\u00ed\" class=\"ft-helper-img-rd\" loading=\"lazy\" hasdataaida=\"true\"\/><\/p>\n<p class=\"ft-helper-fontColor-quaternary ft-helper-fontSize-body-S ft-helper-spacer-t-xxs\">Naval\u00f3n, tras la grave cornada en Algemes\u00ed  \/ Prensa2<\/p>\n<p class=\"ft-text\">Seg\u00fan las fuentes m\u00e9dicas consultadas, <strong>el torero valenciano lleg\u00f3 sin pulso <\/strong>a la enfermer\u00eda por el politraumatismo sufrido por la voltereta y, una vez estabilizado, fue sedado con anestesia general para r\u00e1pidamente operarlo: \u00ab<strong>El pit\u00f3n roz\u00f3 la yugular<\/strong>, la trayectoria pas\u00f3 por encima y rompi\u00f3 en su totalidad el m\u00fasculo esternocleidomastoideo, que envuelve precisamente la vena yugular y la arteria car\u00f3tida. <strong>Si el pit\u00f3n hubiera sido m\u00e1s largo y m\u00e1s abierto, le hubiera hecho mucho da\u00f1o<\/strong>. Estamos hablando de una de las cornadas m\u00e1s graves de los \u00faltimos tiempos en la <a href=\"https:\/\/www.algemesi.es\/es\/pagina\/semana-taurina\" class=\"ft-link ft-link--decoration\" rel=\"nofollow noopener\" target=\"_blank\"><strong>plaza de toros de Algemes\u00ed<\/strong><\/a>\u00ab.<\/p>\n<p>Ap\u00f3fisis transversa <\/p>\n<p class=\"ft-text\">Tras un TAC tambi\u00e9n apareci\u00f3 una<strong> ap\u00f3fisis transversa<\/strong>\u00a0en la v\u00e9rtebra C6, \u00abque es lo que verdaderamente va a marcar los plazos de su recuperaci\u00f3n. Depende de la movilidad del cuello que tenga tras el latigazo sufrido, pero la herida por asta de toro, si no tiene infecciones, no le acarrear\u00e1 mayores problemas pese a la gravedad\u00bb, destacan las mismas fuentes.<\/p>\n<p class=\"ft-text\">Este de Algemes\u00ed era el \u00faltimo festejo de <strong>Samuel Naval\u00f3n <\/strong>esta temporada, un tiempo en el que todav\u00eda no ha debutado como torero de alternativa en la\u00a0<a href=\"https:\/\/plazadevalencia.es\/\" class=\"ft-link ft-link--decoration\" rel=\"nofollow noopener\" target=\"_blank\"><strong>plaza de toros de Val\u00e8ncia<\/strong><\/a>\u00a0-su tierra-, pero s\u00ed ha destacado en ferias tan importantes como la<strong>\u00a0<\/strong><a href=\"https:\/\/www.levante-emv.com\/cultura\/toros\/2025\/04\/30\/toros-en-sevilla-2025-roman-collado-samuel-navalon-toreros-valencianos-destacan-feria-de-abril-116923731.html\" class=\"ft-link ft-link--decoration\" rel=\"nofollow noopener\" target=\"_blank\"><strong>Feria de Abril de Sevilla<\/strong><\/a>\u00a0o la Feria de San Isidro de\u00a0<a href=\"https:\/\/www.las-ventas.com\/\" class=\"ft-link ft-link--decoration\" rel=\"nofollow noopener\" target=\"_blank\"><strong>Las Ventas<\/strong><\/a>, entre otras, como Alicante, Ciudad Real, Albacete o algunas plazas de <strong>Francia<\/strong>.<\/p>\n<p data-close=\"closedContent\" class=\"subscribeHideForDisplay\">Suscr\u00edbete para seguir leyendo<\/p>\n","protected":false},"excerpt":{"rendered":"Samuel Naval\u00f3n ha abandonado la Unidad de Cuidados Intensivos del Hospital de La Ribera de Alzira tras siete&hellip;\n","protected":false},"author":2,"featured_media":156358,"comment_status":"","ping_status":"","sticky":false,"template":"","format":"standard","meta":{"footnotes":""},"categories":[277],"tags":[3651,902,41074,373,9932,46766,1904,710,168,46765,5401,3653,25,24,711,712,709,12050,707,41075,3954,1605,1389,1171,23,167,625,374,444,43888,31272],"class_list":{"0":"post-156357","1":"post","2":"type-post","3":"status-publish","4":"format-standard","5":"has-post-thumbnail","7":"category-toreo","8":"tag-actos-taurinos","9":"tag-algemesi","10":"tag-ayuntamiento-de-algemesi","11":"tag-bullfighting","12":"tag-cornada","13":"tag-cornada-cuello","14":"tag-corridas-de-toros","15":"tag-critica-taurina","16":"tag-deportes","17":"tag-el-torero-samuel-navalon","18":"tag-enfermeria","19":"tag-entrada-de-toros","20":"tag-es","21":"tag-espana","22":"tag-espectaculos-taurinos","23":"tag-feria-taurina","24":"tag-festejos-taurinos","25":"tag-grave","26":"tag-levante-emv","27":"tag-novilladas-algemesi","28":"tag-pasa","29":"tag-planta","30":"tag-plaza-de-toros","31":"tag-sevilla","32":"tag-spain","33":"tag-sports","34":"tag-tauromaquia","35":"tag-toreo","36":"tag-toros","37":"tag-toros-algemesi-2025","38":"tag-toros-valencia"},"share_on_mastodon":{"url":"","error":""},"_links":{"self":[{"href":"https:\/\/www.europesays.com\/es\/wp-json\/wp\/v2\/posts\/156357","targetHints":{"allow":["GET"]}}],"collection":[{"href":"https:\/\/www.europesays.com\/es\/wp-json\/wp\/v2\/posts"}],"about":[{"href":"https:\/\/www.europesays.com\/es\/wp-json\/wp\/v2\/types\/post"}],"author":[{"embeddable":true,"href":"https:\/\/www.europesays.com\/es\/wp-json\/wp\/v2\/users\/2"}],"replies":[{"embeddable":true,"href":"https:\/\/www.europesays.com\/es\/wp-json\/wp\/v2\/comments?post=156357"}],"version-history":[{"count":0,"href":"https:\/\/www.europesays.com\/es\/wp-json\/wp\/v2\/posts\/156357\/revisions"}],"wp:featuredmedia":[{"embeddable":true,"href":"https:\/\/www.europesays.com\/es\/wp-json\/wp\/v2\/media\/156358"}],"wp:attachment":[{"href":"https:\/\/www.europesays.com\/es\/wp-json\/wp\/v2\/media?parent=156357"}],"wp:term":[{"taxonomy":"category","embeddable":true,"href":"https:\/\/www.europesays.com\/es\/wp-json\/wp\/v2\/categories?post=156357"},{"taxonomy":"post_tag","embeddable":true,"href":"https:\/\/www.europesays.com\/es\/wp-json\/wp\/v2\/tags?post=156357"}],"curies":[{"name":"wp","href":"https:\/\/api.w.org\/{rel}","templated":true}]}}