{"id":156363,"date":"2025-10-04T11:21:10","date_gmt":"2025-10-04T11:21:10","guid":{"rendered":"https:\/\/www.europesays.com\/es\/156363\/"},"modified":"2025-10-04T11:21:10","modified_gmt":"2025-10-04T11:21:10","slug":"el-selfi-de-aitana-y-el-rey-felipe-vi-que-majisimo","status":"publish","type":"post","link":"https:\/\/www.europesays.com\/es\/156363\/","title":{"rendered":"El selfi de Aitana y el rey Felipe VI: \u00ab\u00a1Qu\u00e9 maj\u00edsimo!\u00bb"},"content":{"rendered":"<p>\t\t\t \t\t \t\t\t\t\t\t\t <strong class=\"pd-l\">EUROPA PRESS  <\/strong><\/p>\n<p>\t\t\t\t\t\tLa cantante acudi\u00f3 a una entrega de premios en Barcelona donde coincidi\u00f3 con el monarca<br \/>\n\t\t\t\t\t\t\t\t\t\t\t\t<strong>30 sep 2025<\/strong> . Actualizado a las 14:19 h.\t\t\t\t\t\t<\/p>\n<p class=\"first-paragraph txt\">Tras un verano en el que la cantante<strong> <a href=\"https:\/\/www.lavozdegalicia.es\/temas\/aitana\" rel=\"nofollow noopener\" target=\"_blank\">Aitana<\/a><\/strong> pudo reunirse con los fans en su tierra con un multitudinario\u00a0concierto en el Estadi Ol\u00edmpic Llu\u00eds Companys de <a href=\"https:\/\/www.lavozdegalicia.es\/temas\/barcelona\" rel=\"nofollow noopener\" target=\"_blank\">Barcelona<\/a>, <strong>Aitana<\/strong> ha recibido un reconocimiento muy especial para ella en los Premios Vanguardia 2025 que tuvieron lugar el pasado lunes en el Palau de Congresos\u00a0de Catalunya.<\/p>\n<p class=\"txt\">Presididos por el <strong>rey <a href=\"https:\/\/www.lavozdegalicia.es\/temas\/felipe-vi\" rel=\"nofollow noopener\" target=\"_blank\">Felipe VI<\/a><\/strong>, <strong>Aitana<\/strong> recibi\u00f3 el Premio Cultura por su dilatada y exitosa carrera profesional en el mundo de la <a href=\"https:\/\/www.lavozdegalicia.es\/temas\/musica\" rel=\"nofollow noopener\" target=\"_blank\">m\u00fasica<\/a> donde no para de crecer. Apostando por la discreci\u00f3n y la sencillez con un mini vestido en color negro que combin\u00f3 con medias y estiletos en el mismo tono, la cantante se convirti\u00f3 en una de las protagonistas de la noche por una divertida y natural fotograf\u00eda junto al monarca.<\/p>\n<blockquote class=\"instagram-media\" data-instgrm-captioned=\"\" data-instgrm-permalink=\"https:\/\/www.instagram.com\/p\/DPMxRiIDH7_\/?utm_source=ig_embed&amp;utm_campaign=loading\" data-instgrm-version=\"14\" style=\" background:#FFF; border:0; border-radius:3px; box-shadow:0 0 1px 0 rgba(0,0,0,0.5),0 1px 10px 0 rgba(0,0,0,0.15); margin: 1px; max-width:658px; min-width:326px; padding:0; width:99.375%; width:-webkit-calc(100% - 2px); width:calc(100% - 2px);\"\/>\n<p class=\"txt\">Orgullosa y muy agradecida por el reconocimiento, Aitana comparti\u00f3 algunas instant\u00e1neas de la noche en sus redes sociales sin olvidarse del divertido selfi\u00a0que pudo hacerse junto al <strong>rey Felipe VI<\/strong> al que tambi\u00e9n le dedic\u00f3 unas palabras en su publicaci\u00f3n. \u00ab\u00a1\u00a1Por cierto he conocido al rey por primera vez!! \u00a1\u00a1Qu\u00e9 maj\u00edsimo!!\u00bb, compart\u00eda la joven. Por su parte, tambi\u00e9n la <a href=\"https:\/\/www.lavozdegalicia.es\/temas\/casa-real\" rel=\"nofollow noopener\" target=\"_blank\">Casa Real<\/a> publicaba la misma fotograf\u00eda en su cuenta oficial de <a href=\"https:\/\/www.lavozdegalicia.es\/temas\/instagram\" rel=\"nofollow noopener\" target=\"_blank\">Instagram<\/a> como muestra de la cercan\u00eda y la simpat\u00eda del monarca durante la gala con los premiados.<\/p>\n<p>&#13;<br \/>\n\tArchivado en:&#13;<br \/>\n\t\t\t\t\t<a href=\"https:\/\/www.lavozdegalicia.es\/temas\/aitana\/\" target=\"_blank\" class=\"mg-l\" rel=\"nofollow noopener\">Aitana<\/a>&#13;<br \/>\n\t\t\t\t\t<a href=\"https:\/\/www.lavozdegalicia.es\/temas\/felipe-vi\/\" target=\"_blank\" class=\"mg-l\" rel=\"nofollow noopener\">Felipe VI<\/a>&#13;<br \/>\n\t&#13;<\/p>\n<p>\t\t\t\t<script async src=\"\/\/www.instagram.com\/embed.js\"><\/script><\/p>\n","protected":false},"excerpt":{"rendered":"EUROPA PRESS La cantante acudi\u00f3 a una entrega de premios en Barcelona donde coincidi\u00f3 con el monarca 30&hellip;\n","protected":false},"author":2,"featured_media":156364,"comment_status":"","ping_status":"","sticky":false,"template":"","format":"standard","meta":{"footnotes":""},"categories":[174],"tags":[3519,255,146,147,25,24,256,11439,23],"class_list":{"0":"post-156363","1":"post","2":"type-post","3":"status-publish","4":"format-standard","5":"has-post-thumbnail","7":"category-famosos","8":"tag-aitana","9":"tag-celebrities","10":"tag-entertainment","11":"tag-entretenimiento","12":"tag-es","13":"tag-espana","14":"tag-famosos","15":"tag-felipe-vi","16":"tag-spain"},"share_on_mastodon":{"url":"","error":""},"_links":{"self":[{"href":"https:\/\/www.europesays.com\/es\/wp-json\/wp\/v2\/posts\/156363","targetHints":{"allow":["GET"]}}],"collection":[{"href":"https:\/\/www.europesays.com\/es\/wp-json\/wp\/v2\/posts"}],"about":[{"href":"https:\/\/www.europesays.com\/es\/wp-json\/wp\/v2\/types\/post"}],"author":[{"embeddable":true,"href":"https:\/\/www.europesays.com\/es\/wp-json\/wp\/v2\/users\/2"}],"replies":[{"embeddable":true,"href":"https:\/\/www.europesays.com\/es\/wp-json\/wp\/v2\/comments?post=156363"}],"version-history":[{"count":0,"href":"https:\/\/www.europesays.com\/es\/wp-json\/wp\/v2\/posts\/156363\/revisions"}],"wp:featuredmedia":[{"embeddable":true,"href":"https:\/\/www.europesays.com\/es\/wp-json\/wp\/v2\/media\/156364"}],"wp:attachment":[{"href":"https:\/\/www.europesays.com\/es\/wp-json\/wp\/v2\/media?parent=156363"}],"wp:term":[{"taxonomy":"category","embeddable":true,"href":"https:\/\/www.europesays.com\/es\/wp-json\/wp\/v2\/categories?post=156363"},{"taxonomy":"post_tag","embeddable":true,"href":"https:\/\/www.europesays.com\/es\/wp-json\/wp\/v2\/tags?post=156363"}],"curies":[{"name":"wp","href":"https:\/\/api.w.org\/{rel}","templated":true}]}}