{"id":156371,"date":"2025-10-04T11:28:07","date_gmt":"2025-10-04T11:28:07","guid":{"rendered":"https:\/\/www.europesays.com\/es\/156371\/"},"modified":"2025-10-04T11:28:07","modified_gmt":"2025-10-04T11:28:07","slug":"fechas-grupos-prioritarios-y-centros-disponibles","status":"publish","type":"post","link":"https:\/\/www.europesays.com\/es\/156371\/","title":{"rendered":"fechas, grupos prioritarios y centros disponibles"},"content":{"rendered":"<p data-start=\"300\" data-end=\"710\">La <strong data-start=\"337\" data-end=\"360\">Comunidad de Madrid<\/strong> pondr\u00e1 en marcha el pr\u00f3ximo <strong data-start=\"389\" data-end=\"406\">15 de octubre<\/strong> la <strong data-start=\"410\" data-end=\"461\">campa\u00f1a de vacunaci\u00f3n contra la gripe 2025-2026<\/strong>, que se prolongar\u00e1 hasta el <strong data-start=\"490\" data-end=\"513\">31 de enero de 2026<\/strong>. Durante las dos primeras semanas, la inmunizaci\u00f3n se centrar\u00e1 en los grupos m\u00e1s vulnerables: <strong data-start=\"608\" data-end=\"637\">personas de 60 a\u00f1os o m\u00e1s<\/strong>, <strong data-start=\"639\" data-end=\"664\">ni\u00f1os de 6 a 59 meses<\/strong>, y <strong data-start=\"668\" data-end=\"707\">personal sanitario y sociosanitario<\/strong>.<\/p>\n<p data-start=\"712\" data-end=\"1092\">Esta campa\u00f1a se desarrollar\u00e1 <strong data-start=\"741\" data-end=\"801\">de forma simult\u00e1nea a la vacunaci\u00f3n frente a la Covid-19<\/strong>, con dosis adaptadas a las nuevas variantes del virus. A partir del <strong data-start=\"870\" data-end=\"887\">27 de octubre<\/strong>, la inmunizaci\u00f3n se ampliar\u00e1 al <strong data-start=\"920\" data-end=\"945\">resto de grupos diana<\/strong>, como <strong data-start=\"952\" data-end=\"967\">embarazadas<\/strong> y <strong data-start=\"970\" data-end=\"1020\">personas de 5 a 60 a\u00f1os con factores de riesgo<\/strong>, antes de extenderse al conjunto de la poblaci\u00f3n que desee vacunarse.<\/p>\n<p data-start=\"1094\" data-end=\"1435\">El <strong data-start=\"1097\" data-end=\"1131\">objetivo del Gobierno regional<\/strong> es <strong data-start=\"1135\" data-end=\"1211\">superar una cobertura del 75% en mayores de 60 a\u00f1os y personal sanitario<\/strong>, y del <strong data-start=\"1219\" data-end=\"1285\">60% en embarazadas, ni\u00f1os y personas con condiciones de riesgo<\/strong>. Para ello, la <strong data-start=\"1301\" data-end=\"1339\">Direcci\u00f3n General de Salud P\u00fablica<\/strong> ha adquirido <strong data-start=\"1353\" data-end=\"1393\">1.680.000 dosis de vacuna antigripal<\/strong>, 55.000 m\u00e1s que en la campa\u00f1a anterior.<\/p>\n<p data-start=\"1437\" data-end=\"1727\">La vacunaci\u00f3n se llevar\u00e1 a cabo en <strong data-start=\"1472\" data-end=\"1494\">m\u00e1s de 800 centros<\/strong>, entre los que se incluyen <strong data-start=\"1522\" data-end=\"1627\">centros de salud del Sermas, hospitales p\u00fablicos y privados, Centros Municipales de Salud Comunitaria<\/strong>, as\u00ed como <strong data-start=\"1638\" data-end=\"1724\">residencias de mayores, instituciones penitenciarias y centros m\u00e9dicos acreditados<\/strong>.<\/p>\n<p data-start=\"1729\" data-end=\"2113\">Seg\u00fan los estudios de la Comunidad, la vacuna contra la gripe <strong data-start=\"1791\" data-end=\"1871\">reduce hasta un 80% las hospitalizaciones por neumon\u00eda en mayores de 65 a\u00f1os<\/strong>, <strong data-start=\"1873\" data-end=\"1940\">un 22% la mortalidad en mayores de 75 con enfermedades cr\u00f3nicas<\/strong> y <strong data-start=\"1943\" data-end=\"1982\">hasta un 75% los casos ambulatorios<\/strong>. En la \u00faltima campa\u00f1a, su <strong data-start=\"2009\" data-end=\"2067\">efectividad global fue del 54,37% en Atenci\u00f3n Primaria<\/strong> y del <strong data-start=\"2074\" data-end=\"2110\">34,19% en ingresos hospitalarios<\/strong>.<\/p>\n<p data-start=\"2115\" data-end=\"2396\">En los <strong data-start=\"2122\" data-end=\"2152\">ni\u00f1os menores de seis a\u00f1os<\/strong>, la vacuna demostr\u00f3 una efectividad del <strong data-start=\"2193\" data-end=\"2220\">31,30% para casos leves<\/strong> y del <strong data-start=\"2227\" data-end=\"2260\">72,80% para hospitalizaciones<\/strong>, recordando las autoridades sanitarias que la <strong data-start=\"2307\" data-end=\"2393\">incidencia de la gripe infantil es hasta cuatro veces superior a la de los adultos<\/strong>.<\/p>\n","protected":false},"excerpt":{"rendered":"La Comunidad de Madrid pondr\u00e1 en marcha el pr\u00f3ximo 15 de octubre la campa\u00f1a de vacunaci\u00f3n contra la&hellip;\n","protected":false},"author":2,"featured_media":156372,"comment_status":"","ping_status":"","sticky":false,"template":"","format":"standard","meta":{"footnotes":""},"categories":[92],"tags":[25,24,7749,165,205,446,2932,166,16587,23,7589],"class_list":{"0":"post-156371","1":"post","2":"type-post","3":"status-publish","4":"format-standard","5":"has-post-thumbnail","7":"category-salud","8":"tag-es","9":"tag-espana","10":"tag-gripe","11":"tag-health","12":"tag-madrid","13":"tag-mayores","14":"tag-ninos","15":"tag-salud","16":"tag-sanitarios","17":"tag-spain","18":"tag-vacunacion"},"share_on_mastodon":{"url":"","error":""},"_links":{"self":[{"href":"https:\/\/www.europesays.com\/es\/wp-json\/wp\/v2\/posts\/156371","targetHints":{"allow":["GET"]}}],"collection":[{"href":"https:\/\/www.europesays.com\/es\/wp-json\/wp\/v2\/posts"}],"about":[{"href":"https:\/\/www.europesays.com\/es\/wp-json\/wp\/v2\/types\/post"}],"author":[{"embeddable":true,"href":"https:\/\/www.europesays.com\/es\/wp-json\/wp\/v2\/users\/2"}],"replies":[{"embeddable":true,"href":"https:\/\/www.europesays.com\/es\/wp-json\/wp\/v2\/comments?post=156371"}],"version-history":[{"count":0,"href":"https:\/\/www.europesays.com\/es\/wp-json\/wp\/v2\/posts\/156371\/revisions"}],"wp:featuredmedia":[{"embeddable":true,"href":"https:\/\/www.europesays.com\/es\/wp-json\/wp\/v2\/media\/156372"}],"wp:attachment":[{"href":"https:\/\/www.europesays.com\/es\/wp-json\/wp\/v2\/media?parent=156371"}],"wp:term":[{"taxonomy":"category","embeddable":true,"href":"https:\/\/www.europesays.com\/es\/wp-json\/wp\/v2\/categories?post=156371"},{"taxonomy":"post_tag","embeddable":true,"href":"https:\/\/www.europesays.com\/es\/wp-json\/wp\/v2\/tags?post=156371"}],"curies":[{"name":"wp","href":"https:\/\/api.w.org\/{rel}","templated":true}]}}