{"id":156373,"date":"2025-10-04T11:29:07","date_gmt":"2025-10-04T11:29:07","guid":{"rendered":"https:\/\/www.europesays.com\/es\/156373\/"},"modified":"2025-10-04T11:29:07","modified_gmt":"2025-10-04T11:29:07","slug":"invitados-vestidos-ausencias-y-ultima-hora-de-la-celebracion-desde-sevilla-hoy","status":"publish","type":"post","link":"https:\/\/www.europesays.com\/es\/156373\/","title":{"rendered":"invitados, vestidos, ausencias y \u00faltima hora de la celebraci\u00f3n desde Sevilla hoy"},"content":{"rendered":"<p style=\"\">La capital hispalense acoge este s\u00e1bado <strong>4 de octubre<\/strong> uno de los acontecimientos sociales m\u00e1s esperados del a\u00f1o: la boda de Cayetano Mart\u00ednez de Irujo y B\u00e1rbara Mirjan. La ceremonia religiosa tendr\u00e1 lugar a las <strong>13:30 horas en la Iglesia de los Gitanos<\/strong>, un templo cargado de simbolismo para la Casa de Alba.<\/p>\n<p style=\"\">En ABC de Sevilla podr\u00e1s seguir en directo <strong>todo lo que ocurra<\/strong> en torno al enlace: la llegada de los invitados, los vestidos m\u00e1s destacados, los detalles de la ceremonia, as\u00ed como las ausencias y la \u00faltima hora de la celebraci\u00f3n. Un seguimiento minuto a minuto para no perderse nada de este d\u00eda hist\u00f3rico.<\/p>\n<p>13:27<\/p>\n<p>Curro Romero y Carmen Tello llegan a la Iglesia de los Gitanos<\/p>\n<p class=\"voc-p\">El &#8216;Fara\u00f3n de Camas&#8217; tan solo asistir\u00e1 a la misa por su estado de salud. En cambio, su mujer, Carmen Tello, s\u00ed se trasladar\u00e1 hasta la Finca de las Arroyuelas para disfrutar de la celebraci\u00f3n.<\/p>\n<p>13:23<\/p>\n<p>La boda de Cayetano Mart\u00ednez de Irujo se retrasa unos minutos<\/p>\n<p class=\"voc-p\">La Iglesia de Los Gitanos se encuentra celebrando otra boda, por lo que la del IV duque de Arjona se retrasar\u00e1 unos minutos. Estaba previsto que comenzase a las 13:30 horas, en este s\u00e1bado 4 de octubre.<\/p>\n<p>13:17<\/p>\n<p>Hubertus von Hohenlohe ya est\u00e1 en la iglesia<\/p>\n<p class=\"voc-p\">Hubertus von Hohenlohe, hijo del pr\u00edncipe Alfonso de Hohenlohe, ya est\u00e1 en los alrededores del santuario de Los Gitanos de Sevilla, junto a su mujer Simona Gandolfi.<\/p>\n<p>13:11<\/p>\n<p>El Dr. Francisco Trujillo Madro\u00f1al llega a la Iglesia de Los Gitanos<\/p>\n<p class=\"voc-p\">El conocido neurocirujano y neur\u00f3logo de Sevilla acaba de llegar acompa\u00f1ado de su mujer.<\/p>\n<p>13:07<\/p>\n<p>La Duquesa de Alba y el santuario de los Gitanos<\/p>\n<p class=\"voc-p\">El edificio, que fue levantado entre 1873 y 1877, vino a sustituir la primitiva iglesia, que databa del siglo XV. Tras varios a\u00f1os de abandono, la Hermandad de los Gitanos estableci\u00f3 aqu\u00ed su sede en 1999 gracias a unas obras que fueron sufragadas, en gran parte, por <strong>Cayetana Fitz-James Stuart<\/strong>, la Duquesa de Alba.<\/p>\n<p class=\"voc-p\">Cabe destacar que la madre de Cayetano Mart\u00ednez de Irujo fue una gran devota y benefactora de la Hermandad de los Gitanos. Adem\u00e1s, la iglesia donde se celebrar\u00e1 la boda entre el hijo de la Duquesa de Alba y B\u00e1rbara Mirjan es tambi\u00e9n <strong>lugar de descanso de los restos de la arist\u00f3crata<\/strong>.<\/p>\n<p>12:48<\/p>\n<p>Alfonso Mart\u00ednez de Irujo, el primero en llegar<\/p>\n<p class=\"voc-p\">El hermano de Cayetano Mart\u00ednez de Irujo ha sido el primer invitado en llegar a la Iglesia de Los Gitanos. Sin embargo, se ha confirmado que no asistir\u00e1 al banquete en la Finca de las Arroyuelas.<\/p>\n<p>12:31<\/p>\n<p>La curiosa lista de bodas de Cayetano Mart\u00ednez de Irujo <\/p>\n<p class=\"voc-p\">Los novios que adem\u00e1s del cl\u00e1sico tarjet\u00f3n han enviado invitaciones virtuales incluyen en ella la lista de boda, en la que hay regalos para todos los bolsillos. Desde <strong>manteles o servilletas por 150 euros<\/strong>, una c\u00f3moda del siglo XVIII o lo mas caro, <strong>un armario de 28.000 euros<\/strong>. Y tambi\u00e9n aceptan aportaciones para la luna de miel, cuyo destino sigue siendo una inc\u00f3gnita.<\/p>\n<p>12:26<\/p>\n<p>El recuerdo de la Duquesa de Alba<\/p>\n<p class=\"voc-p\">El d\u00eda de hoy no puede entenderse sin la figura de <strong>Cayetana de Alba<\/strong>, madre del novio, cuyo recuerdo sigue siendo imborrable para la familia. Cayetano siempre se ha referido a s\u00ed mismo como <strong>su \u201chijo favorito\u201d<\/strong> y no ha ocultado la influencia que tuvo en su vida. Su presencia espiritual ser\u00e1 uno de los hilos invisibles que unan la ceremonia de hoy.<\/p>\n<p>12:20<\/p>\n<p>As\u00ed ir\u00e1n vestidos Cayetano Mart\u00ednez de Irujo y B\u00e1rbara Mirjan en su boda<\/p>\n<p class=\"voc-p\">El traje de novia es el secreto mejor guardado de esta boda. Se sabe que ha sido dise\u00f1ado por                                             <a href=\"https:\/\/sevilla.abc.es\/estilo\/bulevarsur\/noticias\/moda\/disenadora-vestido-novia-barbara-mirjan-cayetano-martinez-irujo\/\" data-voc-vtm-id=\"in-text-traffic\" target=\"_blank\" rel=\"nofollow noopener\"><br \/>\nla firma <strong>Navascu\u00e9s<\/strong><\/a>, bajo la direcci\u00f3n de <strong>Cristina Mart\u00ednez-Pardo Cobi\u00e1n<\/strong>, conocida por sus creaciones cl\u00e1sicas, sobrias y llenas de detalles artesanales. Todo apunta a que B\u00e1rbara optar\u00e1 por un dise\u00f1o atemporal, elegante y con gui\u00f1os tradicionales, aunque no se conocer\u00e1 hasta su llegada a la iglesia.<\/p>\n<p class=\"voc-p\">En cuanto a Cayetano, se espera que luzca de nuevo el <strong>uniforme rojo de maestrante,<\/strong> el mismo que llev\u00f3 en su primera boda en Las Due\u00f1as. Ser\u00e1 un gui\u00f1o a la tradici\u00f3n familiar y tambi\u00e9n a su condici\u00f3n de caballero maestrante de la Real Maestranza de Caballer\u00eda de Sevilla.<\/p>\n<p>12:16<\/p>\n<p>La Finca de las Arroyuelas: el sitio de celebraci\u00f3n<\/p>\n<p class=\"voc-p\">Tras la ceremonia religiosa, los invitados pondr\u00e1n rumbo a Las Arroyuelas, la finca que Cayetano hered\u00f3 de su madre y en la que vive habitualmente. <\/p>\n<p class=\"voc-p\">Con <strong>1.500 hect\u00e1reas<\/strong> de extensi\u00f3n y un <strong>cortijo del siglo XVI<\/strong> totalmente reformado, se trata de un lugar emblem\u00e1tico que el propio novio defini\u00f3 en ABC como \u201cel buque insignia del patrimonio agr\u00edcola de la familia en Sevilla\u201d. All\u00ed se celebrar\u00e1 el banquete y la fiesta posterior.<\/p>\n<p>12:10<\/p>\n<p>Las grandes ausencias de la boda de Cayetano Mart\u00ednez de Irujo<\/p>\n<p class=\"voc-p\">No todos los hermanos del novio estar\u00e1n en esta cita tan especial. <strong>Jacobo Mart\u00ednez de Irujo<\/strong> ha confirmado su ausencia con una carta en la que pide disculpas, mientras que <strong>Alfonso<\/strong> ha comunicado que solo acudir\u00e1 a la misa pero no participar\u00e1 en la celebraci\u00f3n posterior. Esta circunstancia a\u00f1ade un matiz m\u00e1s a las siempre complejas relaciones dentro de la familia Alba.<\/p>\n<p>12:07<\/p>\n<p>Qui\u00e9n es B\u00e1rbara Mirjan<\/p>\n<p class=\"voc-p\">Todos los focos apuntan hoy a B\u00e1rbara Mirjan, una joven de <strong>29 a\u00f1os<\/strong> que se convertir\u00e1 en la nueva duquesa de Arjona. <strong>Hija \u00fanica del empresario liban\u00e9s<\/strong> Javier Mirj\u00e1n y de Lourdes Aliende, estudi\u00f3 en Londres, habla varios idiomas y hasta hace unos meses trabajaba como organizadora de eventos.<\/p>\n<p>12:03<\/p>\n<p>La historia de amor entre Cayetano y B\u00e1rbara<\/p>\n<p class=\"voc-p\">B\u00e1rbara y Cayetano se conocieron <strong>hace nueve a\u00f1os en una fiesta en Marbella<\/strong>. Desde entonces, la pareja no ha dejado de crecer y de mostrarse en p\u00fablico con naturalidad, tanto en la Feria de Abril como en la plaza de toros de la Maestranza o en actos sociales de toda \u00edndole. <\/p>\n<p class=\"voc-p\">Pese a la <strong>diferencia de edad<\/strong> \u2014\u00e9l tiene 62 a\u00f1os y ella 29\u2014, han formado una relaci\u00f3n s\u00f3lida que culmina hoy con el paso por el altar.<\/p>\n<p>12:02<\/p>\n<p>La Iglesia de Los Gitanos ser\u00e1 protagonista<\/p>\n<p class=\"voc-p\">La misa se celebra en la iglesia de los Gitanos, un lugar con un <strong>profundo v\u00ednculo para la Casa de Alba<\/strong>. No es un templo cualquiera: all\u00ed reposan las                                             <a href=\"https:\/\/www.abc.es\/estilo\/gente\/20141120\/abci-duquesa-alba-muere-directo-201411201022.html\" data-voc-vtm-id=\"in-text-traffic\" target=\"_blank\" rel=\"nofollow noopener\"><br \/>\ncenizas de Cayetana de Alba<\/a>, madre del novio, que falleci\u00f3 en 2014 y cuyo recuerdo estar\u00e1 muy presente en el enlace. Adem\u00e1s, el Santuario se encuentra a pocos metros del palacio de Las Due\u00f1as, una de las residencias favoritas de la recordada duquesa.<\/p>\n<p>12:00<\/p>\n<p>Bienvenidos al directo de la boda de Cayetano Mart\u00ednez de Irujo y B\u00e1rbara Mirjan<\/p>\n<p class=\"voc-p\">\u00a1Buenas tardes! <\/p>\n<p class=\"voc-p\">Comenzamos la retransmisi\u00f3n en directo de la boda de Cayetano Mart\u00ednez de Irujo y B\u00e1rbara Mirjan. Desde el <strong>Santuario de los Gitanos<\/strong>, en pleno centro de Sevilla, iremos contando todos los detalles de una celebraci\u00f3n que promete ser uno de los grandes eventos sociales del a\u00f1o.<\/p>\n","protected":false},"excerpt":{"rendered":"La capital hispalense acoge este s\u00e1bado 4 de octubre uno de los acontecimientos sociales m\u00e1s esperados del a\u00f1o:&hellip;\n","protected":false},"author":2,"featured_media":156374,"comment_status":"","ping_status":"","sticky":false,"template":"","format":"standard","meta":{"footnotes":""},"categories":[91],"tags":[7521,38503,3158,4812,11231,2125,146,147,25,24,1458,315,3551,36166,825,45927,1171,23,1885,5732],"class_list":{"0":"post-156373","1":"post","2":"type-post","3":"status-publish","4":"format-standard","5":"has-post-thumbnail","7":"category-entretenimiento","8":"tag-ausencias","9":"tag-barbara","10":"tag-boda","11":"tag-cayetano","12":"tag-celebracion","13":"tag-directo","14":"tag-entertainment","15":"tag-entretenimiento","16":"tag-es","17":"tag-espana","18":"tag-hora","19":"tag-hoy","20":"tag-invitados","21":"tag-irujo","22":"tag-martinez","23":"tag-mirjan","24":"tag-sevilla","25":"tag-spain","26":"tag-ultima","27":"tag-vestidos"},"share_on_mastodon":{"url":"","error":""},"_links":{"self":[{"href":"https:\/\/www.europesays.com\/es\/wp-json\/wp\/v2\/posts\/156373","targetHints":{"allow":["GET"]}}],"collection":[{"href":"https:\/\/www.europesays.com\/es\/wp-json\/wp\/v2\/posts"}],"about":[{"href":"https:\/\/www.europesays.com\/es\/wp-json\/wp\/v2\/types\/post"}],"author":[{"embeddable":true,"href":"https:\/\/www.europesays.com\/es\/wp-json\/wp\/v2\/users\/2"}],"replies":[{"embeddable":true,"href":"https:\/\/www.europesays.com\/es\/wp-json\/wp\/v2\/comments?post=156373"}],"version-history":[{"count":0,"href":"https:\/\/www.europesays.com\/es\/wp-json\/wp\/v2\/posts\/156373\/revisions"}],"wp:featuredmedia":[{"embeddable":true,"href":"https:\/\/www.europesays.com\/es\/wp-json\/wp\/v2\/media\/156374"}],"wp:attachment":[{"href":"https:\/\/www.europesays.com\/es\/wp-json\/wp\/v2\/media?parent=156373"}],"wp:term":[{"taxonomy":"category","embeddable":true,"href":"https:\/\/www.europesays.com\/es\/wp-json\/wp\/v2\/categories?post=156373"},{"taxonomy":"post_tag","embeddable":true,"href":"https:\/\/www.europesays.com\/es\/wp-json\/wp\/v2\/tags?post=156373"}],"curies":[{"name":"wp","href":"https:\/\/api.w.org\/{rel}","templated":true}]}}