{"id":156379,"date":"2025-10-04T11:32:07","date_gmt":"2025-10-04T11:32:07","guid":{"rendered":"https:\/\/www.europesays.com\/es\/156379\/"},"modified":"2025-10-04T11:32:07","modified_gmt":"2025-10-04T11:32:07","slug":"takaichi-llamada-a-liderar-japon-tras-ganar-las-primarias","status":"publish","type":"post","link":"https:\/\/www.europesays.com\/es\/156379\/","title":{"rendered":"Takaichi, llamada a liderar Jap\u00f3n tras ganar las primarias"},"content":{"rendered":"<p>La exministra de Interior japonesa, <strong>Sanae Takaichi,<\/strong> se ha alzado este s\u00e1bado con la victoria en las primarias del gobernante Partido Liberal Democr\u00e1tico (PLD) de Jap\u00f3n, convirti\u00e9ndose en la primera mujer en liderar el partido y probablemente el pa\u00eds, a falta de confirmaci\u00f3n parlamentaria.<\/p>\n<p>Takaichi, de 64 a\u00f1os, sucede a <a href=\"https:\/\/www.rtve.es\/noticias\/20250907\/dimite-primer-ministro-japones-partido-criticas\/16719713.shtml\" rel=\"nofollow noopener\" target=\"_blank\">Shigeru Ishiba, que dimiti\u00f3<\/a> por la debilidad del Gobierno y que hab\u00eda sido elegido jefe del Gobierno en octubre de 2024 tras derrotarla en las elecciones a la presidencia del PLD. <\/p>\n<p>El s\u00e1bado, en la segunda vuelta de estas elecciones, en las que solo votaron los diputados y miembros del PLD, Sanae Takaichi se impuso al ministro de Agricultura y medi\u00e1tico Shinjiro Koizumi, de 44 a\u00f1os, con 185 votos de los 342 en juego. Su rival, que tambi\u00e9n buscaba hacer historia como el l\u00edder pol\u00edtico m\u00e1s joven del Jap\u00f3n de posguerra, ha obtenido 156 apoyos. <\/p>\n<p>Unas primarias re\u00f1idas<\/p>\n<p>Sanae y Koizumi han llegado a la segunda vuelta de los comicios internos despu\u00e9s de que en la primera, tambi\u00e9n este s\u00e1bado, ninguno de los cinco candidatos lograra una mayor\u00eda de votos<\/p>\n<p><strong>Takaichi tendr\u00e1 que asegurarse ahora la cooperaci\u00f3n de la oposici\u00f3n <\/strong>para ser confirmada como primera ministra en una votaci\u00f3n posterior en el Parlamento, que se espera sea el d\u00eda 14 de octubre, dado que el PLD y su socio de gobierno, Komeito, han perdido la mayor\u00eda en ambas c\u00e1maras.<\/p>\n<p>Se prev\u00e9, no obstante, que no haya trabas para dicha confirmaci\u00f3n, al no haber consenso entre la oposici\u00f3n para presentar otros nombres.<\/p>\n","protected":false},"excerpt":{"rendered":"La exministra de Interior japonesa, Sanae Takaichi, se ha alzado este s\u00e1bado con la victoria en las primarias&hellip;\n","protected":false},"author":2,"featured_media":156380,"comment_status":"","ping_status":"","sticky":false,"template":"","format":"standard","meta":{"footnotes":""},"categories":[42],"tags":[17,18,13,14,11,61,62,63,64,19,20,9,10,15,16,12,21,22,65,66,67],"class_list":{"0":"post-156379","1":"post","2":"type-post","3":"status-publish","4":"format-standard","5":"has-post-thumbnail","7":"category-internacional","8":"tag-breaking-news","9":"tag-breakingnews","10":"tag-featured-news","11":"tag-featurednews","12":"tag-headlines","13":"tag-internacional","14":"tag-international","15":"tag-international-news","16":"tag-internationalnews","17":"tag-latest-news","18":"tag-latestnews","19":"tag-news","20":"tag-noticias","21":"tag-noticias-destacadas","22":"tag-noticiasdestacadas","23":"tag-titulares","24":"tag-ultimas-noticias","25":"tag-ultimasnoticias","26":"tag-world","27":"tag-world-news","28":"tag-worldnews"},"share_on_mastodon":{"url":"","error":""},"_links":{"self":[{"href":"https:\/\/www.europesays.com\/es\/wp-json\/wp\/v2\/posts\/156379","targetHints":{"allow":["GET"]}}],"collection":[{"href":"https:\/\/www.europesays.com\/es\/wp-json\/wp\/v2\/posts"}],"about":[{"href":"https:\/\/www.europesays.com\/es\/wp-json\/wp\/v2\/types\/post"}],"author":[{"embeddable":true,"href":"https:\/\/www.europesays.com\/es\/wp-json\/wp\/v2\/users\/2"}],"replies":[{"embeddable":true,"href":"https:\/\/www.europesays.com\/es\/wp-json\/wp\/v2\/comments?post=156379"}],"version-history":[{"count":0,"href":"https:\/\/www.europesays.com\/es\/wp-json\/wp\/v2\/posts\/156379\/revisions"}],"wp:featuredmedia":[{"embeddable":true,"href":"https:\/\/www.europesays.com\/es\/wp-json\/wp\/v2\/media\/156380"}],"wp:attachment":[{"href":"https:\/\/www.europesays.com\/es\/wp-json\/wp\/v2\/media?parent=156379"}],"wp:term":[{"taxonomy":"category","embeddable":true,"href":"https:\/\/www.europesays.com\/es\/wp-json\/wp\/v2\/categories?post=156379"},{"taxonomy":"post_tag","embeddable":true,"href":"https:\/\/www.europesays.com\/es\/wp-json\/wp\/v2\/tags?post=156379"}],"curies":[{"name":"wp","href":"https:\/\/api.w.org\/{rel}","templated":true}]}}