{"id":156383,"date":"2025-10-04T11:34:17","date_gmt":"2025-10-04T11:34:17","guid":{"rendered":"https:\/\/www.europesays.com\/es\/156383\/"},"modified":"2025-10-04T11:34:17","modified_gmt":"2025-10-04T11:34:17","slug":"me-gusta-que-haya-paz","status":"publish","type":"post","link":"https:\/\/www.europesays.com\/es\/156383\/","title":{"rendered":"Me gusta que haya paz"},"content":{"rendered":"<p>                        El presidente de la Federaci\u00f3n consider\u00f3 en la Ser que \u00abno hay que darle m\u00e1s bombo a este tipo de pol\u00e9micas\u00bb\n<\/p>\n<p><img src=\"https:\/\/www.mundodeportivo.com\/files\/image_449_220\/files\/fp\/uploads\/2025\/02\/25\/67be2c02edfca.r_d.1989-785-1810.jpeg\" data-full-src=\"https:\/\/www.europesays.com\/es\/wp-content\/uploads\/2025\/10\/67be2c02edfca.jpeg\" alt=\"Horizontal\" width=\"449\" height=\"220\" class=\"nolazy\" decoding=\"async\" fetchpriority=\"high\"\/><\/p>\n<p class=\"caption-title \">El presidente del FC Barcelona, Joan Laporta, saluda al presidente de la RFEF, Rafael Louz\u00e1n, en un partido de Copa<\/p>\n<p>Alejandro Garc\u00eda \/ EFE<\/p>\n<p>                <img loading=\"lazy\" decoding=\"async\" width=\"60\" height=\"60\" alt=\"Louz\u00e1n, conciliador con el FC Barcelona por el 'caso Lamine': &quot;Me gusta que haya paz&quot;\" title=\"\" src=\"\/files\/image_60_60\/uploads\/2022\/02\/28\/621c0b67d84a6.png\" class=\"lazy\"\/><\/p>\n<p>\n                        Actualizado a  04\/10\/2025 09:27 CEST\n                    <\/p>\n<p data-gtm-element-container=\"modulo-texto-link\" class=\"paragraph\"><strong>Rafael Louz\u00e1n<\/strong>, presidente de la Real Federaci\u00f3n Espa\u00f1ola de F\u00fatbol (RFEF), habl\u00f3 en la Cadena\u00a0 Ser con motivo de su presencia en la ceremonia de premios de la Asociaci\u00f3n del periodista <strong>Jos\u00e9 Ram\u00f3n de la Morena<\/strong> en aras de apoyar la inclusi\u00f3n y el altruismo en el deporte. No esquiv\u00f3 el &#8216;caso Lamine Yamal&#8217;.<\/p>\n<p data-gtm-element-container=\"modulo-texto-link\" class=\"paragraph\">\u00abEl Barcelona es un gran club y nosotros estamos coordinados con el club y no hay que darle m\u00e1s bombo a este tipo de pol\u00e9micas, s\u00f3lo la dimensi\u00f3n justa que tiene\u00bb, coment\u00f3 sobre el parte m\u00e9dico facilitado por el <strong>FC Barcelona <\/strong>y su posterior desconvocatoria de la selecci\u00f3n, donde se lesion\u00f3 en la anterior doble jornada internacional.<\/p>\n<p>    Lee tambi\u00e9n<\/p>\n<p data-gtm-element-container=\"modulo-texto-link\" class=\"paragraph\">\u00abSi hay ese parte m\u00e9dico, hay que valorarlo como merece. Lo importante es que somos n\u00famero uno del ranking mundial en f\u00fatbol masculino y femenino. <strong>Me gusta que haya buen ambiente y que haya paz<\/strong>. Quiero agradecer a todos los clubes que han facilitado la convocatoria de jugadores claves para los equipos\u00bb, finaliz\u00f3.<\/p>\n<p>\n        Mostrar comentarios\n    <\/p>\n<p>{\u00aballowComment\u00bb:\u00bballowed\u00bb,\u00bbarticleId\u00bb:\u00bbarticle-1002544466&#8243;,\u00bburl\u00bb:\u00bbhttps:\\\/\\\/www.mundodeportivo.com\\\/futbol\\\/fc-barcelona\\\/20251004\\\/1002544466\\\/louzan-conciliador-fc-barcelona-caso-lamine-me-gusta-haya-paz.html\u00bb,\u00bblivefyre-url\u00bb:\u00bbarticle-1002544466&#8243;}<\/p>\n<p>Cargando siguiente contenido&#8230;\n                <\/p>\n","protected":false},"excerpt":{"rendered":"El presidente de la Federaci\u00f3n consider\u00f3 en la Ser que \u00abno hay que darle m\u00e1s bombo a este&hellip;\n","protected":false},"author":2,"featured_media":156384,"comment_status":"","ping_status":"","sticky":false,"template":"","format":"standard","meta":{"footnotes":""},"categories":[5],"tags":[17,18,25,24,13,14,11,19,20,9,10,15,16,23,12,21,22],"class_list":{"0":"post-156383","1":"post","2":"type-post","3":"status-publish","4":"format-standard","5":"has-post-thumbnail","7":"category-titulares","8":"tag-breaking-news","9":"tag-breakingnews","10":"tag-es","11":"tag-espana","12":"tag-featured-news","13":"tag-featurednews","14":"tag-headlines","15":"tag-latest-news","16":"tag-latestnews","17":"tag-news","18":"tag-noticias","19":"tag-noticias-destacadas","20":"tag-noticiasdestacadas","21":"tag-spain","22":"tag-titulares","23":"tag-ultimas-noticias","24":"tag-ultimasnoticias"},"share_on_mastodon":{"url":"","error":""},"_links":{"self":[{"href":"https:\/\/www.europesays.com\/es\/wp-json\/wp\/v2\/posts\/156383","targetHints":{"allow":["GET"]}}],"collection":[{"href":"https:\/\/www.europesays.com\/es\/wp-json\/wp\/v2\/posts"}],"about":[{"href":"https:\/\/www.europesays.com\/es\/wp-json\/wp\/v2\/types\/post"}],"author":[{"embeddable":true,"href":"https:\/\/www.europesays.com\/es\/wp-json\/wp\/v2\/users\/2"}],"replies":[{"embeddable":true,"href":"https:\/\/www.europesays.com\/es\/wp-json\/wp\/v2\/comments?post=156383"}],"version-history":[{"count":0,"href":"https:\/\/www.europesays.com\/es\/wp-json\/wp\/v2\/posts\/156383\/revisions"}],"wp:featuredmedia":[{"embeddable":true,"href":"https:\/\/www.europesays.com\/es\/wp-json\/wp\/v2\/media\/156384"}],"wp:attachment":[{"href":"https:\/\/www.europesays.com\/es\/wp-json\/wp\/v2\/media?parent=156383"}],"wp:term":[{"taxonomy":"category","embeddable":true,"href":"https:\/\/www.europesays.com\/es\/wp-json\/wp\/v2\/categories?post=156383"},{"taxonomy":"post_tag","embeddable":true,"href":"https:\/\/www.europesays.com\/es\/wp-json\/wp\/v2\/tags?post=156383"}],"curies":[{"name":"wp","href":"https:\/\/api.w.org\/{rel}","templated":true}]}}