{"id":15639,"date":"2025-07-31T06:02:10","date_gmt":"2025-07-31T06:02:10","guid":{"rendered":"https:\/\/www.europesays.com\/es\/15639\/"},"modified":"2025-07-31T06:02:10","modified_gmt":"2025-07-31T06:02:10","slug":"la-seleccion-italiana-se-queda-sin-divincenzo-pero-encuentra-solucion","status":"publish","type":"post","link":"https:\/\/www.europesays.com\/es\/15639\/","title":{"rendered":"La selecci\u00f3n italiana se queda sin DiVincenzo&#8230;pero encuentra soluci\u00f3n"},"content":{"rendered":"<p class=\"ft-text\">Los jugadores nacionalizados pueden ser una soluci\u00f3n, pero tambi\u00e9n un dolor de cabeza. Es lo que le ha pasado a la selecci\u00f3n italiana, aunque <strong>ha podido encontrar una soluci\u00f3n<\/strong>. El jugador de los Minnesota Timberwolves -de la NBA- <strong>Donte DiVincenzo estaba listo para debutar con la &#8216;Azzurra&#8217; pero una lesi\u00f3n de \u00faltima hora ha lastrado sus retos estivales<\/strong>. No obstante, la Federaci\u00f3n Italiana ten\u00eda un gran plan B en la rec\u00e1mara. Se trata de <a href=\"https:\/\/www.sport.es\/es\/noticias\/baloncesto\/acabo-espera-darius-thompson-taronja-119822603\" class=\"ft-link ft-link--decoration\" rel=\"nofollow noopener\" target=\"_blank\"><strong>Darius Thompson<\/strong><\/a><a href=\"https:\/\/www.sport.es\/es\/noticias\/baloncesto\/acabo-espera-darius-thompson-taronja-119822603\" class=\"ft-link ft-link--decoration\" rel=\"nofollow noopener\" target=\"_blank\">, nuevo jugador del Valencia Basket y uno de los mejores bases de la Euroliga los \u00faltimos a\u00f1os<\/a>. Cambio simple: <strong>jugador nacionalizado por jugador nacionalizado<\/strong>.<\/p>\n<p class=\"ft-text\">Realmente es una gran ventaja tener a dos jugadores nacionalizados por si acaso. Ya lo hizo <strong>Espa\u00f1a con Nikola Mirotic y Serge Ibaka<\/strong> en su momento, o tambi\u00e9n <strong>Eslovenia lo hace ahora con Mike Tobey y Josh Nebo<\/strong>. La cuesti\u00f3n de los extranjeros nacionalizados ha tra\u00eddo mucha pol\u00e9mica, como en el <strong>caso Lorenzo Brown<\/strong>, pero no cabe duda que pueden dar un salto cualitativo muy importante en algunas ocasiones. En el caso de Italia, tras muchos a\u00f1os teniendo buenas participaciones pero <strong>sin llegar a cotas altas<\/strong>, han decidido apostar por dar <strong>un paso adelante<\/strong> a trav\u00e9s de un jugador estadounidense.<\/p>\n<p>Thompson y DiVincenzo, italianos de adopci\u00f3n<\/p>\n<p class=\"ft-text\">Primero fue Darius Thompson quien recibi\u00f3 la nacionalidad italiana. <strong>En su etapa en el Brindisi italiano conoci\u00f3 a su actual esposa<\/strong>, motivo por el cual ha conseguido el pasaporte. Este movimiento tuvo mucho que ver en su fichaje por el Valencia Basket, porque sino <strong>no se podr\u00eda haber dado ya que el conjunto taronja tendr\u00eda tres extracomunitarios<\/strong>.<\/p>\n<p><img decoding=\"async\" src=\"https:\/\/www.europesays.com\/es\/wp-content\/uploads\/2025\/07\/75ece2a8-7e89-4dc5-9f7b-4989a564272d_alta-libre-aspect-ratio_default_0.jpg\" width=\"1200\" height=\"1064\" alt=\"Darius Thompson es el quinto fichaje del Valencia Basket\" class=\"ft-helper-img-rd\" loading=\"lazy\" hasdataaida=\"true\"\/><\/p>\n<p class=\"ft-helper-fontColor-quaternary ft-helper-fontSize-body-S ft-helper-spacer-t-xxs\">Darius Thompson es el quinto fichaje del Valencia Basket  \/ Valencia Basket<\/p>\n<p class=\"ft-text\">Donte DiVincenzo, por su parte, obtuvo la nacionalidad italiana por m\u00e9ritos deportivos hace un par de semanas. Sin embargo, no estar\u00e1 en la concentraci\u00f3n de Folgaria con los Azzurri debido a <strong>una\u00a0lesi\u00f3n\u00a0cuyo tiempo de recuperaci\u00f3n le impide salir de Estados Unidos y llegar a Italia<\/strong>. Tal y como ha explicado el exjugador y actual coordinador de actividades, <strong>Gigi Datome<\/strong>, DiVincenzo sufre una lesi\u00f3n en el dedo gordo del pie. \u00abEnviamos nuestro programa de entrenamiento y el 21 de julio recibimos el visto bueno de los Minnesota Timberwolves. <strong>Donte estaba volviendo a entrenar para unirse a nosotros aqu\u00ed, pero entre el 21 y el 22 sinti\u00f3 una molestia en el dedo gordo del pie<\/strong>, un problema que le hizo perderse un mes de partidos en enero y febrero\u00bb, ha razonado. Pese a ello, el jugador ha confirmado <strong>su compromiso para los pr\u00f3ximos eventos (Mundial y Juegos Ol\u00edmpicos)<\/strong>, expresando su entusiasmo y el deseo de vestir la camiseta azul de la selecci\u00f3n nacional.<\/p>\n<p>Pozzecco: \u00abEstaba muy entusiasmado con esta aventura\u00bb<\/p>\n<p class=\"ft-text\">El seleccionador italiano, Gianmarco Pozzecco, ha lamentado mucho la ausencia de DiVincenzo: \u00ab<strong>Lamento lo ocurrido con Donte<\/strong>, y no solo con palabras. Gigi (Datome) puede confirmarlo; <strong>estaba muy entusiasmado con esta aventura. S\u00e9 que a los aficionados de la NBA les habr\u00eda gustado ver a DiVincenzo, mientras que los aficionados de la Euroliga pueden apoyar la candidatura de Darius Thompson<\/strong>, pero mi \u00fanica preocupaci\u00f3n es el momento que, cuando se trata de una lesi\u00f3n, es impredecible\u00bb. El exjugador ha continuado lamentando la desafortunada lesi\u00f3n, pero se ha mostrado contento por poder contar con Darius Thompson. \u00ab<strong>Estoy parcialmente contento, gracias a la gran organizaci\u00f3n que tengo detr\u00e1s, porque Darius Thompson ya est\u00e1 listo<\/strong>, y eso no es poca cosa. El momento no ayuda, pero obviamente las lesiones tampoco. <strong>Necesitamos construir una identidad<\/strong>\u00ab, ha dicho en la comparecencia de esta tarde.<\/p>\n<p class=\"ft-text\">Por otra parte, <strong>Gigi Datome<\/strong> ha expuesto c\u00f3mo ha recibido la noticia el combinado italiano. \u00ab<strong>Se lo dijimos a los jugadores esta ma\u00f1ana<\/strong> y, de forma muy directa, reiteraron que <strong>estaban contentos de tener a Donte, pero tambi\u00e9n que estaban encantados de estar en la selecci\u00f3n y contentos de esperar a Darius<\/strong>\u00ab, ha explicado, a\u00f1adiendo que \u00ab<strong>est\u00e1n viviendo la concentraci\u00f3n con gran entusiasmo, han reconocido lo sucedido y han vuelto al trabajo para los primeros partidos amistosos<\/strong>\u00ab.<\/p>\n","protected":false},"excerpt":{"rendered":"Los jugadores nacionalizados pueden ser una soluci\u00f3n, pero tambi\u00e9n un dolor de cabeza. Es lo que le ha&hellip;\n","protected":false},"author":2,"featured_media":15640,"comment_status":"","ping_status":"","sticky":false,"template":"","format":"standard","meta":{"footnotes":""},"categories":[269],"tags":[299,298,168,10343,25,24,301,628,23,167,9847],"class_list":{"0":"post-15639","1":"post","2":"type-post","3":"status-publish","4":"format-standard","5":"has-post-thumbnail","7":"category-baloncesto","8":"tag-baloncesto","9":"tag-basketball","10":"tag-deportes","11":"tag-divincenzo","12":"tag-es","13":"tag-espana","14":"tag-eurobasket","15":"tag-italia","16":"tag-spain","17":"tag-sports","18":"tag-thompson"},"share_on_mastodon":{"url":"","error":""},"_links":{"self":[{"href":"https:\/\/www.europesays.com\/es\/wp-json\/wp\/v2\/posts\/15639","targetHints":{"allow":["GET"]}}],"collection":[{"href":"https:\/\/www.europesays.com\/es\/wp-json\/wp\/v2\/posts"}],"about":[{"href":"https:\/\/www.europesays.com\/es\/wp-json\/wp\/v2\/types\/post"}],"author":[{"embeddable":true,"href":"https:\/\/www.europesays.com\/es\/wp-json\/wp\/v2\/users\/2"}],"replies":[{"embeddable":true,"href":"https:\/\/www.europesays.com\/es\/wp-json\/wp\/v2\/comments?post=15639"}],"version-history":[{"count":0,"href":"https:\/\/www.europesays.com\/es\/wp-json\/wp\/v2\/posts\/15639\/revisions"}],"wp:featuredmedia":[{"embeddable":true,"href":"https:\/\/www.europesays.com\/es\/wp-json\/wp\/v2\/media\/15640"}],"wp:attachment":[{"href":"https:\/\/www.europesays.com\/es\/wp-json\/wp\/v2\/media?parent=15639"}],"wp:term":[{"taxonomy":"category","embeddable":true,"href":"https:\/\/www.europesays.com\/es\/wp-json\/wp\/v2\/categories?post=15639"},{"taxonomy":"post_tag","embeddable":true,"href":"https:\/\/www.europesays.com\/es\/wp-json\/wp\/v2\/tags?post=15639"}],"curies":[{"name":"wp","href":"https:\/\/api.w.org\/{rel}","templated":true}]}}