{"id":156395,"date":"2025-10-04T11:45:07","date_gmt":"2025-10-04T11:45:07","guid":{"rendered":"https:\/\/www.europesays.com\/es\/156395\/"},"modified":"2025-10-04T11:45:07","modified_gmt":"2025-10-04T11:45:07","slug":"michaelina-wautier-la-maestra-del-barroco-que-la-historia-del-arte-ignoro-es-uno-de-los-redescubrimientos-mas-significativos-en-las-ultimas-decadas-el-mundo","status":"publish","type":"post","link":"https:\/\/www.europesays.com\/es\/156395\/","title":{"rendered":"Michaelina Wautier, la maestra del Barroco que la historia del arte ignor\u00f3: &quot;Es uno de los redescubrimientos m\u00e1s significativos en las \u00faltimas d\u00e9cadas&quot; &#8211; El Mundo"},"content":{"rendered":"<ol>\n<li><a href=\"https:\/\/news.google.com\/rss\/articles\/CBMie0FVX3lxTFBuVEIybkNwd2lGZnNsOUhZVGZOM25uakIybEVPT2hKM0MxMVpWWTl5ZWZBQVpYTmY2NVlPamR2WThkN1VRSVp6Y0N2dFBxSkhRVTNYdEI5NkhsOWlIZFNFeE9IUlpHS3FvWURJcHZsVjNtdmNPQ0VxNmY0UdIBe0FVX3lxTE1rYmVtb2pOcFo4OWpSblhSOG1rWnJzdG51Q0p5VWhzMHhsc0hhVVpUSWxhNTZzM3lSazdMbnptYlpsZDFIOUhsdEdKaTgyUTd2a1ZFYUoxVFN2aWpwRnFiNElmNEJPbTNHS0xkZFZUc1hsSnZKTTFoOTJOUQ?oc=5\" target=\"_blank\" rel=\"nofollow noopener\">Michaelina Wautier, la maestra del Barroco que la historia del arte ignor\u00f3: \u00abEs uno de los redescubrimientos m\u00e1s significativos en las \u00faltimas d\u00e9cadas\u00bb<\/a>&nbsp;&nbsp;El Mundo<\/li>\n<li><a href=\"https:\/\/news.google.com\/rss\/articles\/CBMiqwFBVV95cUxQSjd5aFNjUmdnVkUyckVSVEJ2bHMtbGllMTFvVVZ4Nm1ZSE52c0NKZWdXUUdJRXd5NDhxMzhoT2RsdzZnNWR1MGpISktTOW1JdlB6aVFmV0JjeldISml2N1hrcEdLcjBaRFBTSE8wN2RKNnNBOG1IcGwxZWtieHBITHZfYi02NGswMUJnUFpmYjJNSG9LNjQtbmZxdElXYWNvd25tOFB4NklaQ1k?oc=5\" target=\"_blank\" rel=\"nofollow noopener\">Exponen obras in\u00e9ditas de la pintora barroca Michaelina Wautier en Viena<\/a>&nbsp;&nbsp;ABC<\/li>\n<li><a href=\"https:\/\/news.google.com\/rss\/articles\/CBMifEFVX3lxTFBpSHpLOHBXTnlrVnRHd0xXZkhYbldVYmRMblM5TUJjNUl2SnBxbzZkcTBGdXpWQ3Fidk9rN0oxTkdEeWxZZEltNHc5c1AwZnNIOXJjQnFoaldfYWo0ZGFqVXBwMFRPTS0wUE0tV3lyZEVNSDhQNEU1THNhVlk?oc=5\" target=\"_blank\" rel=\"nofollow noopener\">Michaelina Wautier, la artista del barroco que sigue pintando preguntas<\/a>&nbsp;&nbsp;Revista Mercado<\/li>\n<\/ol>\n","protected":false},"excerpt":{"rendered":"Michaelina Wautier, la maestra del Barroco que la historia del arte ignor\u00f3: \u00abEs uno de los redescubrimientos m\u00e1s&hellip;\n","protected":false},"author":2,"featured_media":156396,"comment_status":"","ping_status":"","sticky":false,"template":"","format":"standard","meta":{"footnotes":""},"categories":[173],"tags":[229,233,231,230,209,232,234,146,147,25,24,23],"class_list":{"0":"post-156395","1":"post","2":"type-post","3":"status-publish","4":"format-standard","5":"has-post-thumbnail","7":"category-arte-y-diseno","8":"tag-arte","9":"tag-arte-y-diseno","10":"tag-arts","11":"tag-arts-and-design","12":"tag-cultura","13":"tag-design","14":"tag-diseno","15":"tag-entertainment","16":"tag-entretenimiento","17":"tag-es","18":"tag-espana","19":"tag-spain"},"share_on_mastodon":{"url":"","error":""},"_links":{"self":[{"href":"https:\/\/www.europesays.com\/es\/wp-json\/wp\/v2\/posts\/156395","targetHints":{"allow":["GET"]}}],"collection":[{"href":"https:\/\/www.europesays.com\/es\/wp-json\/wp\/v2\/posts"}],"about":[{"href":"https:\/\/www.europesays.com\/es\/wp-json\/wp\/v2\/types\/post"}],"author":[{"embeddable":true,"href":"https:\/\/www.europesays.com\/es\/wp-json\/wp\/v2\/users\/2"}],"replies":[{"embeddable":true,"href":"https:\/\/www.europesays.com\/es\/wp-json\/wp\/v2\/comments?post=156395"}],"version-history":[{"count":0,"href":"https:\/\/www.europesays.com\/es\/wp-json\/wp\/v2\/posts\/156395\/revisions"}],"wp:featuredmedia":[{"embeddable":true,"href":"https:\/\/www.europesays.com\/es\/wp-json\/wp\/v2\/media\/156396"}],"wp:attachment":[{"href":"https:\/\/www.europesays.com\/es\/wp-json\/wp\/v2\/media?parent=156395"}],"wp:term":[{"taxonomy":"category","embeddable":true,"href":"https:\/\/www.europesays.com\/es\/wp-json\/wp\/v2\/categories?post=156395"},{"taxonomy":"post_tag","embeddable":true,"href":"https:\/\/www.europesays.com\/es\/wp-json\/wp\/v2\/tags?post=156395"}],"curies":[{"name":"wp","href":"https:\/\/api.w.org\/{rel}","templated":true}]}}