{"id":156410,"date":"2025-10-04T11:55:09","date_gmt":"2025-10-04T11:55:09","guid":{"rendered":"https:\/\/www.europesays.com\/es\/156410\/"},"modified":"2025-10-04T11:55:09","modified_gmt":"2025-10-04T11:55:09","slug":"guardia-suiza-pontificia-tradicion-y-modernidad-en-el-nuevo-uniforme","status":"publish","type":"post","link":"https:\/\/www.europesays.com\/es\/156410\/","title":{"rendered":"Guardia Suiza Pontificia: tradici\u00f3n y modernidad en el nuevo uniforme"},"content":{"rendered":"<p>Este s\u00e1bado, 27 nuevas reclutas de la Guardia Suiza Pontificia prestar\u00e1n solemne juramento en el Patio de San D\u00e1maso del Palacio Apost\u00f3lico. El juramento, que los guardias pronuncian, est\u00e1 dirigido al Papa Le\u00f3n XIV y a sus leg\u00edtimos sucesores \u2013 \u00abincluso a costa de la propia vida\u00bb, seg\u00fan dicta la f\u00f3rmula tradicional. La ceremonia estar\u00e1 marcada por una novedad hist\u00f3rica: por primera vez en casi cincuenta a\u00f1os, el Cuerpo reintroduce un uniforme de \u201cMedia Gala\u201d.<\/p>\n<p style=\"text-align: justify;\">Mario Galgano \u2013 Ciudad del Vaticano<\/p>\n<p>El comandante de la Guardia Suiza Pontificia, Christoph Graf, explic\u00f3 el jueves 2 de octubre por la tarde, en una conferencia de prensa celebrada en la caserna del Cuerpo, que \u00abel nuevo uniforme de representaci\u00f3n est\u00e1 reservado exclusivamente a los nueve oficiales de m\u00e1s alto rango. Se inspira en el que fue introducido a inicios del siglo XIX y dej\u00f3 de usarse en 1976\u00bb. Desde entonces, solo se manten\u00edan el vistoso uniforme de parada y el de gran gala. \u00abFaltaba, sin embargo, un t\u00e9rmino medio\u00bb, subray\u00f3 Graf.<\/p>\n<p style=\"text-align: justify;\"><b style=\"text-align: left;\"><b\/><\/b>La nueva indumentaria se usar\u00e1 en recepciones, cenas oficiales, ruedas de prensa o visitas a embajadas. Hasta ahora, en esos contextos, los oficiales acud\u00edan en traje y corbata \u2013 \u00abpero a largo plazo ya no parec\u00eda adecuado\u00bb, a\u00f1adi\u00f3 el comandante.Un tschako en lugar del casco puntiagudo.<\/p>\n<p style=\"text-align: justify;\">El uniforme es azul oscuro, de doble botonadura con botones dorados, y se complementa con un cintur\u00f3n amarillo y blanco con la hebilla distintiva de la Guardia. Las charreteras var\u00edan seg\u00fan el grado. Como tocado se lleva un tschako de estilo alem\u00e1n, adornado con detalles dorados seg\u00fan el rango. \u00abNo incluye las tradicionales charreteras doradas, pero los botones son m\u00e1s grandes que en el modelo original\u00bb, precis\u00f3 el cabo y portavoz del Cuerpo, Eliah Cinotti.<\/p>\n<p style=\"text-align: justify;\">Hechos de lana, los uniformes se confeccionan en un taller tradicional de Rothenthurm, en el cant\u00f3n de Schwyz, a un costo aproximado de 2.000 euros cada uno. En total, se han fabricado \u00fanicamente nueve ejemplares.<\/p>\n<p>    <img decoding=\"async\" src=\"data:image\/gif;base64,R0lGODlhAQABAIAAAAAAAP\/\/\/yH5BAEAAAAALAAAAAABAAEAAAIBRAA7\" data-original=\"https:\/\/www.vaticannews.va\/content\/dam\/vaticannews\/multimedia\/2025\/ottobre\/02\/2025.10.02-Presentazione-nuova-divisa-Guardie-Svizzere45.jpg\/_jcr_content\/renditions\/cq5dam.thumbnail.cropped.750.422.jpeg\" alt=\"La conferencia de prensa se efectu\u00f3 este jueves 2 de octubre en la &quot;Cantina degli Ospiti&quot; de la Caserna de la Guardia Suiza Pontificia.\" title=\"La conferencia de prensa se efectu\u00f3 este jueves 2 de octubre en la &quot;Cantina degli Ospiti&quot; de la Caserna de la Guardia Suiza Pontificia.\"\/><\/p>\n<p>\n   La conferencia de prensa se efectu\u00f3 este jueves 2 de octubre en la \u00abCantina degli Ospiti\u00bb de la Caserna de la Guardia Suiza Pontificia.\n  <\/p>\n<p>      <a href=\"https:\/\/www.vaticannews.va\/es\/vaticano\/news\/2024-05\/el-juramento-de-la-guardia-suiza-defensora-de-la-paz.html\" title=\"El juramento de la Guardia Suiza, defensora de la paz\" rel=\"nofollow noopener\" target=\"_blank\"><\/p>\n<p>         <img decoding=\"async\" src=\"data:image\/gif;base64,R0lGODlhAQABAIAAAAAAAP\/\/\/yH5BAEAAAAALAAAAAABAAEAAAIBRAA7\" data-original=\"https:\/\/www.vaticannews.va\/content\/dam\/vaticannews\/agenzie\/images\/srv\/2024\/05\/06\/2024-05-06-giuramento-guardie-svizzere-pontificie\/1715014471206.JPG\/_jcr_content\/renditions\/cq5dam.thumbnail.cropped.500.281.jpeg\" alt=\"El juramento de la Guardia Suiza, defensora de la paz\"\/><\/p>\n<p>       <\/a><\/p>\n<p>\n       Los 34 nuevos reclutas juraron fidelidad al Papa en el patio de San D\u00e1maso. El capell\u00e1n: \u00abLa renuncia y el sacrificio son para la vida que de otro modo ser\u00eda banal\u00bb.\n      <\/p>\n<p> <br \/>\n<b>Juramento y memoria<\/b> <\/p>\n<p style=\"text-align: justify;\">El juramento de las 27 nuevas Guardias estaba previsto, como cada a\u00f1o, para el 6 de mayo, pero fue pospuesto tras la muerte del Papa Francisco, ocurrida el 21 de abril. Esa fecha recuerda tradicionalmente el \u201cSaqueo de Roma\u201d de 1527, cuando 147 Guardias perdieron la vida defendiendo al Papa Clemente VII.<\/p>\n<p style=\"text-align: justify;\">A la ceremonia solemne del s\u00e1bado, a las 17:00 horas, se esperan numerosos invitados de honor, entre ellos una delegaci\u00f3n de la Confederaci\u00f3n Suiza encabezada por la presidenta Karin Keller-Sutter, quien fue recibida en audiencia por el Papa Le\u00f3n XIV este viernes 3 de octubre. Tambi\u00e9n participar\u00e1 la Conferencia Episcopal Suiza, representada por su vicepresidente, el obispo Joseph Bonnemain de Coira.<\/p>\n<p>    <img decoding=\"async\" src=\"data:image\/gif;base64,R0lGODlhAQABAIAAAAAAAP\/\/\/yH5BAEAAAAALAAAAAABAAEAAAIBRAA7\" data-original=\"https:\/\/www.vaticannews.va\/content\/dam\/vaticannews\/multimedia\/2025\/ottobre\/02\/6.24.45-1.jpg\/_jcr_content\/renditions\/cq5dam.thumbnail.cropped.750.422.jpeg\" alt=\"Presentaci\u00f3n del nuevo uniforme de representaci\u00f3n de la Guardia Suiza Pontificia, viernes 3 de octubre de 2025.\" title=\"Presentaci\u00f3n del nuevo uniforme de representaci\u00f3n de la Guardia Suiza Pontificia, viernes 3 de octubre de 2025.\"\/><\/p>\n<p>\n   Presentaci\u00f3n del nuevo uniforme de representaci\u00f3n de la Guardia Suiza Pontificia, viernes 3 de octubre de 2025.\n  <\/p>\n<p><b>El ej\u00e9rcito m\u00e1s antiguo del mundo<\/b> <\/p>\n<p style=\"text-align: justify;\">La Guardia Suiza es considerada el ej\u00e9rcito en activo m\u00e1s antiguo del mundo. Fundada el 22 de enero de 1506 por el Papa Julio II, tiene la misi\u00f3n de proteger al Papa y sus residencias. Adem\u00e1s de los servicios de seguridad y de honor, el Cuerpo \u2014hoy compuesto por 135 ciudadanos suizos\u2014 acompa\u00f1a al Pont\u00edfice en sus viajes y controla los accesos al Estado de la Ciudad del Vaticano.<\/p>\n<p style=\"text-align: justify;\">Con la reintroducci\u00f3n del uniforme de \u201cMedia Gala\u201d, la Guardia Suiza retoma un hilo de su tradici\u00f3n. \u00abEs una prenda que une historia, representaci\u00f3n y la misi\u00f3n \u00fanica de nuestro Cuerpo\u00bb, destac\u00f3 el comandante Graf.<\/p>\n","protected":false},"excerpt":{"rendered":"Este s\u00e1bado, 27 nuevas reclutas de la Guardia Suiza Pontificia prestar\u00e1n solemne juramento en el Patio de San&hellip;\n","protected":false},"author":2,"featured_media":156411,"comment_status":"","ping_status":"","sticky":false,"template":"","format":"standard","meta":{"footnotes":""},"categories":[42],"tags":[17,18,23050,13,14,46782,11,61,62,63,64,19,20,9,10,15,16,400,12,21,22,403,65,66,67],"class_list":{"0":"post-156410","1":"post","2":"type-post","3":"status-publish","4":"format-standard","5":"has-post-thumbnail","7":"category-internacional","8":"tag-breaking-news","9":"tag-breakingnews","10":"tag-conferencia-de-prensa","11":"tag-featured-news","12":"tag-featurednews","13":"tag-guardia-suiza","14":"tag-headlines","15":"tag-internacional","16":"tag-international","17":"tag-international-news","18":"tag-internationalnews","19":"tag-latest-news","20":"tag-latestnews","21":"tag-news","22":"tag-noticias","23":"tag-noticias-destacadas","24":"tag-noticiasdestacadas","25":"tag-papa-leon-xiv","26":"tag-titulares","27":"tag-ultimas-noticias","28":"tag-ultimasnoticias","29":"tag-vaticano","30":"tag-world","31":"tag-world-news","32":"tag-worldnews"},"share_on_mastodon":{"url":"","error":""},"_links":{"self":[{"href":"https:\/\/www.europesays.com\/es\/wp-json\/wp\/v2\/posts\/156410","targetHints":{"allow":["GET"]}}],"collection":[{"href":"https:\/\/www.europesays.com\/es\/wp-json\/wp\/v2\/posts"}],"about":[{"href":"https:\/\/www.europesays.com\/es\/wp-json\/wp\/v2\/types\/post"}],"author":[{"embeddable":true,"href":"https:\/\/www.europesays.com\/es\/wp-json\/wp\/v2\/users\/2"}],"replies":[{"embeddable":true,"href":"https:\/\/www.europesays.com\/es\/wp-json\/wp\/v2\/comments?post=156410"}],"version-history":[{"count":0,"href":"https:\/\/www.europesays.com\/es\/wp-json\/wp\/v2\/posts\/156410\/revisions"}],"wp:featuredmedia":[{"embeddable":true,"href":"https:\/\/www.europesays.com\/es\/wp-json\/wp\/v2\/media\/156411"}],"wp:attachment":[{"href":"https:\/\/www.europesays.com\/es\/wp-json\/wp\/v2\/media?parent=156410"}],"wp:term":[{"taxonomy":"category","embeddable":true,"href":"https:\/\/www.europesays.com\/es\/wp-json\/wp\/v2\/categories?post=156410"},{"taxonomy":"post_tag","embeddable":true,"href":"https:\/\/www.europesays.com\/es\/wp-json\/wp\/v2\/tags?post=156410"}],"curies":[{"name":"wp","href":"https:\/\/api.w.org\/{rel}","templated":true}]}}