{"id":156413,"date":"2025-10-04T11:57:13","date_gmt":"2025-10-04T11:57:13","guid":{"rendered":"https:\/\/www.europesays.com\/es\/156413\/"},"modified":"2025-10-04T11:57:13","modified_gmt":"2025-10-04T11:57:13","slug":"israel-anuncia-que-se-prepara-para-implementar-la-primera-fase-del-plan-propuesto-por-trump-internacional","status":"publish","type":"post","link":"https:\/\/www.europesays.com\/es\/156413\/","title":{"rendered":"Israel anuncia que se prepara para implementar la primera fase del plan propuesto por Trump | Internacional"},"content":{"rendered":"<p class=\"loc\">Madrid<\/p>\n<p>El Gobierno israel\u00ed ha comunicado en la madrugada de este s\u00e1bado que est\u00e1 listo para la \u00abimplementaci\u00f3n inmediata\u00bb de la primera fase del plan propuesto por el presidente estadounidense, Donald Trump, para el futuro de la Franja de Gaza. No obstante, Israel no ha hecho menci\u00f3n a la petici\u00f3n de Ham\u00e1s de sentarse a negociar determinados aspectos de esta propuesta.<\/p>\n<p>M\u00e1s informaci\u00f3n<\/p>\n<p>\u00abTras la respuesta de Ham\u00e1s, Israel se prepara para la implementaci\u00f3n inmediata de la primera etapa del plan del presidente Trump para la liberaci\u00f3n inmediata de todos los rehenes\u00bb, ha informado la oficina del primer ministro israel\u00ed, Benjam\u00edn Netanyahu.<\/p>\n<p>La organizaci\u00f3n terrorista Ham\u00e1s ha respondido al acuerdo de paz propuesto por Trump se\u00f1alando que estar\u00eda dispuesto a liberar a todos los rehenes, muertos y vivos, aunque ha solicitado negociar los detalles del plan. El l\u00edder norteamericano ha celebrado dicha respuesta y ha solicitado a Israel que cesen los bombardeos sobre el territorio gazat\u00ed.<\/p>\n<p>Tambi\u00e9n el jefe del Estado Mayor de Israel, Eyal Zamir, se ha pronunciado sobre las futuras acciones del pa\u00eds hebreo y ha ordenado \u00abavanzar en la preparaci\u00f3n para la implementaci\u00f3n de la primera fase del plan Trump para la liberaci\u00f3n de los rehenes\u00bb.<\/p>\n<p>Israel insiste en que Ciudad de Gaza sigue siendo una \u00abzona peligrosa\u00bb<\/p>\n<p>Horas despu\u00e9s del comunicado conjunto del gabinete de Netanyahu y el ej\u00e9rcito de Israel, las tropas han insistido en que Ciudad de Gaza contin\u00faa siendo una \u00abzona peligrosa\u00bb. <\/p>\n<p>Adem\u00e1s, el ej\u00e9rcito ha instado a la poblaci\u00f3n a no regresar al norte. \u00abLa Ciudad de Gaza sigue siendo una zona de combate peligrosa. Pedimos a la poblaci\u00f3n que evite regresar al norte\u00bb, ha dicho un portavoz de las fuerzas israel\u00edes.<\/p>\n<p>A pesar de las palabras del propio ej\u00e9rcito israel\u00ed, medios del pa\u00eds como The Times of Israel han asegurado que las tropas han pasado a implementar operaciones exclusivamente defensivas en Gaza y que han detenido las maniobras ofensivas. <\/p>\n","protected":false},"excerpt":{"rendered":"Madrid El Gobierno israel\u00ed ha comunicado en la madrugada de este s\u00e1bado que est\u00e1 listo para la \u00abimplementaci\u00f3n&hellip;\n","protected":false},"author":2,"featured_media":66891,"comment_status":"","ping_status":"","sticky":false,"template":"","format":"standard","meta":{"footnotes":""},"categories":[5],"tags":[18738,17,18,25,24,27096,13,14,27097,11,19,20,3773,9,10,15,16,23,20323,12,21,22],"class_list":{"0":"post-156413","1":"post","2":"type-post","3":"status-publish","4":"format-standard","5":"has-post-thumbnail","7":"category-titulares","8":"tag-bibi","9":"tag-breaking-news","10":"tag-breakingnews","11":"tag-es","12":"tag-espana","13":"tag-facial-expression","14":"tag-featured-news","15":"tag-featurednews","16":"tag-gesture","17":"tag-headlines","18":"tag-latest-news","19":"tag-latestnews","20":"tag-man","21":"tag-news","22":"tag-noticias","23":"tag-noticias-destacadas","24":"tag-noticiasdestacadas","25":"tag-spain","26":"tag-sui","27":"tag-titulares","28":"tag-ultimas-noticias","29":"tag-ultimasnoticias"},"share_on_mastodon":{"url":"","error":""},"_links":{"self":[{"href":"https:\/\/www.europesays.com\/es\/wp-json\/wp\/v2\/posts\/156413","targetHints":{"allow":["GET"]}}],"collection":[{"href":"https:\/\/www.europesays.com\/es\/wp-json\/wp\/v2\/posts"}],"about":[{"href":"https:\/\/www.europesays.com\/es\/wp-json\/wp\/v2\/types\/post"}],"author":[{"embeddable":true,"href":"https:\/\/www.europesays.com\/es\/wp-json\/wp\/v2\/users\/2"}],"replies":[{"embeddable":true,"href":"https:\/\/www.europesays.com\/es\/wp-json\/wp\/v2\/comments?post=156413"}],"version-history":[{"count":0,"href":"https:\/\/www.europesays.com\/es\/wp-json\/wp\/v2\/posts\/156413\/revisions"}],"wp:featuredmedia":[{"embeddable":true,"href":"https:\/\/www.europesays.com\/es\/wp-json\/wp\/v2\/media\/66891"}],"wp:attachment":[{"href":"https:\/\/www.europesays.com\/es\/wp-json\/wp\/v2\/media?parent=156413"}],"wp:term":[{"taxonomy":"category","embeddable":true,"href":"https:\/\/www.europesays.com\/es\/wp-json\/wp\/v2\/categories?post=156413"},{"taxonomy":"post_tag","embeddable":true,"href":"https:\/\/www.europesays.com\/es\/wp-json\/wp\/v2\/tags?post=156413"}],"curies":[{"name":"wp","href":"https:\/\/api.w.org\/{rel}","templated":true}]}}