{"id":156416,"date":"2025-10-04T11:59:07","date_gmt":"2025-10-04T11:59:07","guid":{"rendered":"https:\/\/www.europesays.com\/es\/156416\/"},"modified":"2025-10-04T11:59:07","modified_gmt":"2025-10-04T11:59:07","slug":"el-llamativo-look-de-ayuso-para-una-tarde-de-toros-en-las-ventas","status":"publish","type":"post","link":"https:\/\/www.europesays.com\/es\/156416\/","title":{"rendered":"El llamativo look de Ayuso para una tarde de toros en Las Ventas"},"content":{"rendered":"<p class=\"paragraph\">Tarde de toros primaveral en la <b>Feria de Oto\u00f1o en Las Ventas. <\/b>La presidenta de la Comunidad de Madrid, Isabel <b>D\u00edaz Ayuso,<\/b> acudi\u00f3 a la cita con la feria taurina para disfrutar de un cartel muy interesante que desat\u00f3 muchas emociones. Dolor y gloria en la segunda tarde de la feria madrile\u00f1a.  <b>Emilio de Justo, Borja Jim\u00e9nez Tom\u00e1s Rufo<\/b> y  con los toros de Victoriano del R\u00edo.<\/p>\n<p class=\"c-detail__media__subtitle composite_image\">\n<p>        Isabel D\u00edaz AyusoGTRES<\/p>\n<p class=\"paragraph\"><b>D\u00edaz Ayuso<\/b> luci\u00f3 un elegante conjunto formado por falda l\u00e1piz en tono rosa malva combinado con un top negro escotado y semitransparente que le sentaba estupendamente. Para rematar su estilismo, tacones altos y pendientes llamativos con el cabello recogido. Un look vibrante como la tarde de toros que disfrut\u00f3 en el callej\u00f3n de la plaza. Una tarde con tragedia y con triunfo para <b>Emilio de Justo <\/b>que cort\u00f3 dos orejas tras abandonar la enfermer\u00eda, lo que le supuso su quinta Puerta Grande. Como una muestra m\u00e1s del apoyo del presidente del PP de Castilla-La Mancha a los toreros de la tierra,<b> Paco N\u00fa\u00f1ez<\/b> quiso estar en Madrid viendo la faena de <b>Rufo<\/b> junto a  su compa\u00f1era de filas Ayuso. Ambos pol\u00edticos apoyando a la tauromaqu\u00eda.<\/p>\n<p class=\"c-detail__media__subtitle composite_image\">\n<p>        Isabel D\u00edaz AyusoGTRES<\/p>\n<p class=\"paragraph\">La agenda de la presidenta madrile\u00f1a continu\u00f3 su agenda este viernes  con una entrega de premios, tras la tarde en Las Ventas en la que recibi\u00f3 el cari\u00f1o de los aficionados que saben de su apuesta incondicional por la Fiesta en Madrid.<\/p>\n","protected":false},"excerpt":{"rendered":"Tarde de toros primaveral en la Feria de Oto\u00f1o en Las Ventas. La presidenta de la Comunidad de&hellip;\n","protected":false},"author":2,"featured_media":156417,"comment_status":"","ping_status":"","sticky":false,"template":"","format":"standard","meta":{"footnotes":""},"categories":[277],"tags":[373,168,25,24,23,167,374],"class_list":{"0":"post-156416","1":"post","2":"type-post","3":"status-publish","4":"format-standard","5":"has-post-thumbnail","7":"category-toreo","8":"tag-bullfighting","9":"tag-deportes","10":"tag-es","11":"tag-espana","12":"tag-spain","13":"tag-sports","14":"tag-toreo"},"share_on_mastodon":{"url":"","error":""},"_links":{"self":[{"href":"https:\/\/www.europesays.com\/es\/wp-json\/wp\/v2\/posts\/156416","targetHints":{"allow":["GET"]}}],"collection":[{"href":"https:\/\/www.europesays.com\/es\/wp-json\/wp\/v2\/posts"}],"about":[{"href":"https:\/\/www.europesays.com\/es\/wp-json\/wp\/v2\/types\/post"}],"author":[{"embeddable":true,"href":"https:\/\/www.europesays.com\/es\/wp-json\/wp\/v2\/users\/2"}],"replies":[{"embeddable":true,"href":"https:\/\/www.europesays.com\/es\/wp-json\/wp\/v2\/comments?post=156416"}],"version-history":[{"count":0,"href":"https:\/\/www.europesays.com\/es\/wp-json\/wp\/v2\/posts\/156416\/revisions"}],"wp:featuredmedia":[{"embeddable":true,"href":"https:\/\/www.europesays.com\/es\/wp-json\/wp\/v2\/media\/156417"}],"wp:attachment":[{"href":"https:\/\/www.europesays.com\/es\/wp-json\/wp\/v2\/media?parent=156416"}],"wp:term":[{"taxonomy":"category","embeddable":true,"href":"https:\/\/www.europesays.com\/es\/wp-json\/wp\/v2\/categories?post=156416"},{"taxonomy":"post_tag","embeddable":true,"href":"https:\/\/www.europesays.com\/es\/wp-json\/wp\/v2\/tags?post=156416"}],"curies":[{"name":"wp","href":"https:\/\/api.w.org\/{rel}","templated":true}]}}