{"id":156422,"date":"2025-10-04T12:07:10","date_gmt":"2025-10-04T12:07:10","guid":{"rendered":"https:\/\/www.europesays.com\/es\/156422\/"},"modified":"2025-10-04T12:07:10","modified_gmt":"2025-10-04T12:07:10","slug":"monica-naranjo-escandaliza-a-broncano-con-sus-revelaciones-sobre-la-isla-de-las-tentaciones-estas-incomodo","status":"publish","type":"post","link":"https:\/\/www.europesays.com\/es\/156422\/","title":{"rendered":"M\u00f3nica Naranjo escandaliza a Broncano con sus revelaciones sobre &#8216;La isla de las tentaciones&#8217;: \u00abEst\u00e1s inc\u00f3modo\u00bb"},"content":{"rendered":"<p class=\"voc-p\" style=\"\">Una invitada muy esperada y respetada por <strong>David Broncano, M\u00f3nica Naranjo<\/strong>, que ha pisado el escenario de &#8216;<strong>La Revuelta<\/strong>&#8216; (La 1) para hablar de lo divino y lo humano, de lo profesional y de todo lo que ella ha querido, porque se ha visto claro qui\u00e9n llevaba la voz cantante en este cara a cara. De hecho, ya al arranque del programa ella ha dejado claro todo esto. Y es que al poco de iniciarse la emisi\u00f3n \u00e9l le pregunt\u00f3 a ella: \u00ab\u00bfQu\u00e9 prefieres?\u00bb. Naranjo le ha dicho: \u00abYo te prefiero aqu\u00ed\u00bb. Le ha se\u00f1alado el sof\u00e1 y David Broncano se ha ido a sentar a su lado. <\/p>\n<p class=\"voc-p\" style=\"\">Uno junto al otro, empezando as\u00ed <strong>la entrevista<\/strong> \u00abcomo pocas veces\u00bb, el presentador le ha preguntado \u00abqu\u00e9 prefer\u00eda\u00bb y ella ha dicho que lo prefer\u00eda \u00abaqu\u00ed\u00bb. Broncano le respond\u00eda con un \u00abclaro, pero aqu\u00ed no tengo acceso a las fuentes de informaci\u00f3n\u00bb. \u00ab\u00bfTe has dado cuenta que el tema cambia? <strong>Est\u00e1s ahora inc\u00f3modo<\/strong>\u2026\u00bb, la ha referido M\u00f3nica Naranjo. \u00abTu sitio de confort es ese\u00bb, ha continuad\u00bbNo ir\u00eda nunca con pareja a La isla de las tentaciones\u00bb La temporada aquella de Estefan\u00eda fue legendario. Legendario. #LaRevuelta @monicanaranjo pic.twitter.com\/jIpkYqllG6\u2014 La Revuelta (@LaRevuelta_TVE) September 29, 2025 o M\u00f3nica, que ha llegado a ocupar el &#8216;trono&#8217; de David. Arrancaba as\u00ed la entrevista que ha dado mucho que hablar. <\/p>\n<p class=\"voc-p\" style=\"\">Entre lo que m\u00e1s repercusi\u00f3n ha tenido las preguntas relacionadas con &#8216;La isla de las tentaciones&#8217;. <strong>M\u00f3nica Naranjo<\/strong> compart\u00eda en el directo <strong>c\u00f3mo<\/strong> fue para ella conducir esa primera edici\u00f3n: \u00abLas primeras temporadas de un reality, lo que mola es que la gente va, pero no sabe a lo que va. En esa temporada, la gente fue my perdida. No sab\u00edan lo que iba a pasar\u00bb. Ella lo disfrut\u00f3 al m\u00e1ximo, seg\u00fan ha compartido, y ha llegado a recordar las quinielas que hac\u00eda con los compa\u00f1eros del equipo: \u00abLlegan a la casa y dije &#8216;ellos, ellos seguro&#8217;\u00bb. La sorpresa vino despu\u00e9s, al comprobar que no, que fueron otros y otras. \u00ab<strong>Estaban desatadas<\/strong>\u00bb, lleg\u00f3 a afirmar en relaci\u00f3n a ellas, a las chicas. <\/p>\n<p class=\"voc-p\" style=\"\">De su paso por el programa tiene clara una cosa, que ella \u00bbno ir\u00eda nunca con una pareja, porque se lo que pasa ah\u00ed\u00bb. Fue la edici\u00f3n de Fani y Christopher, de Ismael y Andrea y Fiama y \u00c1lex, entre otros. Ese estreno se produjo a principios de 2020 y la audiencia que consigui\u00f3 <strong>Telecinco<\/strong> con el programa fue sobresaliente. Tras su papel como presentadora, <strong>Sandra Barneda<\/strong> tom\u00f3 el relevo y la cantante no ha dudado en alabar su buen hacer: \u00abLo hace estupendamente bien\u00bb.<\/p>\n<p>Reportar un error<\/p>\n<p><script async src=\"https:\/\/platform.twitter.com\/widgets.js\" charset=\"utf-8\"><\/script><\/p>\n","protected":false},"excerpt":{"rendered":"Una invitada muy esperada y respetada por David Broncano, M\u00f3nica Naranjo, que ha pisado el escenario de &#8216;La&hellip;\n","protected":false},"author":2,"featured_media":156423,"comment_status":"","ping_status":"","sticky":false,"template":"","format":"standard","meta":{"footnotes":""},"categories":[174],"tags":[13289,255,146,147,25,46783,24,256,9733,3643,21317,45228,7482,57,23,4473],"class_list":{"0":"post-156422","1":"post","2":"type-post","3":"status-publish","4":"format-standard","5":"has-post-thumbnail","7":"category-famosos","8":"tag-broncano","9":"tag-celebrities","10":"tag-entertainment","11":"tag-entretenimiento","12":"tag-es","13":"tag-escandaliza","14":"tag-espana","15":"tag-famosos","16":"tag-incomodo","17":"tag-isla","18":"tag-monica","19":"tag-naranjo","20":"tag-revelaciones","21":"tag-sobre","22":"tag-spain","23":"tag-tentaciones"},"share_on_mastodon":{"url":"","error":""},"_links":{"self":[{"href":"https:\/\/www.europesays.com\/es\/wp-json\/wp\/v2\/posts\/156422","targetHints":{"allow":["GET"]}}],"collection":[{"href":"https:\/\/www.europesays.com\/es\/wp-json\/wp\/v2\/posts"}],"about":[{"href":"https:\/\/www.europesays.com\/es\/wp-json\/wp\/v2\/types\/post"}],"author":[{"embeddable":true,"href":"https:\/\/www.europesays.com\/es\/wp-json\/wp\/v2\/users\/2"}],"replies":[{"embeddable":true,"href":"https:\/\/www.europesays.com\/es\/wp-json\/wp\/v2\/comments?post=156422"}],"version-history":[{"count":0,"href":"https:\/\/www.europesays.com\/es\/wp-json\/wp\/v2\/posts\/156422\/revisions"}],"wp:featuredmedia":[{"embeddable":true,"href":"https:\/\/www.europesays.com\/es\/wp-json\/wp\/v2\/media\/156423"}],"wp:attachment":[{"href":"https:\/\/www.europesays.com\/es\/wp-json\/wp\/v2\/media?parent=156422"}],"wp:term":[{"taxonomy":"category","embeddable":true,"href":"https:\/\/www.europesays.com\/es\/wp-json\/wp\/v2\/categories?post=156422"},{"taxonomy":"post_tag","embeddable":true,"href":"https:\/\/www.europesays.com\/es\/wp-json\/wp\/v2\/tags?post=156422"}],"curies":[{"name":"wp","href":"https:\/\/api.w.org\/{rel}","templated":true}]}}