{"id":156426,"date":"2025-10-04T12:09:46","date_gmt":"2025-10-04T12:09:46","guid":{"rendered":"https:\/\/www.europesays.com\/es\/156426\/"},"modified":"2025-10-04T12:09:46","modified_gmt":"2025-10-04T12:09:46","slug":"el-zasca-de-la-reina-letizia-a-maria-pombo-tras-su-polemica-sobre-la-lectura-tambien-se-aprende","status":"publish","type":"post","link":"https:\/\/www.europesays.com\/es\/156426\/","title":{"rendered":"El zasca de la reina Letizia a Mar\u00eda Pombo tras su pol\u00e9mica sobre la lectura: \u201cTambi\u00e9n se aprende\u201d"},"content":{"rendered":"<p class=\"\"><b>\u201cLo voy a decir. Creo que hay que empezar a superar que hay gente a la que no le gusta leer. Y encima no sois mejores porque os guste leer\u201d.<\/b> Con estas palabras que respond\u00edan a la pregunta de un usuario de redes sociales de por qu\u00e9 no ten\u00eda muchos libros en sus estanter\u00edas, <b>Mar\u00eda Pombo desataba una enorme y viral pol\u00e9mica<\/b> a la que despu\u00e9s decid\u00eda dar carpetazo r\u00e1pidamente colgando otro v\u00eddeo en TikTok donde ense\u00f1aba los vol\u00famenes que hab\u00eda en su mesita de noche.<\/p>\n<p class=\"\">Y cuando parec\u00eda que se hab\u00eda dado carpetazo al tema, aparece <b>una invitada de lo m\u00e1s inesperada en esta controversia cultura: nada menos que la reina Letizia<\/b>, una apasionada de las letras que incluso dej\u00f3 de lado el manido reloj para regalar al entonces pr\u00edncipe Felipe un libro de Larra como recuerdo de su compromiso. <\/p>\n<p class=\"\">Y es que hay quien ha querido ver en las \u00faltimas palabras de la monarca un velado dardo a la influencer madrile\u00f1a, quien recibi\u00f3 una importante oleada de cr\u00edticas a trav\u00e9s de las redes sociales tras hacer alarde de que no era aficionada a la lectura. Lo dicho por la monarca se enmarca en el contexto de la inauguraci\u00f3n del curso escolar en Rinc\u00f3n del Soto (La Rioja). All\u00ed visit\u00f3 una escuela infantil y habl\u00f3 con los peque\u00f1os de lo mucho que le gustaba leer, aconsej\u00e1ndoles y anim\u00e1ndoles a que se dejasen cautivar por los libros.<b> \u201cPero, \u00bfsab\u00e9is que leyendo libros se aprende tambi\u00e9n much\u00edsimo?\u201d<\/b>, le dec\u00eda mientras compart\u00edan juegos y confidencias. Un gesto que no pas\u00f3 desapercibido, conscientes de que la reina est\u00e1 al d\u00eda de las tendencias en redes sociales. <\/p>\n<p>Los libros de Mar\u00eda PomboLa vida es bonita incluso ahora<\/p>\n<p class=\"\"><b>\u201cCon este se llora mucho\u201d<\/b>, dice. Se trata de un libro de Bel\u00e9n Dom\u00ednguez (Nube de tinta), que elabora una novela basada en su vida, en la que, a pesar de los malos momentos, siempre hay un rayo de luz para seguir adelante. Bel\u00e9n es una chica normal con una vida normal. Vive en Madrid y disfruta de su trabajo, su pareja y sus amigas. Es verano, vienen las vacaciones y todo son planes y deseos por cumplir, hasta que <b>un dolor en la espalda la lleva al m\u00e9dico<\/b>. Parece una contractura, pero descubre que, en realidad, tiene un tumor en la m\u00e9dula. <b>En un momento le cambia la vida y, con el mundo del rev\u00e9s, se dispone a enfrentar esta nueva situaci\u00f3n <\/b>de la mejor manera posible. La palabra c\u00e1ncer le resuena en la cabeza desde hace m\u00e1s de un a\u00f1o y, aunque es un momento dif\u00edcil, lo vive con alegr\u00eda y confianza, dispuesta a plantarle cara.<\/p>\n<p>La palabra exacta<\/p>\n<p class=\"\">Este libro de Miguel \u00c1ngel Velasco, editado en Temas de hoy, <b>lo consulta para aprender nuevo vocabulario<\/b>. Palabras comunes, palabras antiguas, palabras modernas, palabras de otros lugares, palabras para decir lo que sentimos y escuchar lo que nos sacia. Miguel \u00c1ngel Velasco, <b>desde los perfiles de Diccionario VIP en redes sociales<\/b>, se dedica a acercarlas al p\u00fablico con el deseo de que algunas de ellas nos ayuden a entendernos un poco mejor.<\/p>\n<p>Tu mentalidad buena suerte<\/p>\n<p class=\"\">El de \u00c1lex Rovira (Zenith) es un libro de autoayuda que <b>se basa en la premisa \u2018tu vida es el resultado de tu mentalidad\u2019<\/b>. El autor promete que, si se comprende esto, se abrir\u00e1n las puertas al cambio para que puedas tomar las riendas de tu vida.<\/p>\n<p>Diario para padres estoicos: 366 meditaciones sobre crianza, amor y educaci\u00f3n de los hijos<\/p>\n<p class=\"\">Pombo explica que este libro fue un regalo de su hermana Mar\u00eda. Se trata de un volumen de Ryan Holiday (Harvard Business) dirigido a aquellas personas interesadas en <b>utilizar las ense\u00f1anzas y valores de la filosof\u00eda estoica en la crianza<\/b> de sus hijos.<\/p>\n<p>Botas de colores para d\u00edas de lluvia<\/p>\n<p class=\"\">Este <b>es el libro de sus amigos Mar\u00eda G. de Jaime y Tom\u00e1s P\u00e1ramo<\/b> (Mart\u00ednez Roca). Cuenta su historia de amor. \u201cCuando est\u00e1n juntos la magia flota en el aire, aunque ellos sean los \u00faltimos en enterarse. Pero ni la vida es un camino de rosas ni este libro es un cuento de hadas. Ellos lo descubrir\u00e1n enseguida. Como tambi\u00e9n descubrir\u00e1n el dolor, el temor, la amistad y, sobre todo, el amor. Esta es una historia de decisiones dif\u00edciles, de hacerse mayor de golpe, de realidades que nunca se so\u00f1aron y de ilusiones que se cumplen a base de tes\u00f3n. Pero tambi\u00e9n es una historia sobre el valor de tomar las riendas de tu propia vida\u201d, dice su sinopsis. Pombo declara que <b>lo devor\u00f3 en dos d\u00edas<\/b>.<\/p>\n<p>H\u00e1bitos at\u00f3micos<\/p>\n<p class=\"\">Y el \u00faltimo de los libros es el de James Clear (Diana). Un libro de autoayuda en el que el reconocido experto en h\u00e1bitos apunta que <b>el cambio real proviene del resultado de cientos de peque\u00f1as decisiones<\/b>: hacer dos flexiones al d\u00eda, levantarse cinco minutos antes o hacer una corta llamada telef\u00f3nica.<\/p>\n<p>Noticias relacionadas<a href=\"https:\/\/as.com\/tikitakas\/famosos\/maria-pombo-da-carpetazo-a-la-polemica-sobre-la-lectura-mostrando-que-libros-lee-no-se-si-son-intelectuales-n\/\" class=\"s_m_w\" title=\"La \u2018influencer\u2019 reconoci\u00f3 en redes sociales que no le gustaba leer: \u201cLo voy a decir: no sois mejores porque os guste leer\u201d. \" data-tb-link=\"\" rel=\"nofollow noopener\" target=\"_blank\"><img decoding=\"async\" src=\"https:\/\/www.europesays.com\/es\/wp-content\/uploads\/2025\/10\/7YI42RJCMMIJSJOYVWKS5R2SFQ.jpg\" alt=\"Mar\u00eda Pombo da carpetazo a la pol\u00e9mica sobre la lectura mostrando qu\u00e9 libros lee: \u201cNo s\u00e9 si son intelectuales\u201d\" class=\"\" height=\"1\" width=\"1\"   loading=\"lazy\" data-tb-thumbnail=\"\"\/><\/a><a href=\"https:\/\/as.com\/tikitakas\/famosos\/planeta-anuncia-que-publicara-reconciliacion-las-memorias-de-juan-carlos-i-siento-que-me-roban-mi-historia-n\/\" class=\"s_m_w\" title=\"La editorial editar\u00e1 las memorias del rey em\u00e9rito, que llegar\u00e1n a las librer\u00edas a finales de a\u00f1o. \u201cNo tengo derecho a llorar\u201d, dice el monarca.\" data-tb-link=\"\" rel=\"nofollow noopener\" target=\"_blank\"><img decoding=\"async\" src=\"https:\/\/www.europesays.com\/es\/wp-content\/uploads\/2025\/10\/5SKKQNXBLVBLATDEWQL62ZWOPU.jpg\" alt=\"Planeta anuncia que publicar\u00e1 \u2018Reconciliaci\u00f3n\u2019, las memorias de Juan Carlos I: \u201cSiento que me roban mi historia\u201d\" class=\"\" height=\"1\" width=\"1\"   loading=\"lazy\" data-tb-thumbnail=\"\"\/><\/a><\/p>\n<p class=\"\">Clear <b>llama a estas decisiones \u201ch\u00e1bitos at\u00f3micos\u201d<\/b>: <b>tan peque\u00f1os como una part\u00edcula, pero tan poderosos como un tsunami<\/b>. En este libro innovador revela exactamente c\u00f3mo esos cambios min\u00fasculos pueden crecer hasta llegar a cambiar nuestra carrera profesional, nuestras relaciones y todos los aspectos de nuestra vida. <\/p>\n<p class=\"\"><b>\u00a1Tus opiniones importan!<\/b> Comenta en los art\u00edculos y suscr\u00edbete gratis a nuestra <a href=\"https:\/\/asfan.as.com\/newsletters\/\" target=\"_blank\" rel=\"nofollow noopener\" title=\"https:\/\/asfan.as.com\/newsletters\/\">newsletter<\/a> y a las alertas informativas en la <a href=\"https:\/\/as.com\/aplicacion-de-as-n\/\" target=\"_blank\" rel=\"nofollow noopener\" title=\"https:\/\/as.com\/aplicacion-de-as-n\/\">App<\/a> o el canal de <a href=\"https:\/\/www.whatsapp.com\/channel\/0029VaAasdA7j6g745nz9M10\" target=\"_blank\" rel=\"nofollow noopener\" title=\"https:\/\/www.whatsapp.com\/channel\/0029VaAasdA7j6g745nz9M10\">WhatsApp<\/a>. \u00bfBuscas licenciar contenido? Haz clic <a href=\"https:\/\/profesional.elpais.com\/soluciones-sindicacion?utm_medium=interno&amp;utm_source=crosslinking&amp;utm_campaign=sindicacion_as_pie_articulos\" target=\"_blank\" rel=\"nofollow noopener\" title=\"https:\/\/profesional.elpais.com\/soluciones-sindicacion?utm_medium=interno&amp;utm_source=crosslinking&amp;utm_campaign=sindicacion_as_pie_articulos\">aqu\u00ed<\/a><\/p>\n","protected":false},"excerpt":{"rendered":"\u201cLo voy a decir. Creo que hay que empezar a superar que hay gente a la que no&hellip;\n","protected":false},"author":2,"featured_media":156427,"comment_status":"","ping_status":"","sticky":false,"template":"","format":"standard","meta":{"footnotes":""},"categories":[172],"tags":[224,146,147,25,24,225,23],"class_list":{"0":"post-156426","1":"post","2":"type-post","3":"status-publish","4":"format-standard","5":"has-post-thumbnail","7":"category-libros","8":"tag-books","9":"tag-entertainment","10":"tag-entretenimiento","11":"tag-es","12":"tag-espana","13":"tag-libros","14":"tag-spain"},"share_on_mastodon":{"url":"","error":""},"_links":{"self":[{"href":"https:\/\/www.europesays.com\/es\/wp-json\/wp\/v2\/posts\/156426","targetHints":{"allow":["GET"]}}],"collection":[{"href":"https:\/\/www.europesays.com\/es\/wp-json\/wp\/v2\/posts"}],"about":[{"href":"https:\/\/www.europesays.com\/es\/wp-json\/wp\/v2\/types\/post"}],"author":[{"embeddable":true,"href":"https:\/\/www.europesays.com\/es\/wp-json\/wp\/v2\/users\/2"}],"replies":[{"embeddable":true,"href":"https:\/\/www.europesays.com\/es\/wp-json\/wp\/v2\/comments?post=156426"}],"version-history":[{"count":0,"href":"https:\/\/www.europesays.com\/es\/wp-json\/wp\/v2\/posts\/156426\/revisions"}],"wp:featuredmedia":[{"embeddable":true,"href":"https:\/\/www.europesays.com\/es\/wp-json\/wp\/v2\/media\/156427"}],"wp:attachment":[{"href":"https:\/\/www.europesays.com\/es\/wp-json\/wp\/v2\/media?parent=156426"}],"wp:term":[{"taxonomy":"category","embeddable":true,"href":"https:\/\/www.europesays.com\/es\/wp-json\/wp\/v2\/categories?post=156426"},{"taxonomy":"post_tag","embeddable":true,"href":"https:\/\/www.europesays.com\/es\/wp-json\/wp\/v2\/tags?post=156426"}],"curies":[{"name":"wp","href":"https:\/\/api.w.org\/{rel}","templated":true}]}}