{"id":156430,"date":"2025-10-04T12:13:12","date_gmt":"2025-10-04T12:13:12","guid":{"rendered":"https:\/\/www.europesays.com\/es\/156430\/"},"modified":"2025-10-04T12:13:12","modified_gmt":"2025-10-04T12:13:12","slug":"ultimo-entrenamiento-y-lista-de-convocados-real-sporting","status":"publish","type":"post","link":"https:\/\/www.europesays.com\/es\/156430\/","title":{"rendered":"\u00daltimo entrenamiento y lista de convocados\u00a0 | Real Sporting"},"content":{"rendered":"<p>El Real Sporting de Gij\u00f3n ha completado el \u00faltimo entrenamiento antes de medirse al CD Castell\u00f3n este domingo (SkyFi Castalia, 16:15 horas), en el partido correspondiente a la jornada 8 de LALIGA HYPERMOTION.<\/p>\n<p>El cuerpo t\u00e9cnico ha dado a conocer la lista de convocados, formada por 23 futbolistas. Son los siguientes: Y\u00e1\u00f1ez, G. Rosas, P. Garc\u00eda, Perrin, Diego S., Nacho Mart\u00edn, Gaspar, J. J. Caicedo, Gelabert, Corredera, Pablo V., O. Cort\u00e9s, Dubasin, Amadou, J. Otero, Kevin V., Loum, Y. Kembo, Justin, Mbemba, Enol Prendes, Gerard y Guillermo.<\/p>\n<p>Bernal contin\u00faa con su proceso de recuperaci\u00f3n.<\/p>\n<p>El equipo inicia <a href=\"https:\/\/www.realsporting.com\/noticias\/plan-de-viaje-para-el-partido-contra-el-cd-castellon-j8\" rel=\"nofollow noopener\" target=\"_blank\">el desplazamiento<\/a> este s\u00e1bado a las 14:00 horas.<\/p>\n","protected":false},"excerpt":{"rendered":"El Real Sporting de Gij\u00f3n ha completado el \u00faltimo entrenamiento antes de medirse al CD Castell\u00f3n este domingo&hellip;\n","protected":false},"author":2,"featured_media":156431,"comment_status":"","ping_status":"","sticky":false,"template":"","format":"standard","meta":{"footnotes":""},"categories":[93],"tags":[168,25,24,23,167],"class_list":{"0":"post-156430","1":"post","2":"type-post","3":"status-publish","4":"format-standard","5":"has-post-thumbnail","7":"category-deportes","8":"tag-deportes","9":"tag-es","10":"tag-espana","11":"tag-spain","12":"tag-sports"},"share_on_mastodon":{"url":"","error":""},"_links":{"self":[{"href":"https:\/\/www.europesays.com\/es\/wp-json\/wp\/v2\/posts\/156430","targetHints":{"allow":["GET"]}}],"collection":[{"href":"https:\/\/www.europesays.com\/es\/wp-json\/wp\/v2\/posts"}],"about":[{"href":"https:\/\/www.europesays.com\/es\/wp-json\/wp\/v2\/types\/post"}],"author":[{"embeddable":true,"href":"https:\/\/www.europesays.com\/es\/wp-json\/wp\/v2\/users\/2"}],"replies":[{"embeddable":true,"href":"https:\/\/www.europesays.com\/es\/wp-json\/wp\/v2\/comments?post=156430"}],"version-history":[{"count":0,"href":"https:\/\/www.europesays.com\/es\/wp-json\/wp\/v2\/posts\/156430\/revisions"}],"wp:featuredmedia":[{"embeddable":true,"href":"https:\/\/www.europesays.com\/es\/wp-json\/wp\/v2\/media\/156431"}],"wp:attachment":[{"href":"https:\/\/www.europesays.com\/es\/wp-json\/wp\/v2\/media?parent=156430"}],"wp:term":[{"taxonomy":"category","embeddable":true,"href":"https:\/\/www.europesays.com\/es\/wp-json\/wp\/v2\/categories?post=156430"},{"taxonomy":"post_tag","embeddable":true,"href":"https:\/\/www.europesays.com\/es\/wp-json\/wp\/v2\/tags?post=156430"}],"curies":[{"name":"wp","href":"https:\/\/api.w.org\/{rel}","templated":true}]}}