{"id":156434,"date":"2025-10-04T12:15:08","date_gmt":"2025-10-04T12:15:08","guid":{"rendered":"https:\/\/www.europesays.com\/es\/156434\/"},"modified":"2025-10-04T12:15:08","modified_gmt":"2025-10-04T12:15:08","slug":"de-olivia-de-borbon-a-butragueno-los-invitados-a-la-boda-de-cayetano-martinez-de-irujo-y-barbara-mirjan","status":"publish","type":"post","link":"https:\/\/www.europesays.com\/es\/156434\/","title":{"rendered":"De Olivia de Borb\u00f3n a Butrague\u00f1o: los invitados a la boda de Cayetano Mart\u00ednez de Irujo y B\u00e1rbara Mirjan"},"content":{"rendered":"<p><a href=\"https:\/\/www.revistavanityfair.es\/articulos\/cayetano-martinez-de-irujo-sobrina-tana-pareja-barbara-mirjan-boxeo\" rel=\"nofollow noopener\" target=\"_blank\"><strong>Cayetano Mart\u00ednez de Irujo y B\u00e1rbara Mirjan<\/strong><\/a> celebran su boda en la iglesia del Cristo de los Gitanos en pleno centro de Sevilla y a pocos pasos del <strong>palacio de las Due\u00f1as<\/strong>. El templo es un lugar muy especial para el novio, ya que ah\u00ed se encuentran depositadas las cenizas de su madre, <a href=\"https:\/\/www.revistavanityfair.es\/articulos\/duquesa-alba-cayetana-diez-anos-fallecimiento\" rel=\"nofollow noopener\" target=\"_blank\"><strong>la duquesa de Alba<\/strong><\/a>, fallecida en el a\u00f1o 2014. <a href=\"https:\/\/www.revistavanityfair.es\/articulos\/eugenia-martinez-irujo-reconciliacion-hermano-cayetano-fista-hija-tana\" rel=\"nofollow noopener\" target=\"_blank\">Cayetano Mart\u00ednez de Irujo<\/a> y <a href=\"https:\/\/www.revistavanityfair.es\/articulos\/barbara-mirjan-amina-martinez-irujo-feria-abril\" rel=\"nofollow noopener\" target=\"_blank\">B\u00e1rbara Mirjan<\/a> han estado acompa\u00f1ados en su gran d\u00eda por hasta 300 invitados, entre los que se encontraban desde Carmen Tello y Curro Romero hasta Emilio Butrague\u00f1o, Paloma Segrelles o Hubertus de Hohenlohe.<\/p>\n<p><a href=\"https:\/\/www.revistavanityfair.es\/articulos\/herederos-de-duquesa-alba-cayetana-irujo\" rel=\"nofollow noopener\" target=\"_blank\">El duque de Arjona<\/a> ha contado con una madrina de excepci\u00f3n, su hija <strong><a href=\"https:\/\/www.revistavanityfair.es\/articulos\/amina-luis-martinez-de-irujo-hijos-cayetano\" rel=\"nofollow noopener\" target=\"_blank\">Amina Mart\u00ednez de Irujo<\/a>,<\/strong> fruto de su relaci\u00f3n con <a href=\"https:\/\/www.revistavanityfair.es\/articulos\/genoveva-casanova-vuelve-a-la-vida-publica-mensaje-instagram\" rel=\"nofollow noopener\" target=\"_blank\"><strong>Genoveva Casanova<\/strong><\/a>, una de las grandes ausentes en el enlace junto con <a href=\"https:\/\/www.revistavanityfair.es\/articulos\/jacobo-fitz-james-stuart-hijo-de-la-duquesa-de-alba-editorial-siruela-inka-marti\" rel=\"nofollow noopener\" target=\"_blank\"><strong>Jacobo Mart\u00ednez de Irujo<\/strong><\/a>, hermano de Cayetano, que no ha podido asistir por motivos laborales. La novia ha llegado en un coche de caballos junto a su padre, el empresario liban\u00e9s <strong>Bachar Mirjan.<\/strong> <a href=\"https:\/\/www.revistavanityfair.es\/lujo\/moda\/articulos\/vestidos-novia-casa-de-alba-cayetana-martinez-irujo-matilde-solis\/50050\" rel=\"nofollow noopener\" target=\"_blank\">B\u00e1rbara ha lucido un dise\u00f1o creado para ella por la firma nupcial <strong>Navascu\u00e9s<\/strong><\/a><strong>,<\/strong> que tambi\u00e9n visti\u00f3 para su gran d\u00eda a <a href=\"https:\/\/www.revistavanityfair.es\/sociedad\/galerias\/las-fotos-oficiales-de-la-boda-de-carlos-fitz-james-y-belen-corsini\/13193\" rel=\"nofollow noopener\" target=\"_blank\"><strong>Bel\u00e9n Corsini, esposa de Carlos Fitz-James Stuart<\/strong><\/a>, o a <strong><a href=\"https:\/\/www.revistavanityfair.es\/articulos\/tatler-publica-articulo-sobre-boda-martinez-almeida-teresa-urquijo\" rel=\"nofollow noopener\" target=\"_blank\">Teresa Urquijo<\/a>.<\/strong><\/p>\n","protected":false},"excerpt":{"rendered":"Cayetano Mart\u00ednez de Irujo y B\u00e1rbara Mirjan celebran su boda en la iglesia del Cristo de los Gitanos&hellip;\n","protected":false},"author":2,"featured_media":156435,"comment_status":"","ping_status":"","sticky":false,"template":"","format":"standard","meta":{"footnotes":""},"categories":[91],"tags":[46785,3164,23288,22347,261,18762,146,147,25,24,20221,18759,23],"class_list":{"0":"post-156434","1":"post","2":"type-post","3":"status-publish","4":"format-standard","5":"has-post-thumbnail","7":"category-entretenimiento","8":"tag-barbara-mirjan","9":"tag-bodas","10":"tag-casa-de-alba","11":"tag-cayetana-rivera","12":"tag-cayetano-martinez-de-irujo","13":"tag-duquesa-de-alba","14":"tag-entertainment","15":"tag-entretenimiento","16":"tag-es","17":"tag-espana","18":"tag-eugenia-martinez-de-irujo","19":"tag-sofia-palazuelo","20":"tag-spain"},"share_on_mastodon":{"url":"","error":""},"_links":{"self":[{"href":"https:\/\/www.europesays.com\/es\/wp-json\/wp\/v2\/posts\/156434","targetHints":{"allow":["GET"]}}],"collection":[{"href":"https:\/\/www.europesays.com\/es\/wp-json\/wp\/v2\/posts"}],"about":[{"href":"https:\/\/www.europesays.com\/es\/wp-json\/wp\/v2\/types\/post"}],"author":[{"embeddable":true,"href":"https:\/\/www.europesays.com\/es\/wp-json\/wp\/v2\/users\/2"}],"replies":[{"embeddable":true,"href":"https:\/\/www.europesays.com\/es\/wp-json\/wp\/v2\/comments?post=156434"}],"version-history":[{"count":0,"href":"https:\/\/www.europesays.com\/es\/wp-json\/wp\/v2\/posts\/156434\/revisions"}],"wp:featuredmedia":[{"embeddable":true,"href":"https:\/\/www.europesays.com\/es\/wp-json\/wp\/v2\/media\/156435"}],"wp:attachment":[{"href":"https:\/\/www.europesays.com\/es\/wp-json\/wp\/v2\/media?parent=156434"}],"wp:term":[{"taxonomy":"category","embeddable":true,"href":"https:\/\/www.europesays.com\/es\/wp-json\/wp\/v2\/categories?post=156434"},{"taxonomy":"post_tag","embeddable":true,"href":"https:\/\/www.europesays.com\/es\/wp-json\/wp\/v2\/tags?post=156434"}],"curies":[{"name":"wp","href":"https:\/\/api.w.org\/{rel}","templated":true}]}}