{"id":156440,"date":"2025-10-04T12:18:11","date_gmt":"2025-10-04T12:18:11","guid":{"rendered":"https:\/\/www.europesays.com\/es\/156440\/"},"modified":"2025-10-04T12:18:11","modified_gmt":"2025-10-04T12:18:11","slug":"muerte-en-directo-en-tiktok-de-balin-miller-mientras-escalaba-en-yosemite-el-montanista-deportes","status":"publish","type":"post","link":"https:\/\/www.europesays.com\/es\/156440\/","title":{"rendered":"Muerte en directo en TikTok de Balin Miller mientras escalaba en Yosemite | El Monta\u00f1ista | Deportes"},"content":{"rendered":"<p class=\"\">Una de las atracciones del <a href=\"https:\/\/elpais.com\/deportes\/el-montanista\/2022-06-21\/un-viaje-de-dos-meses-y-medio-para-escalar-la-ruta-mas-dificil-en-yosemite-y-fallar-en-el-ultimo-movimiento.html\" target=\"_self\" rel=\"nofollow noopener\" title=\"https:\/\/elpais.com\/deportes\/el-montanista\/2022-06-21\/un-viaje-de-dos-meses-y-medio-para-escalar-la-ruta-mas-dificil-en-yosemite-y-fallar-en-el-ultimo-movimiento.html\">Parque Nacional de Yosemite<\/a> (California, Estados Unidos) consiste en sentarse en la pradera a los pies de la pared de El Capit\u00e1n, y seguir con la mirada las evoluciones de los escaladores, c\u00f3modamente instalado en una silla y con la nevera a mano. Muchos llevan prism\u00e1ticos, c\u00e1maras con poderosos teleobjetivos y los hay incluso que graban determinadas ascensiones y las cuelgan en vivo en la red. As\u00ed, en streaming, 500 espectadores vieron el pasado mi\u00e9rcoles morir al escalador estadounidense Balin Miller, quien se encontraba apenas a un largo de finalizar la ruta \u2018Sea of dreams\u2019, famoso itinerario de artificial que trataba de escalar en solitario pero autoasegurado. Seg\u00fan la revista Climbing, su petate se atasc\u00f3 cuando trataba de izarlo, lo que obligo al joven escalador a rapelar para recolocarlo correctamente. Una maniobra fastidiosa pero sencilla. <\/p>\n<p class=\"\">Sin embargo, todo parece indicar que Miller alcanz\u00f3 con su aparato descensor el final de su cuerda, que carec\u00eda de nudo de seguridad, y cay\u00f3 al vac\u00edo desde una altura de 700 metros ante la mirada horrorizada de los espectadores en Tik Tok. <\/p>\n<p class=\"\">Escalar en solitario autoasegurado no tiene nada que ver con hacerlo en solo integral, es decir, sin cuerda, arn\u00e9s ni nada que impida un accidente fatal en caso de ca\u00edda. Miller, empleando t\u00e9cnicas habituales de autoaseguramiento, tuvo que escalar cada largo, fijar la cuerda, descender hasta la reuni\u00f3n anterior y remontar por la cuerda recuperando al mismo tiempo el material empleado para protegerse: un ejercicio agotador pero muy enriquecedor para los que gustan de escalar sin compa\u00f1ero, aunque la empresa exija pasar varios d\u00edas en la pared. <\/p>\n<p class=\"\">La carrera de Miller habr\u00e1 sido tan impresionante como breve, tan fulgurante su a\u00f1o 2025 como espeluznante su adi\u00f3s. Ten\u00eda 23 a\u00f1os, naci\u00f3 en Alaska, y fue en su tierra donde anunci\u00f3 un futuro que parec\u00eda no tener l\u00edmites: el pasado mes de junio firm\u00f3 la primera ascensi\u00f3n en solitario de la \u2018Slovak direct\u2019 al Denali, ruta tan ic\u00f3nica que cuenta con contad\u00edsimas repeticiones, entre ellas la de los alpinistas catalanes <a href=\"https:\/\/elpais.com\/deportes\/el-montanista\/2025-08-15\/marc-toralles-bru-busom-y-ruben-sanmartin-firman-una-ascension-de-otra-galaxia-al-yerupaja.html\" target=\"_self\" rel=\"nofollow noopener\" title=\"https:\/\/elpais.com\/deportes\/el-montanista\/2025-08-15\/marc-toralles-bru-busom-y-ruben-sanmartin-firman-una-ascension-de-otra-galaxia-al-yerupaja.html\">Marc Toralles y Bru Busom<\/a>, en 2019. Se hab\u00edan dado ascensiones rel\u00e1mpago, apenas 17 horas a cargo de Sam Hennessey, Michael Gardner y Roy Smith (2022), casi ciencia ficci\u00f3n, pero nadie hab\u00eda siquiera contemplado la posibilidad de citarse con el problema en solitario. Miller dijo \u201cestar contento por haber salido de ese infierno\u201d cuando complet\u00f3 el reto, invirtiendo casi 60 horas, muchas de ellas en la tienda de campa\u00f1a.<\/p>\n<p><img decoding=\"auto\" class=\"_re lazyload a_m-h\" height=\"363\"  width=\"414\"  src=\"https:\/\/www.europesays.com\/es\/wp-content\/uploads\/2025\/10\/MMMTNSG77FET7K6XNSLSYXXOGY.WEBP\" loading=\"lazy\"\/>Balin Miller escalando hielo.Miller.com<\/p>\n<p class=\"\">Miller sol\u00eda privilegiar la escalada en solitario, ejercicio en el que en 2025 se revel\u00f3 como un verdadero fen\u00f3meno: as\u00ed firm\u00f3 la ruta Californiana al <a href=\"https:\/\/elpais.com\/deportes\/2021-03-21\/hazana-en-solitario-en-el-fitz-roy.html\" target=\"_self\" rel=\"nofollow noopener\" title=\"https:\/\/elpais.com\/deportes\/2021-03-21\/hazana-en-solitario-en-el-fitz-roy.html\">Fitz Roy<\/a>, en la Patagonia argentina, o la primera repetici\u00f3n en las Rocosas Canadienses de una ruta abierta en 1988 por Mark Twight y Randy Rackliff. Es decir, palabras mayores. Su a\u00f1o m\u00e1gico contaba igualmente con la ascensi\u00f3n en solitario de la ruta French Connection del Mount Hunter, revel\u00e1ndose como un alpinista y escalador de una rara polivalencia pese a su juventud.<\/p>\n<p class=\"\">Miller descubri\u00f3 el monta\u00f1ismo de la mano de su padre, y su afecto por el invierno y las cimas nevadas por las circunstancias: sol\u00eda decir que crecer en Alaska te lleva casi sin darte cuenta a practicar el alpinismo, la escalada en hielo y el esqu\u00ed de monta\u00f1a. Una avalancha casi frena en seco su adolescencia, lo que no le impidi\u00f3 reducir su vida a la esfera del monta\u00f1ismo y la escalada: apreciaba el b\u00falder, la escalada deportiva en roca, la escalada de grandes paredes, los grandes retos alpinos, y encontraba pocos atractivos fuera de este reducido mundo. No contemplaba el miedo y al peligro inherentes al alpinismo como un freno sino como un estimulo y, casi, una necesidad que a su juicio todos deber\u00edan probar. \u201cNo estresarse con problemas mucho m\u00e1s fr\u00edvolos\u201d, aseguraba en la web de su patrocinador franc\u00e9s, Millet. En este espacio, dej\u00f3 una frase que estremece: \u201cEs preciso estar comprometido con la incertidumbre, ya sea cuando abres una ruta nueva o cuando rapelas de noche porque nunca sabes exactamente qu\u00e9 puedes encontrarte y no siempre puedes escapar\u201d. <\/p>\n","protected":false},"excerpt":{"rendered":"Una de las atracciones del Parque Nacional de Yosemite (California, Estados Unidos) consiste en sentarse en la pradera&hellip;\n","protected":false},"author":2,"featured_media":156441,"comment_status":"","ping_status":"","sticky":false,"template":"","format":"standard","meta":{"footnotes":""},"categories":[42],"tags":[12967,17,18,12969,168,12968,927,629,13,14,11,61,62,63,64,19,20,7942,9,10,15,16,23879,12,21,22,65,66,67],"class_list":{"0":"post-156440","1":"post","2":"type-post","3":"status-publish","4":"format-standard","5":"has-post-thumbnail","7":"category-internacional","8":"tag-alpinismo","9":"tag-breaking-news","10":"tag-breakingnews","11":"tag-deporte-aventura","12":"tag-deportes","13":"tag-deportes-invierno","14":"tag-deportistas","15":"tag-estados-unidos","16":"tag-featured-news","17":"tag-featurednews","18":"tag-headlines","19":"tag-internacional","20":"tag-international","21":"tag-international-news","22":"tag-internationalnews","23":"tag-latest-news","24":"tag-latestnews","25":"tag-montanismo","26":"tag-news","27":"tag-noticias","28":"tag-noticias-destacadas","29":"tag-noticiasdestacadas","30":"tag-parques-nacionales","31":"tag-titulares","32":"tag-ultimas-noticias","33":"tag-ultimasnoticias","34":"tag-world","35":"tag-world-news","36":"tag-worldnews"},"share_on_mastodon":{"url":"","error":""},"_links":{"self":[{"href":"https:\/\/www.europesays.com\/es\/wp-json\/wp\/v2\/posts\/156440","targetHints":{"allow":["GET"]}}],"collection":[{"href":"https:\/\/www.europesays.com\/es\/wp-json\/wp\/v2\/posts"}],"about":[{"href":"https:\/\/www.europesays.com\/es\/wp-json\/wp\/v2\/types\/post"}],"author":[{"embeddable":true,"href":"https:\/\/www.europesays.com\/es\/wp-json\/wp\/v2\/users\/2"}],"replies":[{"embeddable":true,"href":"https:\/\/www.europesays.com\/es\/wp-json\/wp\/v2\/comments?post=156440"}],"version-history":[{"count":0,"href":"https:\/\/www.europesays.com\/es\/wp-json\/wp\/v2\/posts\/156440\/revisions"}],"wp:featuredmedia":[{"embeddable":true,"href":"https:\/\/www.europesays.com\/es\/wp-json\/wp\/v2\/media\/156441"}],"wp:attachment":[{"href":"https:\/\/www.europesays.com\/es\/wp-json\/wp\/v2\/media?parent=156440"}],"wp:term":[{"taxonomy":"category","embeddable":true,"href":"https:\/\/www.europesays.com\/es\/wp-json\/wp\/v2\/categories?post=156440"},{"taxonomy":"post_tag","embeddable":true,"href":"https:\/\/www.europesays.com\/es\/wp-json\/wp\/v2\/tags?post=156440"}],"curies":[{"name":"wp","href":"https:\/\/api.w.org\/{rel}","templated":true}]}}