{"id":156442,"date":"2025-10-04T12:19:07","date_gmt":"2025-10-04T12:19:07","guid":{"rendered":"https:\/\/www.europesays.com\/es\/156442\/"},"modified":"2025-10-04T12:19:07","modified_gmt":"2025-10-04T12:19:07","slug":"las-manifestaciones-en-apoyo-a-palestina-y-la-flotilla-de-gaza-en-imagenes-fotos-espana-el-pais","status":"publish","type":"post","link":"https:\/\/www.europesays.com\/es\/156442\/","title":{"rendered":"Las manifestaciones en apoyo a Palestina y la flotilla de Gaza, en im\u00e1genes | Fotos | Espa\u00f1a &#8211; EL PA\u00cdS"},"content":{"rendered":"<ol>\n<li><a href=\"https:\/\/news.google.com\/rss\/articles\/CBMitwFBVV95cUxQb3hMblUxQzBFb1ZqY3lKMkVRdHNNR0R2aGUtTlR5ZmJnMnFOaUtPaW1RZjMyUlZZUlBvMHR6N2tJTXIwUVQ5dzFFaFFyUEFiRjc1cjdjTVVzV0YzN29PdFNsa0pzZW1lejMtTS1JMlF3a0hnamE0eGlCRDF2TzhodUwyU2I2Y0Q1eS1HSV9jWVVOdXpWR0Z3NTJ4bi1oMmtQemM4MW9UdkJpb2swZXA4Y2tNSWVobjg?oc=5\" target=\"_blank\" rel=\"nofollow noopener\">Las manifestaciones en apoyo a Palestina y la flotilla de Gaza, en im\u00e1genes | Fotos | Espa\u00f1a<\/a>&nbsp;&nbsp;EL PA\u00cdS<\/li>\n<li><a href=\"https:\/\/news.google.com\/rss\/articles\/CBMifEFVX3lxTE1mNk1MNWVYZEgtU3FTUFZ6azk2OG9MOU1TSk56dldWME1tSE1xbmh2bkU4YkRaS1YtY0VteXkyaGZpMDBWV0lkYlVSOXpGcERNalF5ZmlaU0tuUF9OTlpoVjhHRzh0Q1NaN2RQR1pBbGJ0dGFTNzJVaGR2ZmLSAXxBVV95cUxObHZrd2IyNTFlRUNEblpxbTNMcVlMbDQwUnVmWjJYTWlYeENyWUJNU2Qwem9CRmtxMHNoR2dxLUdrV3ZkdnBFcmJ3Sks0d25WRlYwa2l4Z1Rad0VxUVRheC1LemZ0dUhZQ1FlaHFjQUdQZWxyTzk3MjU3WlIw?oc=5\" target=\"_blank\" rel=\"nofollow noopener\">Manifestaciones por Palestina: 70.000 personas exigen en Barcelona el boicot a Israel y la acampada por Gaza se mantiene en el puerto<\/a>&nbsp;&nbsp;El Mundo<\/li>\n<li><a href=\"https:\/\/news.google.com\/rss\/articles\/CBMi8AFBVV95cUxOUTZrRWZzTzMzcnB4VlJuc0xVUW9JWkhOOHJnYnVKU255cHFrVTJ3MGI4aExtVFVlX2lSSHpnVnFXN3BRNW1Ud1h5WV9lU2RlcGJqN19EM2ZCRjFGcEFheGlxMWpUUDB5bkFEdGZDalRoRTJOdWdZRl9ITEl1NHNIdUt1MGdsUERnVDM0eWx4WExVTWtjSkd6M1hNXzBjZlB4RVZRaGlKa29jeDFZSjJKT0lZUlJyaTAtUFRMV3lKODdCS3RrWmtrMTVhMkhtQ25QcmJGVkZUQldseDJnUGJtU2xrc0tPZVNuM0FKU2F3WDTSAfABQVVfeXFMTVFGSXhjU2duU1JCcER5aW5WRUVac1lZODhCT1ZWWFhfTkpzQUdqVEZ3Z08waWNrcWt1aFQ2MU9UODFIRUMxcmVLSkJIUDJKdE1aVl9DM0RvaHVCc1QtaXB0NllzaEVkc0l3bG9zUkIxQVB0ZHhUckNVQ2c3WnBlY3Iwd2hnVC1EeTB5ZVZWNzlyaEZlRzFBV2F4X1prVE4zWTQwVFV5NGY4bS1XcUZ3V256MGpteGI1WktrY3c1UWZjU3ItVUtxakdvcVVDUmdKRnR6WWowcUlpRERBMGFYN09memRTQmVMaG5xV0xpMWo3?oc=5\" target=\"_blank\" rel=\"nofollow noopener\">Miles de personas se manifiestan en ciudades de toda Espa\u00f1a contra el genocidio de Israel en Gaza<\/a>&nbsp;&nbsp;LaSexta<\/li>\n<li><a href=\"https:\/\/news.google.com\/rss\/articles\/CBMiugFBVV95cUxPR215c0NqRm91OEJDT2RWMTFYSk9hV1hJY3g0SzNaQ1dKcEhoM3NhQ29NUU45VFF5ZFlqUUtEQjZlWXJXNGJmMElDU3ZteFhiZEFfTDlWTjRqZjlBNTJvU0ZsbTgycS0xVmFibVRXUHZCbkdaTVJzelAzM2lLOG8zZEJWajAxaTdlN3hBM2Z3OXpLMDlBSFF1TlotckVqVl9qWHNOclZ3OV9VRzBrT05Fc2Fzc3V4T2lJLXfSAb8BQVVfeXFMTnFRU3kwZm5LUXBFQVhlRC1VWTVORmJfUlA1SjdKOUdNR3pQTTJMU3hRV1U2NjM2SWM1RmlQR0U4NzczNWNOb3pXMjRJSk1FMEt4ZlgzUENTVlhrUWlvUk8tWW9RWWhUdURucVZFaElQV3Nzek1XTUVDZTVDZlhJYzdvcGd3cEE5cXNQNzlnSVFCeEpNOFJqeUstWVAyT0FyOUhwQ080MmVOS0ZfaXQxVVY4TFVRX0VnYlJqZDF0Mms?oc=5\" target=\"_blank\" rel=\"nofollow noopener\">Horario, recorrido y cortes de tr\u00e1fico por la manifestaci\u00f3n este 4 de octubre en Barcelona por Palestina<\/a>&nbsp;&nbsp;El Confidencial<\/li>\n<li><a href=\"https:\/\/news.google.com\/rss\/articles\/CBMijgFBVV95cUxQa2tpQ1lQdzhlNG5vUDBsOElkZmdYdkxEc3BUWUs1dXJkeHNjN0RreVlHX01WTWtiZmZMb0hZNl9XRWNuSUY1SUxlWmU4Y2p2YzR6VU9rdTRNYTRVbldxOG5tcWdGYkZJZ2J3X3B3Zl9QZmZZaGVkZmpPX25zS1hKZjFta3owNTN2OXpURENR?oc=5\" target=\"_blank\" rel=\"nofollow noopener\">Palestina se queda sin Champions, por Jordi \u00c9vole<\/a>&nbsp;&nbsp;La Vanguardia<\/li>\n<\/ol>\n","protected":false},"excerpt":{"rendered":"Las manifestaciones en apoyo a Palestina y la flotilla de Gaza, en im\u00e1genes | Fotos | Espa\u00f1a&nbsp;&nbsp;EL PA\u00cdS&hellip;\n","protected":false},"author":2,"featured_media":156443,"comment_status":"","ping_status":"","sticky":false,"template":"","format":"standard","meta":{"footnotes":""},"categories":[8],"tags":[17,18,25,24,13,14,11,19,20,9,10,15,16,23,12,21,22],"class_list":{"0":"post-156442","1":"post","2":"type-post","3":"status-publish","4":"format-standard","5":"has-post-thumbnail","7":"category-espana","8":"tag-breaking-news","9":"tag-breakingnews","10":"tag-es","11":"tag-espana","12":"tag-featured-news","13":"tag-featurednews","14":"tag-headlines","15":"tag-latest-news","16":"tag-latestnews","17":"tag-news","18":"tag-noticias","19":"tag-noticias-destacadas","20":"tag-noticiasdestacadas","21":"tag-spain","22":"tag-titulares","23":"tag-ultimas-noticias","24":"tag-ultimasnoticias"},"share_on_mastodon":{"url":"","error":""},"_links":{"self":[{"href":"https:\/\/www.europesays.com\/es\/wp-json\/wp\/v2\/posts\/156442","targetHints":{"allow":["GET"]}}],"collection":[{"href":"https:\/\/www.europesays.com\/es\/wp-json\/wp\/v2\/posts"}],"about":[{"href":"https:\/\/www.europesays.com\/es\/wp-json\/wp\/v2\/types\/post"}],"author":[{"embeddable":true,"href":"https:\/\/www.europesays.com\/es\/wp-json\/wp\/v2\/users\/2"}],"replies":[{"embeddable":true,"href":"https:\/\/www.europesays.com\/es\/wp-json\/wp\/v2\/comments?post=156442"}],"version-history":[{"count":0,"href":"https:\/\/www.europesays.com\/es\/wp-json\/wp\/v2\/posts\/156442\/revisions"}],"wp:featuredmedia":[{"embeddable":true,"href":"https:\/\/www.europesays.com\/es\/wp-json\/wp\/v2\/media\/156443"}],"wp:attachment":[{"href":"https:\/\/www.europesays.com\/es\/wp-json\/wp\/v2\/media?parent=156442"}],"wp:term":[{"taxonomy":"category","embeddable":true,"href":"https:\/\/www.europesays.com\/es\/wp-json\/wp\/v2\/categories?post=156442"},{"taxonomy":"post_tag","embeddable":true,"href":"https:\/\/www.europesays.com\/es\/wp-json\/wp\/v2\/tags?post=156442"}],"curies":[{"name":"wp","href":"https:\/\/api.w.org\/{rel}","templated":true}]}}