{"id":156444,"date":"2025-10-04T12:20:16","date_gmt":"2025-10-04T12:20:16","guid":{"rendered":"https:\/\/www.europesays.com\/es\/156444\/"},"modified":"2025-10-04T12:20:16","modified_gmt":"2025-10-04T12:20:16","slug":"la-mesa-tecnica-de-seguridad-valora-la-reduccion-de-un-87-de-la-criminalidad-convencional-en-jerez-en-el-segundo-trimestre-de-2025","status":"publish","type":"post","link":"https:\/\/www.europesays.com\/es\/156444\/","title":{"rendered":"La Mesa T\u00e9cnica de Seguridad valora \u201cla reducci\u00f3n de un 8,7% de la criminalidad convencional en Jerez en el segundo trimestre de 2025\u201d"},"content":{"rendered":"<p>El teniente de alcaldesa de Seguridad, Jos\u00e9 Ignacio Mart\u00ednez, ha agradecido a la Polic\u00eda Local y a la Polic\u00eda Nacional, as\u00ed como a los miembros de la Mesa T\u00e9cnica de Seguridad sus aportaciones desde los distintos distritos vecinales y asociaciones de comerciantes \u201c<strong>por la reducci\u00f3n del 8,7% de la criminalidad convencional en Jerez en el segundo trimestre de 2025\u201d e<\/strong>stas bajadas en la criminalidad convencional, han sido una constante desde julio de 2023, que fue cuando este inici\u00f3 el actual mandato desde el Gobierno de Jerez\u201d.<\/p>\n<p>\u201cNo vamos a parar ni a caer en la autocomplacencia, la Polic\u00eda Local y la Polic\u00eda Nacional, as\u00ed como Guardia Civil en su \u00e1mbito, se enfrentan a una sociedad cambiante, con nuevas amenazas tambi\u00e9n a nivel tecnol\u00f3gico, y se enfrentan cada d\u00eda a un alto nivel de exigencia. <strong>Desde el Gobierno de Jerez les trasladamos nuevamente nuestro agradecimiento a su empe\u00f1o diario<\/strong> y les felicitamos por los resultados obtenidos\u201d, ha a\u00f1adido Jos\u00e9 Ignacio Mart\u00ednez.<\/p>\n<p>Igualmente, Mart\u00ednez ha recordado que \u201cdesde nuestra llegada al Gobierno de la ciudad en junio de 2023 <strong>la mejora de las condiciones y los medios laborales de los agentes de la Polic\u00eda Local<\/strong> ha sido una de las l\u00edneas prioritarias de la acci\u00f3n de Gobierno, y ah\u00ed est\u00e1n los hechos, con m\u00e1s medios y la reciente reapertura de la Escuela de la Polic\u00eda Local, que hace de Jerez un referente en Andaluc\u00eda junto a Sevilla, C\u00f3rdoba y M\u00e1laga\u201d.<\/p>\n<p><strong>La Polic\u00eda Local<\/strong> ha presentado a los miembros de la Mesa el detalle de las 3<strong>.415 incidencias gestionadas por los agentes<\/strong> del citado cuerpo en el periodo comprendido entre el 24 de julio y el 22 de septiembre, ambos inclusive. Destacan en este sentido los 1.677 informes de vigilancias espec\u00edficas por demandas ciudadanas recibidas, las 4 denuncias y sus pertinentes informes por uso indebido o irregular de las tarjetas de aparcamiento de personas con movilidad reducida; los 18 controles de alcoholemia, que se han saldado con 2 detenidos por delitos contra la Seguridad Vial y 19 denuncias administrativas y 2 por positivo en drogas. Tambi\u00e9n resaltan los detenidos e investigados \u2018no detenidos\u2019 en este periodo: 58 por delitos contra la Seguridad Vial y 23 por otros motivos.<\/p>\n<p>En cuanto a los <strong>controles policiales se han realizado tambi\u00e9n 18 en distintas barriadas del t\u00e9rmino municipal,<\/strong> 5 de ellos junto a la Polic\u00eda Nacional, y 15 controles espec\u00edficos de tr\u00e1fico. Se han intervenido 65 veh\u00edculos abandonados en la v\u00eda p\u00fablica y se han elevado 53 informes a Asuntos Sociales.<\/p>\n<p>Por su parte, <strong>Polic\u00eda Nacional ha recordado la vigencia de los dispositivos conjuntos establecidos con Polic\u00eda Local y en atenci\u00f3n a las demandas de la Mesa de Seguridad<\/strong> en San Juan de Dios, San Valent\u00edn, Icovesa, La Plata y Las Torres. Asimismo en la Zona Sur se ha establecido una especial operaci\u00f3n que se ha saldado con varios detenidos y se han levantado actas en el parque Sebasti\u00e1n Pe\u00f1a. <strong>Del mismo modo se ha intensificado la vigilancia en el antiguo colegio Paid\u00f3s y en la barriada La Alegr\u00eda.<\/strong><\/p>\n<p>Por parte de las asociaciones de vecinos y de las Federaciones de AVV \u2018Solidaridad\u2019 y \u2018La Plazoleta 2.0\u2019 se ha reconocido y agradecido la labor de la Polic\u00eda Local y de la Polic\u00eda Nacional en atenci\u00f3n a las demandas planteadas, valor\u00e1ndose positivamente el descenso en el n\u00famero de delitos convencionales en los dos \u00faltimos a\u00f1os, y se han propuesto distintas zonas de la ciudad susceptibles de refuerzo de vigilancia para prevenir la comisi\u00f3n de actos delictivos.<\/p>\n","protected":false},"excerpt":{"rendered":"El teniente de alcaldesa de Seguridad, Jos\u00e9 Ignacio Mart\u00ednez, ha agradecido a la Polic\u00eda Local y a la&hellip;\n","protected":false},"author":2,"featured_media":156445,"comment_status":"","ping_status":"","sticky":false,"template":"","format":"standard","meta":{"footnotes":""},"categories":[5],"tags":[17,18,25,24,13,14,11,19,20,9,10,15,16,23,12,21,22],"class_list":{"0":"post-156444","1":"post","2":"type-post","3":"status-publish","4":"format-standard","5":"has-post-thumbnail","7":"category-titulares","8":"tag-breaking-news","9":"tag-breakingnews","10":"tag-es","11":"tag-espana","12":"tag-featured-news","13":"tag-featurednews","14":"tag-headlines","15":"tag-latest-news","16":"tag-latestnews","17":"tag-news","18":"tag-noticias","19":"tag-noticias-destacadas","20":"tag-noticiasdestacadas","21":"tag-spain","22":"tag-titulares","23":"tag-ultimas-noticias","24":"tag-ultimasnoticias"},"share_on_mastodon":{"url":"","error":""},"_links":{"self":[{"href":"https:\/\/www.europesays.com\/es\/wp-json\/wp\/v2\/posts\/156444","targetHints":{"allow":["GET"]}}],"collection":[{"href":"https:\/\/www.europesays.com\/es\/wp-json\/wp\/v2\/posts"}],"about":[{"href":"https:\/\/www.europesays.com\/es\/wp-json\/wp\/v2\/types\/post"}],"author":[{"embeddable":true,"href":"https:\/\/www.europesays.com\/es\/wp-json\/wp\/v2\/users\/2"}],"replies":[{"embeddable":true,"href":"https:\/\/www.europesays.com\/es\/wp-json\/wp\/v2\/comments?post=156444"}],"version-history":[{"count":0,"href":"https:\/\/www.europesays.com\/es\/wp-json\/wp\/v2\/posts\/156444\/revisions"}],"wp:featuredmedia":[{"embeddable":true,"href":"https:\/\/www.europesays.com\/es\/wp-json\/wp\/v2\/media\/156445"}],"wp:attachment":[{"href":"https:\/\/www.europesays.com\/es\/wp-json\/wp\/v2\/media?parent=156444"}],"wp:term":[{"taxonomy":"category","embeddable":true,"href":"https:\/\/www.europesays.com\/es\/wp-json\/wp\/v2\/categories?post=156444"},{"taxonomy":"post_tag","embeddable":true,"href":"https:\/\/www.europesays.com\/es\/wp-json\/wp\/v2\/tags?post=156444"}],"curies":[{"name":"wp","href":"https:\/\/api.w.org\/{rel}","templated":true}]}}