{"id":156448,"date":"2025-10-04T12:22:14","date_gmt":"2025-10-04T12:22:14","guid":{"rendered":"https:\/\/www.europesays.com\/es\/156448\/"},"modified":"2025-10-04T12:22:14","modified_gmt":"2025-10-04T12:22:14","slug":"un-40-de-los-abonados-de-las-ventas-tienen-menos-de-40-anos","status":"publish","type":"post","link":"https:\/\/www.europesays.com\/es\/156448\/","title":{"rendered":"Un 40% de los abonados de Las Ventas tienen menos de 40 a\u00f1os"},"content":{"rendered":"<p class=\"mce\"><strong class=\"mce\">Rafael Garc\u00eda Garrido<\/strong>, director General de Plaza 1, empresa que gestiona la Plaza de Toros de las Ventas se ha pasado por Buenos D\u00edas Madrid para hablar del inicio de la Feria de Oto\u00f1o, uno de los grandes eventos culturales del a\u00f1o en la Capital.<\/p>\n<p class=\"mce\">Este a\u00f1o, adem\u00e1s, con r\u00e9cord de abonados, rozando los 20.000 consiguiendo que la<strong class=\"mce\"> tauromaquia<\/strong> vuelva al lugar que merece, tanto en afluencia de p\u00fablico como en notoriedad en medios.<\/p>\n<p class=\"mce\">El jueves comenz\u00f3 la feria con una <strong class=\"mce\">novillada<\/strong> y el empresario destacaba que \u201csiempre es un placer ver gente en los tendidos, pero en una novillada que pretende promocionar a los m\u00e1s j\u00f3venes, m\u00e1s\u201d.<\/p>\n<p class=\"mce\">Asegura que los datos conseguidos son trabajo de muchos a\u00f1os gestionando la<strong class=\"mce\"> Plaza de Las Ventas<\/strong> y que desde que llegaron como empresa no han hecho m\u00e1s que intentar acercar a la gente joven a los toros.<\/p>\n<p class=\"mce\">\u201cLo hemos conseguido. Un 40% por ciento de los tendidos de Las Ventas est\u00e1n ocupados por personas de menos de cuarenta a\u00f1os, cada d\u00eda se nota m\u00e1s la afluencia de <strong class=\"mce\">gente joven<\/strong> y eso garantiza el futuro de la fiesta\u201d<\/p>\n<p>                    El 12 de Octubre                    <\/p>\n<p class=\"mce\">Sin duda el momento m\u00e1s destacado de la<strong class=\"mce\"> feria de Oto\u00f1o<\/strong> va a ser el 12 de octubre, con la doble presencia de <strong class=\"mce\">Jos\u00e9 Antonio Morante de la Puebla<\/strong> en la Monumental. Por la ma\u00f1ana como organizador y participante del festival que va a rendir homenaje a Antonio Chenel, Anto\u00f1ete.<\/p>\n<p class=\"mce\">Un torero ilustre de Madrid y al que se va a levantar una estatua con los beneficios obtenidos en este festival. Por la tarde, para despedir a<strong class=\"mce\"> Fernando Roble\u00f1o<\/strong>, otro matador de toros madrile\u00f1o y que actualmente dirige la Escuela de Tauromaquia Jos\u00e9 Cubero Yiyo.<\/p>\n<p class=\"mce\">\u201cS\u00f3lo con lo anunciado ya es un d\u00eda hist\u00f3rico.\u201d Dice el empresario, que adem\u00e1s espera que todo sea un \u00e9xito porque adem\u00e1s no es una <strong class=\"mce\">log\u00edstica<\/strong> f\u00e1cil la que hay que aplicar.<\/p>\n<p class=\"mce\">\u201cLa gente saldr\u00e1 del <strong class=\"mce\">festival<\/strong> a las 15.00h y volvemos a abrir puertas a las 17.00 para la <strong class=\"mce\">corrida<\/strong> de por la tarde. Ya es una fecha para la historia, ojal\u00e1 que lo pase en el ruedo, tambi\u00e9n lo sea\u201d<\/p>\n","protected":false},"excerpt":{"rendered":"Rafael Garc\u00eda Garrido, director General de Plaza 1, empresa que gestiona la Plaza de Toros de las Ventas&hellip;\n","protected":false},"author":2,"featured_media":156449,"comment_status":"","ping_status":"","sticky":false,"template":"","format":"standard","meta":{"footnotes":""},"categories":[277],"tags":[373,168,25,24,5727,5729,5728,23,167,5726,374,5730],"class_list":{"0":"post-156448","1":"post","2":"type-post","3":"status-publish","4":"format-standard","5":"has-post-thumbnail","7":"category-toreo","8":"tag-bullfighting","9":"tag-deportes","10":"tag-es","11":"tag-espana","12":"tag-programacion-a-la-carta","13":"tag-programas-telemadrid","14":"tag-programas-television","15":"tag-spain","16":"tag-sports","17":"tag-telemadrid-a-la-carta","18":"tag-toreo","19":"tag-vod"},"share_on_mastodon":{"url":"","error":""},"_links":{"self":[{"href":"https:\/\/www.europesays.com\/es\/wp-json\/wp\/v2\/posts\/156448","targetHints":{"allow":["GET"]}}],"collection":[{"href":"https:\/\/www.europesays.com\/es\/wp-json\/wp\/v2\/posts"}],"about":[{"href":"https:\/\/www.europesays.com\/es\/wp-json\/wp\/v2\/types\/post"}],"author":[{"embeddable":true,"href":"https:\/\/www.europesays.com\/es\/wp-json\/wp\/v2\/users\/2"}],"replies":[{"embeddable":true,"href":"https:\/\/www.europesays.com\/es\/wp-json\/wp\/v2\/comments?post=156448"}],"version-history":[{"count":0,"href":"https:\/\/www.europesays.com\/es\/wp-json\/wp\/v2\/posts\/156448\/revisions"}],"wp:featuredmedia":[{"embeddable":true,"href":"https:\/\/www.europesays.com\/es\/wp-json\/wp\/v2\/media\/156449"}],"wp:attachment":[{"href":"https:\/\/www.europesays.com\/es\/wp-json\/wp\/v2\/media?parent=156448"}],"wp:term":[{"taxonomy":"category","embeddable":true,"href":"https:\/\/www.europesays.com\/es\/wp-json\/wp\/v2\/categories?post=156448"},{"taxonomy":"post_tag","embeddable":true,"href":"https:\/\/www.europesays.com\/es\/wp-json\/wp\/v2\/tags?post=156448"}],"curies":[{"name":"wp","href":"https:\/\/api.w.org\/{rel}","templated":true}]}}