{"id":156452,"date":"2025-10-04T12:29:14","date_gmt":"2025-10-04T12:29:14","guid":{"rendered":"https:\/\/www.europesays.com\/es\/156452\/"},"modified":"2025-10-04T12:29:14","modified_gmt":"2025-10-04T12:29:14","slug":"mbappe-le-come-todas-las-tostadas-a-vinicius-y-valverde-se-queda-como-el-ultimo-de-la-fila","status":"publish","type":"post","link":"https:\/\/www.europesays.com\/es\/156452\/","title":{"rendered":"Mbapp\u00e9 le come todas las tostadas a Vinicius y Valverde se queda como el \u00faltimo de la fila"},"content":{"rendered":"<p class=\"ft-text\">Hubo colas kilom\u00e9tricas en Almaty, que vivi\u00f3 la visita del Real Madrid como un acontecimiento hist\u00f3rico. Alguno hasta falsific\u00f3 las entradas, porque en el Ortalyk Stad\u0131on esperaba una bestia llamada <a class=\"ft-link ft-link--decoration\" href=\"https:\/\/www.sport.es\/es\/noticias\/real-madrid\/mbappe-olvida-manita-derbi-volver-122133689\" rel=\"nofollow noopener\" target=\"_blank\">Mbapp\u00e9, que lleva 13 goles en nueve partidos<\/a>. A su lado, un &#8216;concertino&#8217; turco llamado Arda G\u00fcler, con el que mejor se entiende en un equipo que vive de su inspiraci\u00f3n. Desconectado se sigue encontrando <strong>Vinicius, quien volvi\u00f3 a mostrarse contrariado por el cambio que aprovech\u00f3 Rodrygo<\/strong>. El 0-5 se forj\u00f3 desde el banquillo, con el &#8217;11&#8217; pescando en las aguas revueltas de un &#8216;7&#8217; que fue capit\u00e1n.<\/p>\n<p>G\u00fcler, el jugador que m\u00e1s ha progresado<\/p>\n<p class=\"ft-text\">A Vinicius le incomoda no ser el faro del Real Madrid, como anta\u00f1o. En el derbi, antes de la debacle, se produjo una foto que busca a ser un s\u00edmbolo y solo fue un espejismo: la de la celebraci\u00f3n de Bellingham, Vinicius y Mbapp\u00e9.<strong> Todo, en un gol de G\u00fcler, el jugador que m\u00e1s ha progresado con Xabi Alonso<\/strong>. La realidad es que el vasco todav\u00eda no tiene un once definido. Hasta el siniestro total del Metropolitano, la alternancia se sosten\u00eda, pero cada cambio se mira con lupa.<\/p>\n<p class=\"ft-text\">En la banda, el tolosarra se desesper\u00f3 con el inicio de su equipo, porque buscaba una r\u00e1pida reacci\u00f3n con respecto a lo sucedido en el derbi. No se produjo y eso provoc\u00f3 que, hasta la segunda parte, no llegase la liberaci\u00f3n.<a class=\"ft-link ft-link--decoration\" href=\"https:\/\/www.sport.es\/es\/noticias\/real-madrid\/valverde-xabi-alonso-lateral-derecho-champions-122079689\" rel=\"nofollow noopener\" target=\"_blank\"> El gran se\u00f1alado fue Valverde<\/a>, con quien Xabi Alonso incumpli\u00f3 una de las m\u00e1ximas no escritas: el que habla en la previa de los partidos, es titular. No solo no lo fue el uruguayo, ni siquiera tuvo minutos.<\/p>\n<p class=\"ft-text\">\u00abEs una decisi\u00f3n que estaba tomada, Fede siempre est\u00e1 dispuesto donde se le necesite, es un jugador muy generoso, con buena predisposici\u00f3n y si el partido lo hubiese necesitado hubiera jugado, como Carreras. <strong>El partido estaba enfocado, hay que dosificar esfuerzos, ven\u00edan de jugarlo casi todo y es una decisi\u00f3n de ese tipo<\/strong>\u00ab, intent\u00f3 justificar el entrenador del Real Madrid. Pero Valverde no particip\u00f3 ni en el rondo de calentamiento previo, donde est\u00e1n todos los jugadores. Eso s\u00ed, se libr\u00f3 de ser lateral derecho, aunque por ello pagar\u00e1 un precio alto.<\/p>\n<p>Xabi Alonso se cansa del debate<\/p>\n<p class=\"ft-text\">El banquillo del club blanco es un lugar caliente. Nadie quiere estar en \u00e9l, pero si algo demostr\u00f3 el encuentro frente al Kairat, es que ser suplente tiene unos deberes y responsabilidades. Lo entendi\u00f3 bien Rodrygo, quien pesc\u00f3 en aguas revueltas con dos acciones que catalizaron la goleada.<strong> Fue el contraste con un Vinicius que volvi\u00f3 a cabrearse con el mundo.<\/strong> Le dio un toque a Mastantuono por ser demasiado individualista y se frustr\u00f3 al ver que Mbapp\u00e9, autor de triplete, no defin\u00eda una asistencia precisa que le envi\u00f3. Tampoco vio puerta y se fue contrariado con el cambio.<\/p>\n<p class=\"ft-text\">Y Alaba, de regreso circunstancial al once, le dio la raz\u00f3n a Koke en el derbi: \u00abMbapp\u00e9 es el mejor del mundo\u00bb. Todas las tostadas son para el franc\u00e9s y ninguna para el brasile\u00f1o. \u00abNo, no. Otro d\u00eda si quieres, hoy no. Siempre se tiene que controlar y no ha pasado nada, <strong>el cuento de Vini no va por donde t\u00fa crees, no ha sido una queja<\/strong>, ha habido un comentario que nosotros hemos entendido\u00bb, respondi\u00f3 molesto Xabi Alonso sobre el malestar perenne de Vinicius. Aunque m\u00e1s incomodidad le genera tener que calcular al mil\u00edmetro cada movimiento que hace. Porque a \u00e9l le entregaron las llaves de un equipo que hab\u00eda dejado de competir y lo hicieron d\u00e1ndole toda la responsabilidad.<\/p>\n<p class=\"ft-text\">Por suerte, para sus intereses y proyecto, Xabi Alonso cuenta con Mbapp\u00e9, a estas alturas el jugador m\u00e1s en forma de Europa. \u00abEst\u00e1 en un momento en el que es decisivo todos los partidos. Tiene esa efectividad, es cl\u00ednico frente a la porter\u00eda y tenemos que enganchar bien con \u00e9l. Lo ha vuelto a demostrar. En el derbi el gol que marca es espectacular y <strong>necesitamos que florezca su calidad<\/strong>\u00ab, dijo el preparador blanco sobre una relaci\u00f3n de felicidad y dependencia. Como la que le produjo ver marcar a Camavinga o Brahim, a los que quiere sumar para una causa en la que exista un frente com\u00fan y no una guerra de cada uno por su cuenta.<\/p>\n","protected":false},"excerpt":{"rendered":"Hubo colas kilom\u00e9tricas en Almaty, que vivi\u00f3 la visita del Real Madrid como un acontecimiento hist\u00f3rico. Alguno hasta&hellip;\n","protected":false},"author":2,"featured_media":156453,"comment_status":"","ping_status":"","sticky":false,"template":"","format":"standard","meta":{"footnotes":""},"categories":[268],"tags":[2953,26559,1241,168,25,24,42441,280,282,24904,281,23,167,46787,1933,13334],"class_list":{"0":"post-156452","1":"post","2":"type-post","3":"status-publish","4":"format-standard","5":"has-post-thumbnail","7":"category-futbol","8":"tag-banquillo","9":"tag-cabreo","10":"tag-champions-league","11":"tag-deportes","12":"tag-es","13":"tag-espana","14":"tag-federico-valverde","15":"tag-football","16":"tag-futbol","17":"tag-mbappe","18":"tag-soccer","19":"tag-spain","20":"tag-sports","21":"tag-tostada","22":"tag-valverde","23":"tag-vinicius"},"share_on_mastodon":{"url":"","error":""},"_links":{"self":[{"href":"https:\/\/www.europesays.com\/es\/wp-json\/wp\/v2\/posts\/156452","targetHints":{"allow":["GET"]}}],"collection":[{"href":"https:\/\/www.europesays.com\/es\/wp-json\/wp\/v2\/posts"}],"about":[{"href":"https:\/\/www.europesays.com\/es\/wp-json\/wp\/v2\/types\/post"}],"author":[{"embeddable":true,"href":"https:\/\/www.europesays.com\/es\/wp-json\/wp\/v2\/users\/2"}],"replies":[{"embeddable":true,"href":"https:\/\/www.europesays.com\/es\/wp-json\/wp\/v2\/comments?post=156452"}],"version-history":[{"count":0,"href":"https:\/\/www.europesays.com\/es\/wp-json\/wp\/v2\/posts\/156452\/revisions"}],"wp:featuredmedia":[{"embeddable":true,"href":"https:\/\/www.europesays.com\/es\/wp-json\/wp\/v2\/media\/156453"}],"wp:attachment":[{"href":"https:\/\/www.europesays.com\/es\/wp-json\/wp\/v2\/media?parent=156452"}],"wp:term":[{"taxonomy":"category","embeddable":true,"href":"https:\/\/www.europesays.com\/es\/wp-json\/wp\/v2\/categories?post=156452"},{"taxonomy":"post_tag","embeddable":true,"href":"https:\/\/www.europesays.com\/es\/wp-json\/wp\/v2\/tags?post=156452"}],"curies":[{"name":"wp","href":"https:\/\/api.w.org\/{rel}","templated":true}]}}