{"id":156460,"date":"2025-10-04T12:35:24","date_gmt":"2025-10-04T12:35:24","guid":{"rendered":"https:\/\/www.europesays.com\/es\/156460\/"},"modified":"2025-10-04T12:35:24","modified_gmt":"2025-10-04T12:35:24","slug":"la-confesion-de-toni-collete-sobre-sexto-sentido-no-me-percate-que-era-una-pelicula-de-terror","status":"publish","type":"post","link":"https:\/\/www.europesays.com\/es\/156460\/","title":{"rendered":"La confesi\u00f3n de Toni Collete sobre \u201cSexto Sentido\u201d: \u201cNo me percat\u00e9 que era una pel\u00edcula de terror\u201d"},"content":{"rendered":"<p><img alt=\"La actriz pensaba que el\" class=\"global-image\" decoding=\"async\" fetchpriority=\"high\" height=\"1080\" loading=\"eager\" src=\"https:\/\/www.europesays.com\/es\/wp-content\/uploads\/2025\/10\/YWZBKKOTWRFNHL5NS45OAPVYWQ.jpg\" width=\"1920\"\/>La actriz pensaba que el filme de M. Night Shyamalan era \u201cuna historia hermosa y espiritual\u201d (Buena Vista Pictures\/IMBD)<\/p>\n<p class=\"paragraph\">Han pasado 26 a\u00f1os desde el estreno de <b>Sexto sentido<\/b> (The Sixth Sense), el filme de suspenso psicol\u00f3gico y tintes sobrenaturales que marc\u00f3 un antes y un despu\u00e9s en la historia del cine. <\/p>\n<p class=\"paragraph\">Dirigida por <b>M. Night Shyamalan<\/b> y estrenada en 1999, la pel\u00edcula se convirti\u00f3 en un fen\u00f3meno de cr\u00edtica y taquilla, con m\u00e1s de 670 millones de d\u00f3lares recaudados en el mundo y seis nominaciones al \u00d3scar, entre ellas Mejor Pel\u00edcula, Mejor Actor de Reparto para <b>Haley Joel Osment<\/b> y Mejor Actriz de Reparto para <b>Toni Collette<\/b>.<\/p>\n<p class=\"paragraph\">Hoy, a sus 51 a\u00f1os, Collette ha recordado su experiencia en el rodaje y sorprendi\u00f3 al revelar que, en un inicio, ni siquiera sab\u00eda que estaba participando en una pel\u00edcula de terror.<\/p>\n<p class=\"paragraph\">En la ficci\u00f3n, Toni Collette interpret\u00f3 a <b>Lynn Sear<\/b>, la madre de Cole (Osment), un ni\u00f1o con la inquietante capacidad de ver y comunicarse con los muertos. <\/p>\n<p><img alt=\"La aparici\u00f3n de la ni\u00f1a\" class=\"global-image\" decoding=\"async\" fetchpriority=\"low\" height=\"1080\" loading=\"lazy\" src=\"https:\/\/www.europesays.com\/es\/wp-content\/uploads\/2025\/10\/6Y6KRKPZZRBKXOCWIRIEAPA7KU.jpg\" width=\"1920\"\/>La aparici\u00f3n de la ni\u00f1a fantasma Kyra fue la secuencia que le revel\u00f3 a Collette el verdadero tono del filme (Buena Vista Pictures\/IMBD)<\/p>\n<p class=\"paragraph\">Su personaje encarna la angustia y el desconcierto de una madre que no comprende lo que le ocurre a su hijo, pero que lo acompa\u00f1a en medio de un entorno inexplicable.<\/p>\n<p class=\"paragraph\">En una entrevista reciente con Q With Tom Power, Collette confes\u00f3 que no era consciente de la naturaleza del proyecto cuando acept\u00f3 el papel.<\/p>\n<p class=\"paragraph\">\u201cYo solo pens\u00e9 que era una historia hermosa y espiritual\u201d, record\u00f3 entre risas.<\/p>\n<p class=\"paragraph\">Seg\u00fan explic\u00f3, fue en plena filmaci\u00f3n cuando descubri\u00f3 que estaba inmersa en una pel\u00edcula de terror. Ocurri\u00f3 al pasar frente a la sala de edici\u00f3n en el set, donde los t\u00e9cnicos trabajaban en una de las secuencias m\u00e1s recordadas: la aparici\u00f3n del fantasma de Kyra (Mischa Barton).<\/p>\n<p class=\"paragraph\">\u201cElla se estira y lo agarra. Y por la forma en que fue filmada, pens\u00e9: \u2018Oh, mierda, creo que esto es una pel\u00edcula de terror\u2019\u201d, relat\u00f3 la actriz sobre el momento en que comprendi\u00f3 el verdadero tono del proyecto.<\/p>\n<p><img alt=\"Para Collette, sus filmes de\" class=\"global-image\" decoding=\"async\" fetchpriority=\"low\" height=\"3476\" loading=\"lazy\" src=\"https:\/\/www.europesays.com\/es\/wp-content\/uploads\/2025\/10\/GCUIT6BAIVGPTF27NNAZZJG26Y.JPG\" width=\"5312\"\/>Para Collette, sus filmes de terror utilizan el miedo como veh\u00edculo, pero su verdadero n\u00facleo est\u00e1 en las emociones humanas (REUTERS\/Carlos Osorio)<\/p>\n<p class=\"paragraph\">Aunque con los a\u00f1os Collette ha acumulado una carrera destacada en pel\u00edculas de horror \u2014como la aclamada Hereditary (2018)\u2014, asegura que nunca ha sido fan\u00e1tica del g\u00e9nero en s\u00ed. <\/p>\n<p class=\"paragraph\">En sus propias palabras, las historias de miedo en las que ha trabajado son, en realidad, \u201cdramas hermosos\u201d con un trasfondo emocional profundo.<\/p>\n<p class=\"paragraph\">\u201cHereditary es solo una historia desgarradora sobre la familia, el duelo y la desconexi\u00f3n\u201d, coment\u00f3 en el podcast.<\/p>\n<p class=\"paragraph\">Para Collette, lo que diferencia a estas pel\u00edculas es que hay m\u00e1s que solo \u201cmiedo\u201d. Siempre se inserta un elemento que lleva la historia m\u00e1s all\u00e1. Esa visi\u00f3n la ha mantenido interesada en un g\u00e9nero que, seg\u00fan admite, no suele consumir como espectadora.<\/p>\n<p class=\"paragraph\">Su m\u00e1s reciente incursi\u00f3n en el horror lleg\u00f3 con la serie Incontrolables, un thriller sobrenatural que se estren\u00f3 en Netflix el 25 de septiembre.<\/p>\n<p class=\"paragraph\">M\u00e1s all\u00e1 de Collette, el rodaje de Sexto sentido dej\u00f3 tambi\u00e9n an\u00e9cdotas entra\u00f1ables entre sus protagonistas. <\/p>\n<p><img alt=\"Osment asegur\u00f3 que trabajar con\" class=\"global-image\" decoding=\"async\" fetchpriority=\"low\" height=\"560\" loading=\"lazy\" src=\"https:\/\/www.europesays.com\/es\/wp-content\/uploads\/2025\/10\/FJIBRME7WZE3TEGUITSD3LDO6I.jpg\" width=\"995\"\/>Osment asegur\u00f3 que trabajar con Willis en Sexto sentido fue \u201cfant\u00e1stico\u201d y una lecci\u00f3n de actuaci\u00f3n inolvidable (Disney+)<\/p>\n<p class=\"paragraph\"><a rel=\"noopener noreferrer nofollow\" href=\"https:\/\/www.infobae.com\/entretenimiento\/2025\/06\/07\/haley-joel-osment-de-prodigio-de-hollywood-a-terapia-obligatoria-tras-su-arresto\/\" target=\"_blank\" title=\"https:\/\/www.infobae.com\/entretenimiento\/2025\/06\/07\/haley-joel-osment-de-prodigio-de-hollywood-a-terapia-obligatoria-tras-su-arresto\/\">Haley Joel Osment<\/a>, quien a los 10 a\u00f1os interpret\u00f3 al peque\u00f1o Cole, mencion\u00f3 en entrevista con Entertainment Weekly que guarda un recuerdo especial de su tiempo trabajando con Bruce Willis. <\/p>\n<p class=\"paragraph\">El actor tuvo la gentileza de mantener el contacto frecuentemente incluso despu\u00e9s de la pel\u00edcula. \u201c<b>De vez en cuando dejaba mensajes en el contestador de la casa, solo para saludar<\/b>. [\u2026] A veces simplemente volv\u00eda del colegio y la luz del contestador estaba parpadeando y era \u00e9l diciendo algo como: \u2018Hola, Haley Joel. Solo quer\u00eda saludar\u2019\u201d, cont\u00f3 Osment<\/p>\n<p class=\"paragraph\"><b>\u201cCaus\u00f3 una gran impresi\u00f3n en m\u00ed porque fue la primera s\u00faper estrella con la que trabaj\u00e9 a una edad en la que ya era consciente de su fama\u201d,<\/b> confes\u00f3. \u201c\u00c9l hac\u00eda todo de una manera genial, y ten\u00eda un carisma enorme. Era la persona que quer\u00edas en el set, y marcaba el tono de la pel\u00edcula que est\u00e1bamos haciendo\u201d.<\/p>\n","protected":false},"excerpt":{"rendered":"La actriz pensaba que el filme de M. Night Shyamalan era \u201cuna historia hermosa y espiritual\u201d (Buena Vista&hellip;\n","protected":false},"author":2,"featured_media":156461,"comment_status":"","ping_status":"","sticky":false,"template":"","format":"standard","meta":{"footnotes":""},"categories":[169],"tags":[3118,177,146,147,25,24,176,175,3119,23,9802],"class_list":{"0":"post-156460","1":"post","2":"type-post","3":"status-publish","4":"format-standard","5":"has-post-thumbnail","7":"category-cine","8":"tag-arts-culture-entertainment","9":"tag-cine","10":"tag-entertainment","11":"tag-entretenimiento","12":"tag-es","13":"tag-espana","14":"tag-film","15":"tag-movies","16":"tag-north-america","17":"tag-spain","18":"tag-toronto"},"share_on_mastodon":{"url":"","error":""},"_links":{"self":[{"href":"https:\/\/www.europesays.com\/es\/wp-json\/wp\/v2\/posts\/156460","targetHints":{"allow":["GET"]}}],"collection":[{"href":"https:\/\/www.europesays.com\/es\/wp-json\/wp\/v2\/posts"}],"about":[{"href":"https:\/\/www.europesays.com\/es\/wp-json\/wp\/v2\/types\/post"}],"author":[{"embeddable":true,"href":"https:\/\/www.europesays.com\/es\/wp-json\/wp\/v2\/users\/2"}],"replies":[{"embeddable":true,"href":"https:\/\/www.europesays.com\/es\/wp-json\/wp\/v2\/comments?post=156460"}],"version-history":[{"count":0,"href":"https:\/\/www.europesays.com\/es\/wp-json\/wp\/v2\/posts\/156460\/revisions"}],"wp:featuredmedia":[{"embeddable":true,"href":"https:\/\/www.europesays.com\/es\/wp-json\/wp\/v2\/media\/156461"}],"wp:attachment":[{"href":"https:\/\/www.europesays.com\/es\/wp-json\/wp\/v2\/media?parent=156460"}],"wp:term":[{"taxonomy":"category","embeddable":true,"href":"https:\/\/www.europesays.com\/es\/wp-json\/wp\/v2\/categories?post=156460"},{"taxonomy":"post_tag","embeddable":true,"href":"https:\/\/www.europesays.com\/es\/wp-json\/wp\/v2\/tags?post=156460"}],"curies":[{"name":"wp","href":"https:\/\/api.w.org\/{rel}","templated":true}]}}