{"id":156462,"date":"2025-10-04T12:36:08","date_gmt":"2025-10-04T12:36:08","guid":{"rendered":"https:\/\/www.europesays.com\/es\/156462\/"},"modified":"2025-10-04T12:36:08","modified_gmt":"2025-10-04T12:36:08","slug":"flick-sobre-lamine-yamal-no-se-si-estara-para-el-clasico-futbol-deportes","status":"publish","type":"post","link":"https:\/\/www.europesays.com\/es\/156462\/","title":{"rendered":"Flick sobre Lamine Yamal: \u201cNo s\u00e9 si estar\u00e1 para el cl\u00e1sico\u201d | F\u00fatbol | Deportes"},"content":{"rendered":"<p><a href=\"https:\/\/resultados.elpais.com\/deportivos\/futbol\/primera\/2025_2026\/directo\/regular_a_8_68644b776376b83\" rel=\"nofollow noopener\" target=\"_blank\">Directo<\/a><\/p>\n<p class=\"\"><a href=\"https:\/\/elpais.com\/deportes\/eurocopa-futbol\/2024-07-11\/lamine-yamal-parece-normal-pero-no-lo-es.html\" target=\"_blank\" rel=\"noreferrer nofollow noopener\" title=\"https:\/\/elpais.com\/deportes\/eurocopa-futbol\/2024-07-11\/lamine-yamal-parece-normal-pero-no-lo-es.html\">El protagonismo en el Barcelona<\/a> hace tiempo que es patrimonio de Lamine Yamal. Y parece que ya no lo es solo en el campo. El nombre del 10 salta de la boca de De la Fuente a la de Flick, pasando por las de Joan Laporta y Rafael Louz\u00e1n, a veces intentando cuidar las relaciones entre Federaci\u00f3n y Barcelona, otras no, ya sin importar si se habla de f\u00fatbol, de lesiones o de egos. \u201cTodos hablan de Lamine, pero para defender sus propios intereses. Nadie piensa en el jugador. Y solo tiene 18 a\u00f1os\u201d, analizan desde el entorno Yamal. Sin paz medi\u00e1tica, Lamine desconoce cu\u00e1ndo podr\u00e1 volver a jugar.<\/p>\n<p>M\u00e1s informaci\u00f3n<\/p>\n<p class=\"\">\u201cNo sabemos cu\u00e1ndo volver\u00e1&#8230; Con esta lesi\u00f3n no es f\u00e1cil, no es una lesi\u00f3n muscular\u201d,<a href=\"https:\/\/elpais.com\/deportes\/futbol\/2025-09-30\/toque-de-atencion-de-hansi-flick-al-lamine-yamal-mas-ambicioso-tiene-que-centrarse-en-esforzarse-mucho.html\" target=\"_blank\" rel=\"noreferrer nofollow noopener\" title=\"https:\/\/elpais.com\/deportes\/futbol\/2025-09-30\/toque-de-atencion-de-hansi-flick-al-lamine-yamal-mas-ambicioso-tiene-que-centrarse-en-esforzarse-mucho.html\"> se arranc\u00f3 Hansi Flick sobre la pubalgia de Yamal.<\/a> Y continu\u00f3: \u201cNo sabemos si estar\u00e1 en dos, tres o cuatro semanas. No s\u00e9 si estar\u00e1 para el Cl\u00e1sico [26 de octubre]. Hay que gestionar los minutos. Trabajar\u00e1 con el equipo de recuperaci\u00f3n. Ir\u00e1 paso a paso. Ya veremos c\u00f3mo evoluciona. Hemos hablado con \u00e9l esta ma\u00f1ana y le decimos c\u00f3mo podemos ayudarle. Todo el mundo sabe de su calidad, pero es mi responsabilidad darle la carga de minutos cuando vuelva. Si los jugadores no est\u00e1n al cien por cien, se centran en sus puntos fuertes, y con el bal\u00f3n es incre\u00edble, pero tambi\u00e9n hay que estar bien sin bal\u00f3n. Hay que gestionar bien los minutos\u201d.<\/p>\n<p class=\"\">Despu\u00e9s de un verano agitado p\u00fablicamente, desde sus vacaciones con Neymar hasta su ruidosa fiesta de cumplea\u00f1os, Lamine Yamal comenz\u00f3 la temporada como termin\u00f3 la anterior: due\u00f1o del equipo de Hansi Flick. Con un premio extra: <a href=\"https:\/\/elpais.com\/deportes\/futbol\/2025-07-16\/lamine-yamal-hereda-el-10-messi-ha-hecho-su-camino-yo-hare-el-mio.html\" target=\"_blank\" rel=\"noreferrer nofollow noopener\" title=\"https:\/\/elpais.com\/deportes\/futbol\/2025-07-16\/lamine-yamal-hereda-el-10-messi-ha-hecho-su-camino-yo-hare-el-mio.html\">ahora portaba el dorsal 10<\/a>. La responsabilidad no le pes\u00f3; al contrario. Sin embargo, en el primer par\u00f3n de selecciones salt\u00f3 una alarma, primero en el Bar\u00e7a, despu\u00e9s entre el Barcelona y la Federaci\u00f3n.<\/p>\n<p class=\"\">Antes de marcharse a la fecha FIFA de septiembre, el Barcelona empat\u00f3 en Vallecas. \u201cLos egos matan el \u00e9xito\u201d, sentenci\u00f3 Flick. \u201cNo creo que tenga que ver con nada de eso; tiene que ver con que no fue nuestro partido\u201d, le contest\u00f3 Lamine, ya vestido con el ch\u00e1ndal de Espa\u00f1a. Sab\u00eda, en cualquier caso, que las palabras del alem\u00e1n no lo ten\u00edan como destinatario, como en cambio s\u00ed apuntaban a Raphinha y Dani Olmo. Pero Flick s\u00ed ten\u00eda unas palabras para Lamine: \u201cEs excepcional, pero hay otros jugadores excepcionales en el equipo. Tiene que centrarse en esforzarse mucho\u201d.<\/p>\n<p class=\"\">A Flick le hace ruido el poder sin techo de Lamine, capaz de decidir cu\u00e1ndo y cu\u00e1nto juega, no importa si va vestido de azulgrana o de rojo. Y fue, seg\u00fan el alem\u00e1n, tras una carga de minutos excesiva en aquel par\u00f3n de selecciones de septiembre cuando el cuerpo de Lamine dijo basta. Flick, entonces, cuestion\u00f3 a la Federaci\u00f3n: \u201cEsto no es cuidar a los jugadores\u201d. Y De la Fuente, a la primera oportunidad que tuvo, se la devolvi\u00f3: \u201cEs un exseleccionador; me sorprende que no tenga esa empat\u00eda\u201d.<\/p>\n<p class=\"\">En medio, entonces, aparecieron las instituciones. Ni en los despachos del Camp Nou ni en los de Las Rozas les interesa romper relaciones. Pero s\u00ed cuidar sus intereses. As\u00ed lo demostr\u00f3 este viernes la Federaci\u00f3n cuando convoc\u00f3 a Lamine, a la espera de que el Barcelona dijera oficialmente que el jugador estaba lesionado.<\/p>\n<p class=\"\">\u201cEl Barcelona es un gran club y nosotros estamos coordinados con el club, y no hay que darle m\u00e1s bombo a este tipo de pol\u00e9micas, solo la dimensi\u00f3n justa que tiene. Si hay ese parte m\u00e9dico, hay que valorarlo como merece. Lo importante es que somos n\u00famero uno del r\u00e1nking mundial en f\u00fatbol masculino y femenino. Me gusta que haya buen ambiente y que haya paz\u201d, expuso Louz\u00e1n, presidente de la RFEF. Flick, esta vez, intent\u00f3 seguir los consejos del Bar\u00e7a y apostar por un mensaje conciliador. Y lo hizo, pero a medias.<\/p>\n<p class=\"\">\u201cNo me arrepiento de lo que dije. Quer\u00eda proteger a mis jugadores; era mi manera de decir que par\u00e1semos. Fue mi forma de actuar. Pero es agua pasada. Ahora hay que centrarse en el presente y en el futuro. Pero es algo ya del pasado. Lo importante es gestionar la situaci\u00f3n juntos: clubes, selecci\u00f3n&#8230;\u201d, apunt\u00f3 el preparador azulgrana antes de viajar al S\u00e1nchez Pizju\u00e1n (16:15, Movistar) Para despu\u00e9s mandar un mensaje de advertencia, tras la convocatoria de Bernal con la sub-21: \u201cEs una situaci\u00f3n dif\u00edcil. No est\u00e1 listo como para jugar muchos minutos. Hoy por hoy no est\u00e1 para muchos minutos. Viene de una lesi\u00f3n grave de m\u00e1s de un a\u00f1o. No est\u00e1 al cien por cien. No est\u00e1 al nivel f\u00edsico de antes de la lesi\u00f3n. La Federaci\u00f3n deber\u00eda tener cuidado y cuidarle\u201d.<\/p>\n<p class=\"\">Mientras el Barcelona y la Federaci\u00f3n buscan fortalecer las relaciones institucionales, ambos hablan de Lamine Yamal. Lo que no est\u00e1 claro es si buscan cuidarlo o \u2014lo que es m\u00e1s dif\u00edcil\u2014 si \u00e9l deja que lo hagan.<\/p>\n","protected":false},"excerpt":{"rendered":"Directo El protagonismo en el Barcelona hace tiempo que es patrimonio de Lamine Yamal. Y parece que ya&hellip;\n","protected":false},"author":2,"featured_media":156463,"comment_status":"","ping_status":"","sticky":false,"template":"","format":"standard","meta":{"footnotes":""},"categories":[93],"tags":[1540,168,1539,25,24,4970,282,1538,8138,35718,7856,3714,32867,2993,23,167],"class_list":{"0":"post-156462","1":"post","2":"type-post","3":"status-publish","4":"format-standard","5":"has-post-thumbnail","7":"category-deportes","8":"tag-competiciones","9":"tag-deportes","10":"tag-entrenadores","11":"tag-es","12":"tag-espana","13":"tag-flick","14":"tag-futbol","15":"tag-futbolistas","16":"tag-lamine-yamal","17":"tag-luis-de-la-fuente","18":"tag-rafael-louzan","19":"tag-seleccion-espanola","20":"tag-seleccion-espanola-futbol","21":"tag-sevilla-futbol-club","22":"tag-spain","23":"tag-sports"},"share_on_mastodon":{"url":"","error":""},"_links":{"self":[{"href":"https:\/\/www.europesays.com\/es\/wp-json\/wp\/v2\/posts\/156462","targetHints":{"allow":["GET"]}}],"collection":[{"href":"https:\/\/www.europesays.com\/es\/wp-json\/wp\/v2\/posts"}],"about":[{"href":"https:\/\/www.europesays.com\/es\/wp-json\/wp\/v2\/types\/post"}],"author":[{"embeddable":true,"href":"https:\/\/www.europesays.com\/es\/wp-json\/wp\/v2\/users\/2"}],"replies":[{"embeddable":true,"href":"https:\/\/www.europesays.com\/es\/wp-json\/wp\/v2\/comments?post=156462"}],"version-history":[{"count":0,"href":"https:\/\/www.europesays.com\/es\/wp-json\/wp\/v2\/posts\/156462\/revisions"}],"wp:featuredmedia":[{"embeddable":true,"href":"https:\/\/www.europesays.com\/es\/wp-json\/wp\/v2\/media\/156463"}],"wp:attachment":[{"href":"https:\/\/www.europesays.com\/es\/wp-json\/wp\/v2\/media?parent=156462"}],"wp:term":[{"taxonomy":"category","embeddable":true,"href":"https:\/\/www.europesays.com\/es\/wp-json\/wp\/v2\/categories?post=156462"},{"taxonomy":"post_tag","embeddable":true,"href":"https:\/\/www.europesays.com\/es\/wp-json\/wp\/v2\/tags?post=156462"}],"curies":[{"name":"wp","href":"https:\/\/api.w.org\/{rel}","templated":true}]}}