{"id":15647,"date":"2025-07-31T06:06:09","date_gmt":"2025-07-31T06:06:09","guid":{"rendered":"https:\/\/www.europesays.com\/es\/15647\/"},"modified":"2025-07-31T06:06:09","modified_gmt":"2025-07-31T06:06:09","slug":"el-papa-francisco-y-la-educacion-un-libro-sobre-su-vida-se-repartira-en-las-escuelas","status":"publish","type":"post","link":"https:\/\/www.europesays.com\/es\/15647\/","title":{"rendered":"El Papa Francisco y la educaci\u00f3n | Un libro sobre su vida se repartir\u00e1 en las escuelas"},"content":{"rendered":"<p>El gobernador <b>Axel Kicillof <\/b>encabez\u00f3 la primera actividad en<b> La Plata <\/b>tras el cierre de listas, la presentaci\u00f3n del libro <b>\u00abEl Maestro. El Humanismo del Papa Francisco\u00bb<\/b>, que se repartir\u00e1 en las escuelas de la provincia junto al director General de Cultura y Educaci\u00f3n,<b> Alberto Sileoni <\/b>y el Arzobispo de La Plata, <b>Gustavo Carrara<\/b>.<\/p>\n<p>El libro recopila fragmentos del pensamiento pedag\u00f3gico y social del papa Francisco a partir de la escritura de diversos autores como <b>Adriana Puiggr\u00f3s<\/b>, el padre <b>Pepe di Paola<\/b> y el propio Carrara.<\/p>\n<p>La cita fue en el sal\u00f3n dorado de la Casa de Gobierno, donde estuvieron presentes dirigentes religiosos no s\u00f3lo de la iglesia cat\u00f3lica como los <b>Curas en Opci\u00f3n por los Pobres<\/b>, sino tambi\u00e9n pastores evang\u00e9licos, de la comunidad jud\u00eda, referentes musulmanes y de la iglesia armenia, entre otros. \u201cLa idea del libro es m\u00e1s profunda por la relevancia que tuvo el hecho de que un argentino haya sido papa\u201d, dijo el gobernador.<\/p>\n<p>\u201cLo que marcha es la ejecuci\u00f3n de un plan para nuestra sociedad, que no es inocente. El proyecto central se expresa en un ajuste pero hay una intenci\u00f3n de torcer el porvenir de nuestro pueblo a partir de efectos dif\u00edciles de remontar\u201d, sum\u00f3 el mandatario provincial en referencia a las medidas del presidente <b>Javier Milei<\/b>.<\/p>\n<p>En ese orden, sum\u00f3 que el libro \u201ces un rechazo al ajuste pero sobre todo a la sociedad que pretenden crear, una sociedad sin cultura del encuentro ni capacidad de inclusi\u00f3n\u201d.<\/p>\n<p>                <a data-iframely-url=\"\" href=\"https:\/\/twitter.com\/AlbertoSileoni\/status\/1950711539511464414\" rel=\"nofollow noopener\" target=\"_blank\">https:\/\/twitter.com\/AlbertoSileoni\/status\/1950711539511464414<\/a><\/p>\n<p>Durante su intervenci\u00f3n, el Arzobispo de La Plata, que hab\u00eda sido designado por el papa Francisco en el cargo a fines del a\u00f1o pasado, emiti\u00f3 un mensaje a la dirigencia, cuando desliz\u00f3: \u201cSi hay un buen cierre de listas, puede aportar algo, pero no alcanza. Se ha hablado de grietas, pero hay que acortar la distancia con los m\u00e1s fr\u00e1giles, con los m\u00e1s pobres. El camino central para eso es el de la educaci\u00f3n. Una educaci\u00f3n humanista\u201d.<\/p>\n<p>Expresiones similares hab\u00eda planteado el dirigente religioso en el marco del Tedeum del D\u00eda de la Independencia, cuando plante\u00f3 que \u00abes necesario plantearnos preguntas: \u00bfsostenemos una escucha atenta de los \u00faltimos de la fila? \u00bfTomamos conciencia que es verdaderamente dram\u00e1tico luchar por lo m\u00ednimo vital escapando de la muerte? \u00bfAsumimos en nuestros espacios pol\u00edticos y sociales que los pobres tienen la dignidad suficiente para participar de nuestras discusiones y llevar el pan a sus mesas? \u00bfPensamos por ellos o con ellos caminos de desarrollo humano integral?\u00bb.<\/p>\n<p>Tambi\u00e9n se refiri\u00f3 a \u00abla inaceptable desproporci\u00f3n entre las riquezas acumuladas en manos de unos pocos y los pobres del mundo\u00bb. \u00abLos que viven en condiciones extremas claman porque se escuche su voz y a menudo no encuentran qui\u00e9n escuche sus s\u00faplicas. Este desequilibrio genera situaciones de injusticia persistente que conducen a la violencia y, tarde o temprano, a la tragedia de la guerra\u00bb, advirti\u00f3 el arzobispo. <\/p>\n<p>\u00abLa pol\u00edtica sana, en cambio, al promover la distribuci\u00f3n equitativa, puede ofrecer un servicio eficaz a la armon\u00eda y la paz, tanto en el \u00e1mbito nacional como internacional. Es evidente entonces la necesidad del di\u00e1logo entre pol\u00edtica y econom\u00eda, al servicio del bien de la comunidad\u00bb, afirm\u00f3.<\/p>\n<p>No fue el \u00fanico gesto del peronismo con el sector religioso. Este martes, las autoridades de la<b> Facultad de Periodismo de la UNLP<\/b> firmaron un Acta Acuerdo con el Arzobispo de San Justo, <b>Eduardo Garc\u00eda<\/b>, y <b>el Padre \u201cTano\u201d <\/b>de La Matanza, para empezar a dictar la <b>Tecnicatura Superior Universitaria en Periodismo Deportivo<\/b>.<\/p>\n<p>De esa actividad participaron el diputado y actual candidato por la Tercera secci\u00f3n, <b>Facundo Tignanelli<\/b>, y la presidenta del Instituto Cultural, <b>Florencia Saintout<\/b>.<\/p>\n<p>\u201cTen\u00e9s un tipo que es presidente y dice que la Universidad no es para todos, peo esta comunidad matancera se para de manos y le dice que la Universidad va a estar donde no quiere y que hay un mont\u00f3n de pibes y pibas que tiene ganas de transitarla y va a tener el acompa\u00f1amiento de la comunidad que va a estar empujando para tener los primeros egresados\u201d, dijo Tignanelli.<\/p>\n<p>En declaraciones a una radio barrial, dijo que estar all\u00ed \u201cllena de energ\u00eda y de ganas\u201d porque \u201cdan esperanza\u201d. En esa l\u00ednea sum\u00f3 que \u201ca veces se marea la situaci\u00f3n, pero venir para ac\u00e1 es ver que vale la pena porque hay una comunidad que pelea de forma conjunta\u201d.<\/p>\n<p><script async src=\"https:\/\/platform.twitter.com\/widgets.js\" charset=\"utf-8\"><\/script><\/p>\n","protected":false},"excerpt":{"rendered":"El gobernador Axel Kicillof encabez\u00f3 la primera actividad en La Plata tras el cierre de listas, la presentaci\u00f3n&hellip;\n","protected":false},"author":2,"featured_media":15648,"comment_status":"","ping_status":"","sticky":false,"template":"","format":"standard","meta":{"footnotes":""},"categories":[172],"tags":[224,146,147,25,24,225,952,23],"class_list":{"0":"post-15647","1":"post","2":"type-post","3":"status-publish","4":"format-standard","5":"has-post-thumbnail","7":"category-libros","8":"tag-books","9":"tag-entertainment","10":"tag-entretenimiento","11":"tag-es","12":"tag-espana","13":"tag-libros","14":"tag-politica","15":"tag-spain"},"share_on_mastodon":{"url":"","error":""},"_links":{"self":[{"href":"https:\/\/www.europesays.com\/es\/wp-json\/wp\/v2\/posts\/15647","targetHints":{"allow":["GET"]}}],"collection":[{"href":"https:\/\/www.europesays.com\/es\/wp-json\/wp\/v2\/posts"}],"about":[{"href":"https:\/\/www.europesays.com\/es\/wp-json\/wp\/v2\/types\/post"}],"author":[{"embeddable":true,"href":"https:\/\/www.europesays.com\/es\/wp-json\/wp\/v2\/users\/2"}],"replies":[{"embeddable":true,"href":"https:\/\/www.europesays.com\/es\/wp-json\/wp\/v2\/comments?post=15647"}],"version-history":[{"count":0,"href":"https:\/\/www.europesays.com\/es\/wp-json\/wp\/v2\/posts\/15647\/revisions"}],"wp:featuredmedia":[{"embeddable":true,"href":"https:\/\/www.europesays.com\/es\/wp-json\/wp\/v2\/media\/15648"}],"wp:attachment":[{"href":"https:\/\/www.europesays.com\/es\/wp-json\/wp\/v2\/media?parent=15647"}],"wp:term":[{"taxonomy":"category","embeddable":true,"href":"https:\/\/www.europesays.com\/es\/wp-json\/wp\/v2\/categories?post=15647"},{"taxonomy":"post_tag","embeddable":true,"href":"https:\/\/www.europesays.com\/es\/wp-json\/wp\/v2\/tags?post=15647"}],"curies":[{"name":"wp","href":"https:\/\/api.w.org\/{rel}","templated":true}]}}