{"id":156472,"date":"2025-10-04T12:41:09","date_gmt":"2025-10-04T12:41:09","guid":{"rendered":"https:\/\/www.europesays.com\/es\/156472\/"},"modified":"2025-10-04T12:41:09","modified_gmt":"2025-10-04T12:41:09","slug":"babis-contra-fiala-las-elecciones-que-definiran-el-futuro-de-republica-checa-y-su-papel-en-la-ue-el-mundo","status":"publish","type":"post","link":"https:\/\/www.europesays.com\/es\/156472\/","title":{"rendered":"Babis contra Fiala: las elecciones que definir\u00e1n el futuro de Rep\u00fablica Checa y su papel en la UE &#8211; El Mundo"},"content":{"rendered":"<ol>\n<li><a href=\"https:\/\/news.google.com\/rss\/articles\/CBMigwFBVV95cUxOVDNhUWc5WmF0OVgwLXBzOUJRZzVja1lZNFQxMzM3ZDJETDJXZEpTTktCWmlvZndYM0Z3ZkZqcGMxWFY3c216WWE4T1g4VVFrTEdSNzNUS3FRa2ZQZW1fbmJndDBRZDlLN2JFOE1SRHd3eWVKbEN5WllYZGtPQmZzS25aRdIBgwFBVV95cUxNRFFnSmdHM3VlaUxQZm12MjVCYXVsMFp6R3hXai1ZVExsMmlPNnlKU2lodmtHazFuNnA4VDd3dC1BYllWMm1zZUJQWWNrSzJqZHRuRzNYczgxSkdaVE94d1M4M1JnN19lQ0tLbG9BR2RYUEdaWXp2ZzN5c3NkelJWajVOcw?oc=5\" target=\"_blank\" rel=\"nofollow noopener\">Babis contra Fiala: las elecciones que definir\u00e1n el futuro de Rep\u00fablica Checa y su papel en la UE<\/a>&nbsp;&nbsp;El Mundo<\/li>\n<li><a href=\"https:\/\/news.google.com\/rss\/articles\/CBMixgFBVV95cUxNVWUxNW0yUDhnV1psbVpBcFJoTGVDYTBvdWNELTBpVGtwSWQxZUtuQTRBcEtZTTlOWmU1cnNoNmlUYnhIY3c0VFlBeThZR3JVU1JHN0ZuZUh5N1BzQ2hLSW5lOURRSFNlcUFYX19hS295WDFvN0wydnU1RWNqWTU4Z2h6NXQ2Rk1CSDJnZ2FFN2k0cVRMZ2UtSjNoUW5YY3NnQUEwWVJ3WXpxYWdnS1hETlFObmxYRkN5cHhPOVl4T09ubWFnUWc?oc=5\" target=\"_blank\" rel=\"nofollow noopener\">Andrej Babis, el \u2018Trump checo\u2019, parte como favorito en las legislativas de Chequia<\/a>&nbsp;&nbsp;EL PA\u00cdS<\/li>\n<li><a href=\"https:\/\/news.google.com\/rss\/articles\/CBMilAFBVV95cUxQOFFrMlNZenlranVSWG5YQ3hWcTg3VVBrbVI3LXMzWnZDbDZveExaUFo4WDRFTE9WUFRpeW5UX3RYQkNUUGZCeFhSZTJBX2dBc0pkRGVkS2dVRnRCaDhDMU9hRWIxcFQtbGNmcnp3RDZGc0ppRUVHV3BZZUJyYmFmeGN1SnRleFJRRmJpTXRta3pxa210?oc=5\" target=\"_blank\" rel=\"nofollow noopener\">Arranca la segunda jornada electoral en Chequia<\/a>&nbsp;&nbsp;ABC<\/li>\n<li><a href=\"https:\/\/news.google.com\/rss\/articles\/CBMiowFBVV95cUxNNTA3ZnNzWmpJUGtxbHVrQkQzSGxOQkJzUFJ6RlJjeVJFRU1mY0RDN2t5VmttaUFBWWt2cmJySC04Q2dfRGlydDZZa1ZJQ3RxNWdQVXN5dWk5ZGpUWk9FNWxfRmxCRUhPeHlBeHZNRExsM2tGYzcydE1uQ2htcVplNjdCNjExdW14R2xwd09nU1Q4cS1SaC1LazR6ODZqUVVfYS0w0gGoAUFVX3lxTE8zNW1CdnhlTlpLX2tqVFpOWlN6U1ZsWkxaVEhtRjBHeWw0LWZoNTgxSXU0RjNTZEZVMm9PemRIQVpidWRkWkdlbGhaaXJKUHBOVTN6a1FXalpZaVp0bFN2YjlnTGxzUUJfc0d3VzczMVY3a08taWJtQmxMZmpDS0o3dkZVenJlUk9GbGNTT0RkZzhfWHZydXVxZjNiZHhKWUtjcDRJbjR0ZQ?oc=5\" target=\"_blank\" rel=\"nofollow noopener\">Orb\u00e1n, Fico&#8230; \u00bfy ahora Babi\u0161?: la UE teme el regreso del pol\u00edtico m\u00e1s pol\u00e9mico de Chequia<\/a>&nbsp;&nbsp;El Confidencial<\/li>\n<li><a href=\"https:\/\/news.google.com\/rss\/articles\/CBMiyAFBVV95cUxQbFEwRHlmcHlycHMzTlJvbGQ0c0t3d0VnaDNZSEdEVlZmS0p4dnZkaExnSERVUzNTeXo2Q2lvVDdmVzk1QlF4T1M2ZG1zdVY2ODhKX21uZGRkMkJ4SXQ3RXo1LTRpMGZYSGNPX3BmdHlfdWJsazFnTGhYa3pZYXEwa0lwVndMV2dlYkNYeWVDRzV1SzBfcEZ3bzM2TTFZdEdETUlSMUh2TGpsendGZDFxeEM5T2lieWxsSUtiM1RrZW0zSmxrTmxneA?oc=5\" target=\"_blank\" rel=\"nofollow noopener\">Chequia va a las urnas a elegir entre trumpismo y m\u00e1s Europa<\/a>&nbsp;&nbsp;La Vanguardia<\/li>\n<\/ol>\n","protected":false},"excerpt":{"rendered":"Babis contra Fiala: las elecciones que definir\u00e1n el futuro de Rep\u00fablica Checa y su papel en la UE&nbsp;&nbsp;El&hellip;\n","protected":false},"author":2,"featured_media":156473,"comment_status":"","ping_status":"","sticky":false,"template":"","format":"standard","meta":{"footnotes":""},"categories":[42],"tags":[17,18,13,14,11,61,62,63,64,19,20,9,10,15,16,3313,12,21,22,65,66,67],"class_list":{"0":"post-156472","1":"post","2":"type-post","3":"status-publish","4":"format-standard","5":"has-post-thumbnail","7":"category-internacional","8":"tag-breaking-news","9":"tag-breakingnews","10":"tag-featured-news","11":"tag-featurednews","12":"tag-headlines","13":"tag-internacional","14":"tag-international","15":"tag-international-news","16":"tag-internationalnews","17":"tag-latest-news","18":"tag-latestnews","19":"tag-news","20":"tag-noticias","21":"tag-noticias-destacadas","22":"tag-noticiasdestacadas","23":"tag-republica-checa","24":"tag-titulares","25":"tag-ultimas-noticias","26":"tag-ultimasnoticias","27":"tag-world","28":"tag-world-news","29":"tag-worldnews"},"share_on_mastodon":{"url":"","error":""},"_links":{"self":[{"href":"https:\/\/www.europesays.com\/es\/wp-json\/wp\/v2\/posts\/156472","targetHints":{"allow":["GET"]}}],"collection":[{"href":"https:\/\/www.europesays.com\/es\/wp-json\/wp\/v2\/posts"}],"about":[{"href":"https:\/\/www.europesays.com\/es\/wp-json\/wp\/v2\/types\/post"}],"author":[{"embeddable":true,"href":"https:\/\/www.europesays.com\/es\/wp-json\/wp\/v2\/users\/2"}],"replies":[{"embeddable":true,"href":"https:\/\/www.europesays.com\/es\/wp-json\/wp\/v2\/comments?post=156472"}],"version-history":[{"count":0,"href":"https:\/\/www.europesays.com\/es\/wp-json\/wp\/v2\/posts\/156472\/revisions"}],"wp:featuredmedia":[{"embeddable":true,"href":"https:\/\/www.europesays.com\/es\/wp-json\/wp\/v2\/media\/156473"}],"wp:attachment":[{"href":"https:\/\/www.europesays.com\/es\/wp-json\/wp\/v2\/media?parent=156472"}],"wp:term":[{"taxonomy":"category","embeddable":true,"href":"https:\/\/www.europesays.com\/es\/wp-json\/wp\/v2\/categories?post=156472"},{"taxonomy":"post_tag","embeddable":true,"href":"https:\/\/www.europesays.com\/es\/wp-json\/wp\/v2\/tags?post=156472"}],"curies":[{"name":"wp","href":"https:\/\/api.w.org\/{rel}","templated":true}]}}