{"id":156474,"date":"2025-10-04T12:42:09","date_gmt":"2025-10-04T12:42:09","guid":{"rendered":"https:\/\/www.europesays.com\/es\/156474\/"},"modified":"2025-10-04T12:42:09","modified_gmt":"2025-10-04T12:42:09","slug":"ocho-heridos-tras-una-explosion-de-un-barco-en-el-puerto-deportivo-de-fuengirola-espana","status":"publish","type":"post","link":"https:\/\/www.europesays.com\/es\/156474\/","title":{"rendered":"Ocho heridos tras una explosi\u00f3n de un barco en el puerto deportivo de Fuengirola | Espa\u00f1a"},"content":{"rendered":"<p class=\"\">Una fuerte explosi\u00f3n en un barco que navegaba junto a la bocana del puerto deportivo de Fuengirola (M\u00e1laga, 85.859 habitantes) ha dejado ocho personas heridas, tres de ellas de gravedad. Seg\u00fan ha informado el Ayuntamiento de Fuengirola, a\u00fan se desconocen las causas de la deflagraci\u00f3n, que ha derivado en fuego que finalmente ha hundido la embarcaci\u00f3n.<\/p>\n<p class=\"\"> El suceso ha ocurrido minutos despu\u00e9s del mediod\u00eda de este s\u00e1bado. El bote navegaba cerca de la bocana del puerto deportivo fuengirole\u00f1o cuando de repente ha explotado el motor. Varias llamadas han alertado entonces al servicio de Emergencias 112 Andaluc\u00eda y hasta el lugar se han trasladado de inmediato los bomberos, adem\u00e1s de varias patrullas de Polic\u00eda Local y Guardia Civil, as\u00ed como de Salvamento Mar\u00edtimo y del Servicio de Socorrismo del consistorio. Tambi\u00e9n han acudido tres personas con motos de agua que han intentado apagar las llamas con chorros de agua.<\/p>\n<p class=\"\">La deflagraci\u00f3n ha causado heridas de diversa consideraci\u00f3n a las ocho personas que viajaban en la embarcaci\u00f3n, tres de ellas de gravedad, que han sido trasladadas hasta un centro hospitalario por los servicios de emergencias. El Ayuntamiento ha precisado en sus redes sociales que, por el momento, se desconocen los motivos de la explosi\u00f3n, que ha terminado por hundir el bote a pesar de los esfuerzos de los servicios que han actuado. La Agencia Andaluza de Puertos ha puesto en marcha un dispositivo para controlar los posibles vertidos.<\/p>\n","protected":false},"excerpt":{"rendered":"Una fuerte explosi\u00f3n en un barco que navegaba junto a la bocana del puerto deportivo de Fuengirola (M\u00e1laga,&hellip;\n","protected":false},"author":2,"featured_media":156475,"comment_status":"","ping_status":"","sticky":false,"template":"","format":"standard","meta":{"footnotes":""},"categories":[8],"tags":[5960,17,18,25,24,13,14,13330,11,11225,19,20,9,10,15,16,586,23,46792,12,21,22],"class_list":{"0":"post-156474","1":"post","2":"type-post","3":"status-publish","4":"format-standard","5":"has-post-thumbnail","7":"category-espana","8":"tag-accidentes","9":"tag-breaking-news","10":"tag-breakingnews","11":"tag-es","12":"tag-espana","13":"tag-featured-news","14":"tag-featurednews","15":"tag-fuengirola","16":"tag-headlines","17":"tag-heridos","18":"tag-latest-news","19":"tag-latestnews","20":"tag-news","21":"tag-noticias","22":"tag-noticias-destacadas","23":"tag-noticiasdestacadas","24":"tag-policia","25":"tag-spain","26":"tag-sucesiones","27":"tag-titulares","28":"tag-ultimas-noticias","29":"tag-ultimasnoticias"},"share_on_mastodon":{"url":"","error":""},"_links":{"self":[{"href":"https:\/\/www.europesays.com\/es\/wp-json\/wp\/v2\/posts\/156474","targetHints":{"allow":["GET"]}}],"collection":[{"href":"https:\/\/www.europesays.com\/es\/wp-json\/wp\/v2\/posts"}],"about":[{"href":"https:\/\/www.europesays.com\/es\/wp-json\/wp\/v2\/types\/post"}],"author":[{"embeddable":true,"href":"https:\/\/www.europesays.com\/es\/wp-json\/wp\/v2\/users\/2"}],"replies":[{"embeddable":true,"href":"https:\/\/www.europesays.com\/es\/wp-json\/wp\/v2\/comments?post=156474"}],"version-history":[{"count":0,"href":"https:\/\/www.europesays.com\/es\/wp-json\/wp\/v2\/posts\/156474\/revisions"}],"wp:featuredmedia":[{"embeddable":true,"href":"https:\/\/www.europesays.com\/es\/wp-json\/wp\/v2\/media\/156475"}],"wp:attachment":[{"href":"https:\/\/www.europesays.com\/es\/wp-json\/wp\/v2\/media?parent=156474"}],"wp:term":[{"taxonomy":"category","embeddable":true,"href":"https:\/\/www.europesays.com\/es\/wp-json\/wp\/v2\/categories?post=156474"},{"taxonomy":"post_tag","embeddable":true,"href":"https:\/\/www.europesays.com\/es\/wp-json\/wp\/v2\/tags?post=156474"}],"curies":[{"name":"wp","href":"https:\/\/api.w.org\/{rel}","templated":true}]}}