{"id":156476,"date":"2025-10-04T12:43:16","date_gmt":"2025-10-04T12:43:16","guid":{"rendered":"https:\/\/www.europesays.com\/es\/156476\/"},"modified":"2025-10-04T12:43:16","modified_gmt":"2025-10-04T12:43:16","slug":"pamplona-clama-contra-el-genocidio-en-palestina","status":"publish","type":"post","link":"https:\/\/www.europesays.com\/es\/156476\/","title":{"rendered":"Pamplona clama contra el genocidio en Palestina"},"content":{"rendered":"<p>\n        Miles de personas han clamado este s\u00e1bado en Pamplona <strong>contra el genocidio en Palestina <\/strong>en la multitudinaria manifestaci\u00f3n convocada por la plataforma <a href=\"https:\/\/www.noticiasdenavarra.com\/tags\/palestinarekin-elkartasuna\/\" title=\"Palestinarekin Elkartasuna\" class=\"link copy\" rel=\"nofollow noopener\" target=\"_blank\">Palestinarekin Elkartasuna<\/a>. M\u00e1s de <strong>20 autobuses<\/strong> han llegado desde diferentes puntos de Euskal Herria para participar en la manifestaci\u00f3n nacional que se celebra en la capital navarra en apoyo a la <strong>resistencia palestina<\/strong> y para reivindicar la <strong>disoluci\u00f3n del Estado de Israel<\/strong>.\n<\/p>\n<p class=\"article-body__text \">\n        Los manifestantes <strong>ti\u00f1en de verde, blanco, negro y rojo <\/strong>las calles de la capital navarra en una marcha que ha salido pasadas las 12.00 horas desde Antoniutti y ha pasado por la avenida del Ej\u00e9rcito, Conde Oliveto, Baja Navarra, Merindades, Carlos III, Roncesvalles, San Ignacio y Sarasate. La movilizaci\u00f3n ha partido precedida por <strong>una gran bandera de Palestina y una ikurri\u00f1a <\/strong>y una pancarta con el lema <strong>Palestinar erresistentzia aurrera. Israel desegin<\/strong> (Viva la resistencia palestina. Disolucion de Israel).\u00a0\u00a0\n<\/p>\n<p class=\"article-body__text \">\n        A lo largo del recorrido se han coreado consignas como <strong>Boicot Israel, Palestina askatu<\/strong>, <strong>No es una guerra es un genocidio<\/strong> o <strong>Gora Palestina erresistentzia<\/strong> (Viva la resistencia del pueblo palestino). Un gran n\u00famero de personas ha flanqueado\u00a0la marcha a lo largo del recorrido para sumarse despu\u00e9s a la manifestaci\u00f3n.\n<\/p>\n<p class=\"article-photo__footer\">\n            La ikurri\u00f1a y la bandera de Palestina, al inicio de la manifestaci\u00f3n.            JAVIER BERGASA        <\/p>\n<p class=\"article-body__text \">\n        Los manifestantes ocupaban ambos carriles de la avenida del Ej\u00e9rcito y cuando la cabecera llegaba a la altura de Baluarte, hab\u00eda personas que todav\u00eda sal\u00edan de Antoniutti.\n<\/p>\n<p class=\"article-body__text \">\n        Entre las miles de personas que han participado en la protesta se encontraba la presidenta de Navarra, <strong>Mar\u00eda Chivite<\/strong>, acompa\u00f1ada de su familia, <strong>Laura P\u00e9rez Ruano <\/strong>o <strong>Ram\u00f3n Alz\u00f3rriz.<\/strong>\n<\/p>\n<p class=\"article-body__text \">\n        Durante el recorrido no se han registrado incidentes entre manifestantes y polic\u00eda. La Polic\u00eda Nacional ha rodeado la Delegaci\u00f3n del Gobierno en Navarra y los manifestantes han pegado pegatinas de \u00ab<strong>boikot a Israel<\/strong>\u00bb en <strong>distintos negocios a los que consideran \u00abc\u00f3mplices\u00bb.<\/strong>\n<\/p>\n<p>  \u00abHUELGA GENERAL\u00bb<\/p>\n<p class=\"article-body__text \">\n        Tanto en el comunicado que han le\u00eddo al concluir la marcha, como en las declaraciones previas a los medios de comunicaci\u00f3n, los organizadores han reclamado a los sindicatos la convocatoria de una \u00ab<strong>huelga general en Euskal Herria\u00bb el pr\u00f3ximo 15 de octubre<\/strong>, en respuesta a la situaci\u00f3n en Gaza y a la reciente interceptaci\u00f3n de la <a href=\"https:\/\/www.noticiasdenavarra.com\/politica\/2025\/10\/04\/gobierno-espanol-asegura-trabajando-traer-antes-posible-activistas-flotilla-10167924.html\" title=\"flotilla humanitaria Global Sumud\" target=\"_blank\" class=\"link copy\" rel=\"nofollow noopener\">flotilla humanitaria Global Sumud<\/a> por parte del ej\u00e9rcito israel\u00ed.\n<\/p>\n<p>            <a href=\"https:\/\/www.noticiasdenavarra.com\/mundo\/2025\/10\/04\/israel-anuncia-implementacion-inmediata-primera-fase-plan-trump-haza-10167495.html\" title=\"Israel detiene su ofensiva en Gaza y anuncia solo &quot;acciones defensivas&quot;\" class=\"new__media\" rel=\"nofollow noopener\" target=\"_blank\"><\/p>\n<p>                <img alt=\"Israel detiene su ofensiva en Gaza y anuncia solo &quot;acciones defensivas&quot;\" data-src=\"https:\/\/www.europesays.com\/es\/wp-content\/uploads\/2025\/10\/51537912-3187-47e6-b1b1-238e2e893d54_16-9-aspect-ratio_default_0.jpg\" class=\"lozad\"\/><\/p>\n<p>        <\/a><\/p>\n<p>        <a href=\"https:\/\/www.noticiasdenavarra.com\/mundo\/2025\/10\/04\/israel-anuncia-implementacion-inmediata-primera-fase-plan-trump-haza-10167495.html\" title=\"Israel detiene su ofensiva en Gaza y anuncia solo &quot;acciones defensivas&quot;\" class=\"new__headline\" rel=\"nofollow noopener\" target=\"_blank\"><br \/>\n            Israel detiene su ofensiva en Gaza y anuncia solo \u00abacciones defensivas\u00bb<br \/>\n        <\/a><\/p>\n<p class=\"article-body__text \">\n        Los organizadores han defendido la necesidad de \u00abdescolonizar Palestina y <strong>desmantelar la entidad terrorista israel\u00ed<\/strong>\u00bb y han mostrado su solidaridad con los activistas de la flotilla detenidos. Asimismo, han denunciado la \u00ab<strong>complicidad de los gobiernos y partidos occidentales<\/strong>\u00bb a los que acusan de criminalizar la resistencia palestina mientras mantienen <strong>relaciones econ\u00f3micas, diplom\u00e1ticas y militares con Israel.<\/strong>\n<\/p>\n<p class=\"article-body__text \">\n        Los colectivos <strong>han rechazado expresamente la llamada \u00absoluci\u00f3n de los dos Estados\u00bb, <\/strong>que califican como \u00abun fraude\u00bb, al considerar que solo servir\u00eda para mantener la ocupaci\u00f3n y garantizar la impunidad de Israel.\n<\/p>\n<p class=\"article-body__text \">\n        El texto ha subrayado que \u00abel genocidio no se detendr\u00e1 con declaraciones vac\u00edas\u00bb, sino con la presi\u00f3n social y el boicot, y ha instado a reforzar las movilizaciones, romper relaciones institucionales y comerciales con Israel y <strong>suspender cualquier cooperaci\u00f3n acad\u00e9mica, deportiva y cultural<\/strong>.\n<\/p>\n<p class=\"article-body__text \">\n        \u00ab<strong>Es hora de bloquearlo todo<\/strong>\u00ab, han afirmado los colectivos convocantes, que han insistido en que la solidaridad internacionalista debe traducirse en acci\u00f3n pol\u00edtica para <strong>poner fin al bloqueo y a la violencia contra el pueblo palestino<\/strong>.\u00a0<\/p>\n","protected":false},"excerpt":{"rendered":"Miles de personas han clamado este s\u00e1bado en Pamplona contra el genocidio en Palestina en la multitudinaria manifestaci\u00f3n&hellip;\n","protected":false},"author":2,"featured_media":156477,"comment_status":"","ping_status":"","sticky":false,"template":"","format":"standard","meta":{"footnotes":""},"categories":[5],"tags":[17,18,46303,25,24,13,14,79,11,19,20,9,10,15,16,76,1358,23,12,21,22],"class_list":{"0":"post-156476","1":"post","2":"type-post","3":"status-publish","4":"format-standard","5":"has-post-thumbnail","7":"category-titulares","8":"tag-breaking-news","9":"tag-breakingnews","10":"tag-clama","11":"tag-es","12":"tag-espana","13":"tag-featured-news","14":"tag-featurednews","15":"tag-genocidio","16":"tag-headlines","17":"tag-latest-news","18":"tag-latestnews","19":"tag-news","20":"tag-noticias","21":"tag-noticias-destacadas","22":"tag-noticiasdestacadas","23":"tag-palestina","24":"tag-pamplona","25":"tag-spain","26":"tag-titulares","27":"tag-ultimas-noticias","28":"tag-ultimasnoticias"},"share_on_mastodon":{"url":"","error":""},"_links":{"self":[{"href":"https:\/\/www.europesays.com\/es\/wp-json\/wp\/v2\/posts\/156476","targetHints":{"allow":["GET"]}}],"collection":[{"href":"https:\/\/www.europesays.com\/es\/wp-json\/wp\/v2\/posts"}],"about":[{"href":"https:\/\/www.europesays.com\/es\/wp-json\/wp\/v2\/types\/post"}],"author":[{"embeddable":true,"href":"https:\/\/www.europesays.com\/es\/wp-json\/wp\/v2\/users\/2"}],"replies":[{"embeddable":true,"href":"https:\/\/www.europesays.com\/es\/wp-json\/wp\/v2\/comments?post=156476"}],"version-history":[{"count":0,"href":"https:\/\/www.europesays.com\/es\/wp-json\/wp\/v2\/posts\/156476\/revisions"}],"wp:featuredmedia":[{"embeddable":true,"href":"https:\/\/www.europesays.com\/es\/wp-json\/wp\/v2\/media\/156477"}],"wp:attachment":[{"href":"https:\/\/www.europesays.com\/es\/wp-json\/wp\/v2\/media?parent=156476"}],"wp:term":[{"taxonomy":"category","embeddable":true,"href":"https:\/\/www.europesays.com\/es\/wp-json\/wp\/v2\/categories?post=156476"},{"taxonomy":"post_tag","embeddable":true,"href":"https:\/\/www.europesays.com\/es\/wp-json\/wp\/v2\/tags?post=156476"}],"curies":[{"name":"wp","href":"https:\/\/api.w.org\/{rel}","templated":true}]}}