{"id":156478,"date":"2025-10-04T12:44:08","date_gmt":"2025-10-04T12:44:08","guid":{"rendered":"https:\/\/www.europesays.com\/es\/156478\/"},"modified":"2025-10-04T12:44:08","modified_gmt":"2025-10-04T12:44:08","slug":"el-atticgo-elche-visita-al-dunajska-streda-sin-confianzas-a-pesar-de-los-10-goles-de-renta","status":"publish","type":"post","link":"https:\/\/www.europesays.com\/es\/156478\/","title":{"rendered":"El Atticgo Elche visita al Dunajska Streda sin confianzas a pesar de los 10 goles de renta"},"content":{"rendered":"<p>ALICANTE.\u00a0El Atticgo Elche afronta este domingo (19:00 horas) el partido de vuelta de la segunda ronda de la EHF Copa Europa en la pista del Dunajska Streda de Eslovaquia con optimismo pero sin confianzas a pesar de los 10 goles de margen que logr\u00f3 en el encuentro de ida, disputado la pasada semana.<\/p>\n<p>La eliminatoria entre estos dos equipos, acostumbrados a llegar lejos en la competici\u00f3n, se intu\u00eda mucho m\u00e1s equilibrada, si bien para el entrenador del Atticgo Elche, Joaqu\u00edn Rocamora, el resultado tuvo m\u00e1s que ver con un \u201cextraordinario\u201d rendimiento de su equipo que con un mal partido del rival.<\/p>\n<p>Rocamora advirti\u00f3 durante la semana que ser\u00e1 clave afrontar el encuentro sin mirar el marcador y, sobre todo, impedir que el equipo eslovaco pueda tener la m\u00e1s m\u00ednima opci\u00f3n de so\u00f1ar con la remontada.<\/p>\n<p>El t\u00e9cnico espera un rival \u201cduro, agresivo y que va a intentar correr mucho para disponer de m\u00e1s posesiones\u201d, si bien precis\u00f3 que su equipo est\u00e1 preparado y mentalizado para contrarrestar los ajustes t\u00e1cticos del rival.<\/p>\n<p>El equipo ilicitano, campe\u00f3n de este torneo hace dos a\u00f1os, recupera a Paola Bernab\u00e9, clave para Rocamora, que la defini\u00f3 como una \u201cl\u00edder natural\u201d y capaz de sumar \u201cen todos los aspectos del juego\u201d.<\/p>\n","protected":false},"excerpt":{"rendered":"ALICANTE.\u00a0El Atticgo Elche afronta este domingo (19:00 horas) el partido de vuelta de la segunda ronda de la&hellip;\n","protected":false},"author":2,"featured_media":156479,"comment_status":"","ping_status":"","sticky":false,"template":"","format":"standard","meta":{"footnotes":""},"categories":[278],"tags":[376,168,25,24,375,23,167],"class_list":{"0":"post-156478","1":"post","2":"type-post","3":"status-publish","4":"format-standard","5":"has-post-thumbnail","7":"category-balonmano","8":"tag-balonmano","9":"tag-deportes","10":"tag-es","11":"tag-espana","12":"tag-handball","13":"tag-spain","14":"tag-sports"},"share_on_mastodon":{"url":"","error":""},"_links":{"self":[{"href":"https:\/\/www.europesays.com\/es\/wp-json\/wp\/v2\/posts\/156478","targetHints":{"allow":["GET"]}}],"collection":[{"href":"https:\/\/www.europesays.com\/es\/wp-json\/wp\/v2\/posts"}],"about":[{"href":"https:\/\/www.europesays.com\/es\/wp-json\/wp\/v2\/types\/post"}],"author":[{"embeddable":true,"href":"https:\/\/www.europesays.com\/es\/wp-json\/wp\/v2\/users\/2"}],"replies":[{"embeddable":true,"href":"https:\/\/www.europesays.com\/es\/wp-json\/wp\/v2\/comments?post=156478"}],"version-history":[{"count":0,"href":"https:\/\/www.europesays.com\/es\/wp-json\/wp\/v2\/posts\/156478\/revisions"}],"wp:featuredmedia":[{"embeddable":true,"href":"https:\/\/www.europesays.com\/es\/wp-json\/wp\/v2\/media\/156479"}],"wp:attachment":[{"href":"https:\/\/www.europesays.com\/es\/wp-json\/wp\/v2\/media?parent=156478"}],"wp:term":[{"taxonomy":"category","embeddable":true,"href":"https:\/\/www.europesays.com\/es\/wp-json\/wp\/v2\/categories?post=156478"},{"taxonomy":"post_tag","embeddable":true,"href":"https:\/\/www.europesays.com\/es\/wp-json\/wp\/v2\/tags?post=156478"}],"curies":[{"name":"wp","href":"https:\/\/api.w.org\/{rel}","templated":true}]}}