{"id":156480,"date":"2025-10-04T12:45:05","date_gmt":"2025-10-04T12:45:05","guid":{"rendered":"https:\/\/www.europesays.com\/es\/156480\/"},"modified":"2025-10-04T12:45:05","modified_gmt":"2025-10-04T12:45:05","slug":"el-gigante-de-las-arenas","status":"publish","type":"post","link":"https:\/\/www.europesays.com\/es\/156480\/","title":{"rendered":"El gigante de las arenas"},"content":{"rendered":"\n<p class=\"p_0\">La tierra que lo vio nacer ha forjado su car\u00e1cter, su determinaci\u00f3n de ir por m\u00e1s, el hambre de cosechar nuevos logros, de ser un gigante invencible que no se rinde ante el m\u00e1s bravo de los toros.<\/p>\n<p class=\"p_1\"><b>Los juegos de ni\u00f1os montando becerros despu\u00e9s de la escuela, en San Juan de la Vaquer\u00eda, quedaron atr\u00e1s<\/b>. A base de temple, disciplina, triunfos, derrotas, lesiones y muchas ense\u00f1anzas m\u00e1s, <b>Luis Porto ha forjado durante 15 a\u00f1os una s\u00f3lida carrera como jinete de toros.<\/b><\/p>\n<p class=\"p_2\"><b>Mach\u00edn, su primer toro grande y bravo, fue el \u00fanico al que le tuvo miedo<\/b>, despu\u00e9s de cada animal era un reto a superar, y aunque s\u00ed hay nervios o ansiedad antes de cada monta, sabe que est\u00e1 preparado para enfrentar a cualquiera una y otra vez.<\/p>\n<p class=\"p_3\"><b>CatBird, uno de los mejores ejemplares del rodeo en M\u00e9xico, ha sido otro gran reto<\/b>, lo ha montado ocho veces y s\u00f3lo una \u201cse le ha quedado\u201d, logrando los ocho segundos.<\/p>\n<p class=\"p_4\">Sin embargo esa \u00fanica ocasi\u00f3n fue suficiente para demostrarse que nada lo detiene, que no importa lo imponente del animal, sino la confianza que como jinete ha adquirido para asegurar: \u201cno le tengo miedo a ning\u00fan toro\u201d.<\/p>\n<p class=\"p_5\"><b>De ese tama\u00f1o es la seguridad que ha adquirido con el paso de los a\u00f1os y que lo ha vuelto un adicto a la adrenalina <\/b>y la sensaci\u00f3n de sentir que la arena le queda chiquita.<\/p>\n<p>      <img itercontenttypein=\"Image_Text\" itercontenttypeout=\"Image_Text\"  class=\"lazyload\" width=\"972\" height=\"648\" style=\"bottom: 0; left: 0; top: 0; right: 0;&#10;height: auto; width: auto;&#10;max-height: 100%; max-width: 100%;&#10;display: block; position: absolute; margin: auto;\" iterimgid=\"1-13221843\"  alt=\"$!San Juan de la Vaquer\u00eda es su refugio y su mayor orgullo; ah\u00ed naci\u00f3 la pasi\u00f3n que hoy lo impulsa. FOTO: OMAR SAUCEDO\" title=\"San Juan de la Vaquer\u00eda es su refugio y su mayor orgullo; ah\u00ed naci\u00f3 la pasi\u00f3n que hoy lo impulsa. FOTO: OMAR SAUCEDO\"\/>   <\/p>\n<p> San Juan de la Vaquer\u00eda es su refugio y su mayor orgullo; ah\u00ed naci\u00f3 la pasi\u00f3n que hoy lo impulsa. FOTO: OMAR SAUCEDO  <\/p>\n<p class=\"p_6\">Sin embargo, a pesar de tantos logros<b> Luis se mantiene centrado y sencillo, listo siempre para sus compromisos de cada fin de semana y dispuesto a compartir su conocimiento con las nuevas generaciones de jinetes <\/b>que lo admiran y buscan ser como \u00e9l.<\/p>\n<p class=\"p_7\">Su familia se preocupa por lo arriesgado de su profesi\u00f3n, <b>su mam\u00e1 nunca lo ha visto en una monta, pues no resistir\u00eda la angustia de verlo caer del animal o sufrir una lesi\u00f3n<\/b>, sin embargo a\u00fan as\u00ed el apoyo es incondicional.<\/p>\n<p class=\"p_8\"><b>Su padre y sus cuatro hermanos siempre le han brindado su respaldo<\/b>, incluso uno de ellos le regal\u00f3 de cumplea\u00f1os su primer pretal profesional.<\/p>\n<p class=\"p_9\">Y ni qu\u00e9 decir de <b>los habitantes de San Juan de la Vaquer\u00eda, que tambi\u00e9n est\u00e1n muy orgullosos de que Luis est\u00e9 poniendo en el mapa de los escenarios m\u00e1s importantes de M\u00e9xico y el extranjero a este peque\u00f1o pedazo de tierra<\/b> ubicado al sur de Saltillo.<\/p>\n<p class=\"p_10\"><b>UNA AVENTURA LLAMADA BARRETOS<\/b><\/p>\n<p class=\"p_11\">Uno de sus grandes sue\u00f1os se hizo realidad a finales del mes de agosto. El escenario m\u00e1s importante del rodeo en Latinoam\u00e9rica lo esperaba desde el a\u00f1o pasado, pero fue este 2025 cuando al fin se cumpli\u00f3 el tan anhelado debut en la Festa do Pe\u00e3o en Barretos, Brasil.<\/p>\n<p>      <img itercontenttypein=\"Image_Text\" itercontenttypeout=\"Image_Text\"  class=\"lazyload\" width=\"991\" height=\"648\" style=\"bottom: 0; left: 0; top: 0; right: 0;&#10;height: auto; width: auto;&#10;max-height: 100%; max-width: 100%;&#10;display: block; position: absolute; margin: auto;\" iterimgid=\"1-13221846\"  alt=\"$!El saltillense cumpli\u00f3 un sue\u00f1o al debutar en Barretos, Brasil, y espera tener su revancha. FOTO: ESPECIAL\" title=\"El saltillense cumpli\u00f3 un sue\u00f1o al debutar en Barretos, Brasil, y espera tener su revancha. FOTO: ESPECIAL\"\/>   <\/p>\n<p> El saltillense cumpli\u00f3 un sue\u00f1o al debutar en Barretos, Brasil, y espera tener su revancha. FOTO: ESPECIAL  <\/p>\n<p class=\"p_12\">Fue uno de los tres mexicanos que particip\u00f3 en el tradicional festival, <b>junto con el jalisciense \u00c1lvaro \u00c1lvarez, en monta de toros, y la zacatecana Paulina L\u00f3pez, en carrera de barriles.<\/b><\/p>\n<p class=\"p_13\">Pero la presi\u00f3n de representar a su pa\u00eds y hacer un buen papel termin\u00f3 por sobrepasarlo, y lejos de enfrentar a sus toros tranquilo y relajado, <b>carg\u00f3 sobre sus hombros la expectativa de toda la gente que lo sigue, y eso le impidi\u00f3 tener un desempe\u00f1o destacado.<\/b><\/p>\n<p class=\"p_14\">No obstante, su esp\u00edritu competitivo y terquedad lo han hecho prometerse que<b> volver\u00e1 a Barretos, ya con la experiencia de lo que debe mejorar para asegurar el triunfo.<\/b><\/p>\n<p class=\"p_15\">Aunque ya ha tenido varias participaciones en el rodeo de Estados Unidos, <b>Luis se ha propuesto como meta del 2026 llegar a las finales mundiales que se celebran cada a\u00f1o en diciembre en Las Vegas, y competir en PBR (Professional Bull Riders)<\/b>, la liga de monta de toros m\u00e1s grande del mundo.<\/p>\n<p class=\"p_16\"><b>DEL JUEGO A LAS ARENAS<\/b><\/p>\n<p class=\"p_17\">Luis Eduardo Porto P\u00e9rez recuerda que sal\u00eda de la escuela y se iba con sus amigos a montar becerros, esa era su forma de divertirse, y <b>fue hasta los 14 a\u00f1os cuando empez\u00f3 a competir.<\/b><\/p>\n<p>      <img itercontenttypein=\"Image_Text\" itercontenttypeout=\"Image_Text\"  class=\"lazyload\" width=\"957\" height=\"648\" style=\"bottom: 0; left: 0; top: 0; right: 0;&#10;height: auto; width: auto;&#10;max-height: 100%; max-width: 100%;&#10;display: block; position: absolute; margin: auto;\" iterimgid=\"1-13221849\"  alt=\"$!Porto en su etapa como charro, la cual dej\u00f3 para dedicarse de lleno al rodeo. FOTO: CORTES\u00cdA LUIS PORTO\" title=\"Porto en su etapa como charro, la cual dej\u00f3 para dedicarse de lleno al rodeo. FOTO: CORTES\u00cdA LUIS PORTO\"\/>   <\/p>\n<p> Porto en su etapa como charro, la cual dej\u00f3 para dedicarse de lleno al rodeo. FOTO: CORTES\u00cdA LUIS PORTO  <\/p>\n<p class=\"p_18\"><b>Durante ocho a\u00f1os lo compagin\u00f3 con la charrer\u00eda, donde tambi\u00e9n montaba toros<\/b>, pero ante la dificultad de combinar ambas actividades, lleg\u00f3 el momento en que decidi\u00f3 s\u00f3lo continuar como jinete en los rodeos.<\/p>\n<p class=\"p_19\">Luis tambi\u00e9n se dedica a entrenar caballos para las suertes de cala y coleadero, as\u00ed como a ser herrador, que implica el cuidado de los cascos de estos animales. \u201cEs como un pod\u00f3logo, pero de caballos\u201d, afirma.<\/p>\n<p class=\"p_20\"><b>En 2018 vino la oportunidad de ingresar a Cuernos Chuecos<\/b>. Su leal amigo, el tambi\u00e9n jinete Francisco Garc\u00eda, lo invitaba constantemente, pero su respuesta era \u201cno, es que todav\u00eda no me siento listo\u201d.<\/p>\n<p class=\"p_21\">S\u00f3lo era cuesti\u00f3n de decidirse, y cuando lo hizo qued\u00f3 en cuarto lugar; de ah\u00ed en adelante ha estado en todas las finales, as\u00ed como en el certamen Saltos de Gloria, donde ha participado tres veces, y en dos de ellas ha quedado campe\u00f3n.<\/p>\n<p class=\"p_22\">Un triunfo determinante en su carrera ha sido <b>ser Campe\u00f3n Nacional de Rodeo<\/b>, lo considera una parteaguas en su trayectoria, pero adem\u00e1s una forma de sentirse como un gigante.<\/p>\n<p>      <img itercontenttypein=\"Image_Text\" itercontenttypeout=\"Image_Text\"  class=\"lazyload\" width=\"972\" height=\"648\" style=\"bottom: 0; left: 0; top: 0; right: 0;&#10;height: auto; width: auto;&#10;max-height: 100%; max-width: 100%;&#10;display: block; position: absolute; margin: auto;\" iterimgid=\"1-13222686\"  alt=\"$!FOTO: OMAR SAUCEDO\" title=\"FOTO: OMAR SAUCEDO\"\/>   <\/p>\n<p> FOTO: OMAR SAUCEDO  <\/p>\n<p class=\"p_23\">\u201cCuando enfrentas un toro, m\u00e1s si es uno de renombre, te sientes como un gigante, te sientes invencible, como que ves la arena chiquita.<\/p>\n<p class=\"p_24\">\u201cLuego ya llegas a tu casa y te haces chiquito otra vez, te ponen los pies en la tierra: aqu\u00ed no eres campe\u00f3n, aqu\u00ed tienes que tender la cama\u201d, afirma entre risas.<\/p>\n<p class=\"p_25\"><b>DEL MIEDO, A OMICR\u00d3N Y CATBIRD<\/b><\/p>\n<p class=\"p_26\">El gran paso de montar becerros a hacerlo con toros, implic\u00f3 para Porto un nuevo desaf\u00edo que s\u00f3lo por un momento lo hizo dudar.<\/p>\n<p class=\"p_27\"><b>Mach\u00edn era un animal imponente y muy bravo<\/b> , el primero al que enfrent\u00f3. Un amigo del rancho se lo \u201cencandil\u00f3\u201d: \u201cT\u00fa m\u00f3ntalo, t\u00fa eres el adecuado\u201d , le dijo.<\/p>\n<p class=\"p_28\">Luis se prepar\u00f3 para la haza\u00f1a, pero al verlo pregunt\u00f3 con asombro \u201cyo voy a montar a ese\u201d. La respuesta fue inmediata: \u201cS\u00ed, t\u00fa lo vas a montar, t\u00fa eres capaz de montar ese toro\u201d.<\/p>\n<p class=\"p_29\">\u201cLa verdad s\u00ed me entr\u00f3 como el miedo de verlo muy grande, pero de ah\u00ed en fuera ya no\u201d.<\/p>\n<p class=\"p_30\">Despu\u00e9s <b>vino Omicr\u00f3n, un toro de la ganader\u00eda Botas Rotas de Chihuahua que ten\u00eda cinco a\u00f1os invicto<\/b> . Ese fin de semana fue redondo, el s\u00e1bado mont\u00f3 en Durango y qued\u00f3 campe\u00f3n, viaj\u00f3 luego a Chihuahua, despu\u00e9s de pocas horas de sue\u00f1o, y venci\u00f3 a este ejemplar.<\/p>\n<p>      <img itercontenttypein=\"Image_Text\" itercontenttypeout=\"Image_Text\"  class=\"lazyload\" width=\"1111\" height=\"648\" style=\"bottom: 0; left: 0; top: 0; right: 0;&#10;height: auto; width: auto;&#10;max-height: 100%; max-width: 100%;&#10;display: block; position: absolute; margin: auto;\" iterimgid=\"1-13222608\"  alt=\"$!Luis logr\u00f3 una haza\u00f1a al quitarle el invicto de cinco a\u00f1os a \u00d3micron. FOTO: CORTES\u00cdA\" title=\"Luis logr\u00f3 una haza\u00f1a al quitarle el invicto de cinco a\u00f1os a \u00d3micron. FOTO: CORTES\u00cdA\"\/>   <\/p>\n<p> Luis logr\u00f3 una haza\u00f1a al quitarle el invicto de cinco a\u00f1os a \u00d3micron. FOTO: CORTES\u00cdA  <\/p>\n<p class=\"p_31\">Cat Bird, de la ganader\u00eda La Herradura, en Arteaga, fue otro gran reto. Luis lo ha montado ocho veces, en una de ellas estuvo a cinco mil\u00e9simas de segundo de quitarle el invicto, pero el toro le peg\u00f3 fuertemente en la cabeza y lo desmay\u00f3. Ganarle qued\u00f3 para despu\u00e9s, en Acu\u00f1a.<\/p>\n<p class=\"p_32\">\u201cHaberle quedado a Cat Bird fue una gran sensaci\u00f3n, estaba buscando a ese toro, quer\u00eda quedarle, esa monta estuvo bien, fue de 90 puntos\u201d, dice con orgullo.<\/p>\n<p class=\"p_33\"><b>LA MUERTE DE CERCA<\/b><\/p>\n<p class=\"p_34\">El arriesgado trabajo de los jinetes de toro implica muchas veces enfrentar la posibilidad de morir, para Luis esto no ha sido ajeno.<\/p>\n<p class=\"p_35\"><b>Cuando Cat Bird lo desmay\u00f3, logr\u00f3 despertar pero no reconoci\u00f3 a nadie. <\/b>Los organizadores del evento avisaron a su familia que ya hab\u00eda reaccionado y que estaba bien.<\/p>\n<p class=\"p_36\">Sin embargo, al llegar a casa ten\u00eda miedo de quedarse dormido y no despertar m\u00e1s.<\/p>\n<p class=\"p_37\">Record\u00f3 aquellas recomendaciones de que despu\u00e9s de un golpe en la cabeza no deben dormir y estaba dispuesto a resistir de pie. No dijo nada para no asustar a su mam\u00e1.<\/p>\n<p class=\"p_38\">\u201cEse d\u00eda en realidad tuve miedo, no me quer\u00eda dormir. Ten\u00eda miedo y quer\u00eda contarle a mis pap\u00e1s, decirles me golpe\u00e9 y pues tengo miedo de no despertar\u00bb.<\/p>\n<p class=\"p_39\">De la mano del riesgo de morir est\u00e1n las lesiones. <b>Luis tiene una fractura de radio en un brazo, lo operaron y tiene una placa, esa es hasta el momento la m\u00e1s fuerte. <\/b><\/p>\n<p class=\"p_40\"><b>Adem\u00e1s se ha fracturado costillas, luxaci\u00f3n de hombros, esguinces en manos y tobillos, contusiones en la cabeza,<\/b> pero nada que hasta el momento le impida continuar su pasi\u00f3n por los toros.<\/p>\n<p class=\"p_41\"><b>EL TERRU\u00d1O: SAN JUAN DE LA VAQUERIA<\/b><\/p>\n<p>      <img itercontenttypein=\"Image_Text\" itercontenttypeout=\"Image_Text\"  class=\"lazyload\" width=\"872\" height=\"648\" style=\"bottom: 0; left: 0; top: 0; right: 0;&#10;height: auto; width: auto;&#10;max-height: 100%; max-width: 100%;&#10;display: block; position: absolute; margin: auto;\" iterimgid=\"1-13222732\"  alt=\"$!FOTO: OMAR SAUCEDO\" title=\"FOTO: OMAR SAUCEDO\"\/>   <\/p>\n<p> FOTO: OMAR SAUCEDO  <\/p>\n<p class=\"p_42\">Esta comunidad es una de las m\u00e1s viejas del estado, cobijada por la sierra La Catana, surgi\u00f3 a fines del siglo 16, fue propiedad de Francisco de Urdi\u00f1ola y despu\u00e9s se convirti\u00f3 en hacienda.<\/p>\n<p>      <img itercontenttypein=\"Image_Text\" itercontenttypeout=\"Image_Text\"  class=\"lazyload\" width=\"972\" height=\"648\" style=\"bottom: 0; left: 0; top: 0; right: 0;&#10;height: auto; width: auto;&#10;max-height: 100%; max-width: 100%;&#10;display: block; position: absolute; margin: auto;\" iterimgid=\"1-13222735\"  alt=\"$!FOTO: OMAR SAUCEDO\" title=\"FOTO: OMAR SAUCEDO\"\/>   <\/p>\n<p> FOTO: OMAR SAUCEDO  <\/p>\n<p class=\"p_43\">Despu\u00e9s de la Revoluci\u00f3n <b>la hacienda desapareci\u00f3, pero su casa grande sigue en pie en el centro del poblado, junto a la iglesia. Actualmente pertenece a Gerardo Aguirre y su familia, quienes tambi\u00e9n poseen el vi\u00f1edo que lleva el nombre del ejido,<\/b> aqu\u00ed es donde RODEO CAPITAL platic\u00f3 con Luis.<\/p>\n<p>      <img itercontenttypein=\"Image_Text\" itercontenttypeout=\"Image_Text\"  class=\"lazyload\" width=\"972\" height=\"648\" style=\"bottom: 0; left: 0; top: 0; right: 0;&#10;height: auto; width: auto;&#10;max-height: 100%; max-width: 100%;&#10;display: block; position: absolute; margin: auto;\" iterimgid=\"1-13222450\"  alt=\"$!FOTO: OMAR SAUCEDO\" title=\"FOTO: OMAR SAUCEDO\"\/>   <\/p>\n<p> FOTO: OMAR SAUCEDO  <\/p>\n<p class=\"p_44\">De acuerdo con el Inegi, <b>en el 2020 hab\u00eda mil 330 personas viviendo en San Juan y uno de ellos es Luis Porto,<\/b> quien sin duda reconoce el enorme orgullo y agradecimiento que siente por su tierra y su gente.<\/p>\n<p class=\"p_45\">\u00abYo aqu\u00ed me hice, en realidad todo lo que he pasado lo he vivido aqu\u00ed en el rancho. Siempre escucho comentarios buenos de la gente de aqu\u00ed que me apoya, siempre me han visto con buena cara y creo que tambi\u00e9n se sienten orgullosos de lo que he hecho y de que soy de aqu\u00ed.<\/p>\n<p>      <img itercontenttypein=\"Image_Text\" itercontenttypeout=\"Image_Text\"  class=\"lazyload\" width=\"432\" height=\"648\" style=\"bottom: 0; left: 0; top: 0; right: 0;&#10;height: auto; width: auto;&#10;max-height: 100%; max-width: 100%;&#10;display: block; position: absolute; margin: auto;\" iterimgid=\"1-13222738\"  alt=\"$!FOTO: OMAR SAUCEDO\" title=\"FOTO: OMAR SAUCEDO\"\/>   <\/p>\n<p> FOTO: OMAR SAUCEDO  <\/p>\n<p class=\"p_46\">\u201cMe dicen el orgullo San Juan y yo me siento muy bendecido, la verdad, y muy agradecido con ellos porque me apoyan\u201d.<\/p>\n<p class=\"p_47\"><b>VA POR EL S\u00daPER BULL<\/b><\/p>\n<p class=\"p_48\"><b>Para Luis Porto cada fin de semana hay un nuevo desaf\u00edo en alg\u00fan rodeo,<\/b> a veces en lugares cercanos y otros a donde hay que emprender un viaje m\u00e1s largo. Pero \u00e9l siempre est\u00e1 preparado. Todos los d\u00edas entrena con toneles y pelotas, adem\u00e1s de correr e ir al gimnasio.<\/p>\n<p class=\"p_49\"><b>El S\u00faper Bull Anual Internacional, que ser\u00e1 parte del Rodeo Saltillo Expo, Feria y Fest 2025, es uno de los eventos m\u00e1s importantes en donde se presentar\u00e1 en el mes de octubre<\/b> , para enfrentar a competidores de M\u00e9xico, Canad\u00e1 y Costa Rica.<\/p>\n<p>      <img itercontenttypein=\"Image_Text\" itercontenttypeout=\"Image_Text\"  class=\"lazyload\" width=\"432\" height=\"648\" style=\"bottom: 0; left: 0; top: 0; right: 0;&#10;height: auto; width: auto;&#10;max-height: 100%; max-width: 100%;&#10;display: block; position: absolute; margin: auto;\" iterimgid=\"1-13222439\"  alt=\"$!FOTO: OMAR SAUCEDO\" title=\"FOTO: OMAR SAUCEDO\"\/>   <\/p>\n<p> FOTO: OMAR SAUCEDO  <\/p>\n<p class=\"p_50\">Igual que en Barretos, este evento le hace sentir un compromiso muy fuerte, pues en esta ocasi\u00f3n se trata de hacer buenas montas ante su gente.<\/p>\n<p class=\"p_51\">\u201cEstoy prepar\u00e1ndome para ese evento, y aunque tengo rodeos todos los fines de semana de aqu\u00ed a entonces, mis ojos est\u00e1n clavados en ese rodeo, tengo que llegar muy bien preparado\u201d.<\/p>\n<p class=\"p_52\"><b>INSPIRACI\u00d3N<\/b><\/p>\n<p class=\"p_53\">En su trayectoria como jinete, <b>Luis es inspiraci\u00f3n y motivaci\u00f3n para j\u00f3venes promesas del rodeo en M\u00e9xico.<\/b> Recientemente imparti\u00f3 la cl\u00ednica Cowboy Camp en Mesa de las Tablas y hasta ah\u00ed llegaron chicos de Jalisco, Baja California, Estado de M\u00e9xico, Zacatecas, Durango y Nuevo Le\u00f3n, que buscaban aprender de \u00e9l.<\/p>\n<p>      <img itercontenttypein=\"Image_Text\" itercontenttypeout=\"Image_Text\"  class=\"lazyload\" width=\"972\" height=\"648\" style=\"bottom: 0; left: 0; top: 0; right: 0;&#10;height: auto; width: auto;&#10;max-height: 100%; max-width: 100%;&#10;display: block; position: absolute; margin: auto;\" iterimgid=\"1-13222406\"  alt=\"$!Adem\u00e1s de sus competencias, Luis se da tiempo de compartir sus conocimientos con j\u00f3venes promesas del jineteo de toros. FOTO: H\u00c9CTOR GARC\u00cdA\" title=\"Adem\u00e1s de sus competencias, Luis se da tiempo de compartir sus conocimientos con j\u00f3venes promesas del jineteo de toros. FOTO: H\u00c9CTOR GARC\u00cdA\"\/>   <\/p>\n<p> Adem\u00e1s de sus competencias, Luis se da tiempo de compartir sus conocimientos con j\u00f3venes promesas del jineteo de toros. FOTO: H\u00c9CTOR GARC\u00cdA  <\/p>\n<p class=\"p_54\">A ellos les recomienda centrarse en el dominio de las t\u00e9cnicas para enfrentar a los toros y vencerlos, pues muchos se preocupan m\u00e1s por publicar en redes sociales y descuidan lo realmente importante.<\/p>\n<p class=\"p_55\">Pero as\u00ed como \u00e9l es inspiraci\u00f3n para esos muchachos, <b>tambi\u00e9n tiene sus propios \u00eddolos, algunos de ellos son sus grandes amigos como Edgardo Torres, de Matehuala, y su compa\u00f1ero desde la infancia, Francisco Garc\u00eda.<\/b><\/p>\n<p class=\"p_56\">Entre los consagrados a nivel mundial est\u00e1 <b>James Burton Mauney, JB Mauney ,<\/b> pues se identifica con la pasi\u00f3n y la entrega con la que enfrentaba a sus toros.<\/p>\n<p class=\"p_57\">\u00bb A ese viejo siempre lo he admirado por los huevos que tiene para montar toros. Se ve\u00eda que disfrutaba montarlos. Cuando lo tumbaba un toro se aferraba y otra vez quer\u00eda montarlo hasta que le quedaba\u00bb, expres\u00f3.<\/p>\n<p class=\"p_58\"><b>Luis sabe que su carrera como jinete alg\u00fan d\u00eda va a terminar, por ello aprovecha el tiempo al m\u00e1ximo<\/b> , considera que est\u00e1 en el mejor momento de su carrera y que es ahora cuando debe cosechar todos los triunfos posibles para sentirse satisfecho en el futuro.<\/p>\n<p class=\"p_59\">\u201cQuiero montar todos los toros que pueda ahorita que creo que estoy en el mejor punto de mi carrera, y el d\u00eda de ma\u00f1ana que me quiera retirar, decir: ya llen\u00e9 de montar toros, ya no quiero nada\u201d.<\/p>\n<p class=\"p_60\"><b>Se visualiza siendo viejo, sentado en una mecedora<\/b> y registrando todos los logros que lo llenaron de satisfacci\u00f3n.<\/p>\n<p>      <img itercontenttypein=\"Image_Text\" itercontenttypeout=\"Image_Text\"  class=\"lazyload\" width=\"972\" height=\"648\" style=\"bottom: 0; left: 0; top: 0; right: 0;&#10;height: auto; width: auto;&#10;max-height: 100%; max-width: 100%;&#10;display: block; position: absolute; margin: auto;\" iterimgid=\"1-13222411\"  alt=\"$!FOTO: OMAR SAUCEDO\" title=\"FOTO: OMAR SAUCEDO\"\/>   <\/p>\n<p> FOTO: OMAR SAUCEDO  <\/p>\n<p class=\"p_61\">\u201cQuiero aprovechar mi tiempo y retirarme como es, y pues dedicarme a mis caballos ya lo m\u00edo. As\u00ed me gustar\u00eda verme\u201d, concluye.<\/p>\n<p>  Leer Texto  <\/p>\n","protected":false},"excerpt":{"rendered":"La tierra que lo vio nacer ha forjado su car\u00e1cter, su determinaci\u00f3n de ir por m\u00e1s, el hambre&hellip;\n","protected":false},"author":2,"featured_media":156481,"comment_status":"","ping_status":"","sticky":false,"template":"","format":"standard","meta":{"footnotes":""},"categories":[277],"tags":[46793,373,168,25,24,23,167,374],"class_list":{"0":"post-156480","1":"post","2":"type-post","3":"status-publish","4":"format-standard","5":"has-post-thumbnail","7":"category-toreo","8":"tag-08-entrevista","9":"tag-bullfighting","10":"tag-deportes","11":"tag-es","12":"tag-espana","13":"tag-spain","14":"tag-sports","15":"tag-toreo"},"share_on_mastodon":{"url":"","error":""},"_links":{"self":[{"href":"https:\/\/www.europesays.com\/es\/wp-json\/wp\/v2\/posts\/156480","targetHints":{"allow":["GET"]}}],"collection":[{"href":"https:\/\/www.europesays.com\/es\/wp-json\/wp\/v2\/posts"}],"about":[{"href":"https:\/\/www.europesays.com\/es\/wp-json\/wp\/v2\/types\/post"}],"author":[{"embeddable":true,"href":"https:\/\/www.europesays.com\/es\/wp-json\/wp\/v2\/users\/2"}],"replies":[{"embeddable":true,"href":"https:\/\/www.europesays.com\/es\/wp-json\/wp\/v2\/comments?post=156480"}],"version-history":[{"count":0,"href":"https:\/\/www.europesays.com\/es\/wp-json\/wp\/v2\/posts\/156480\/revisions"}],"wp:featuredmedia":[{"embeddable":true,"href":"https:\/\/www.europesays.com\/es\/wp-json\/wp\/v2\/media\/156481"}],"wp:attachment":[{"href":"https:\/\/www.europesays.com\/es\/wp-json\/wp\/v2\/media?parent=156480"}],"wp:term":[{"taxonomy":"category","embeddable":true,"href":"https:\/\/www.europesays.com\/es\/wp-json\/wp\/v2\/categories?post=156480"},{"taxonomy":"post_tag","embeddable":true,"href":"https:\/\/www.europesays.com\/es\/wp-json\/wp\/v2\/tags?post=156480"}],"curies":[{"name":"wp","href":"https:\/\/api.w.org\/{rel}","templated":true}]}}