{"id":156482,"date":"2025-10-04T12:50:11","date_gmt":"2025-10-04T12:50:11","guid":{"rendered":"https:\/\/www.europesays.com\/es\/156482\/"},"modified":"2025-10-04T12:50:11","modified_gmt":"2025-10-04T12:50:11","slug":"clasificacion-f1-del-gp-de-singapur-en-directo","status":"publish","type":"post","link":"https:\/\/www.europesays.com\/es\/156482\/","title":{"rendered":"Clasificaci\u00f3n F1 del GP de Singapur, en directo"},"content":{"rendered":"\n<p class=\"ue-c-article__paragraph \"><strong>\u00a1\u00a1Muy buenas tardes a todos!! <\/strong>Bienvenidos a un nuevo directo de la<strong> temporada 2025 de la F1<\/strong>. Llega la sesi\u00f3n m\u00e1s r\u00e1pida del fin de semana. Cada uno de los pilotos batallar\u00e1 por conseguir el tiempo m\u00e1s r\u00e1pido del fin de semana y as\u00ed tener la ventaja de partir desde la primera posici\u00f3n en parrilla, sumamente importante en un trazado tan exigente como el de <strong>Marina Bay. <\/strong><\/p>\n<p class=\"ue-c-article__paragraph \"><strong>Max Verstappen<\/strong> fue el encargado de quedarse con el tiempo m\u00e1s r\u00e1pido del fin de semana en la <strong>\u00faltima sesi\u00f3n de entrenamientos libres,<\/strong> la cual se llev\u00f3 a cabo este s\u00e1bado. El campe\u00f3n del mundo dio un golpe sobre la mesa con los <strong>McLaren<\/strong>, a quienes buscar\u00e1 derrotar, por tercera fecha consecutiva, a una vuelta, con el objetivo de sentarse en lo m\u00e1s alto del podio por primera vez en <strong>Singapur<\/strong>. <\/p>\n<p class=\"ue-c-article__paragraph \"><strong>Oscar Piastri (2\u00ba) y George Russell (3\u00ba)<\/strong>, fueron los encargados de cerrar el podio de la \u00faltima sesi\u00f3n de entrenamientos libres en las que <strong>49 mil\u00e9simas<\/strong> separaron a los tres l\u00edderes de la pr\u00e1ctica. De igual manera, <strong>Kimi Antonelli (4\u00ba) y Lando Norris (5\u00ba)<\/strong> cerraron las cinco primeras posiciones al girar 89 mil\u00e9simas m\u00e1s lento que &#8216;<strong>Mad Max<\/strong>&#8216;, confirmando la pareja sesi\u00f3n de clasificaci\u00f3n que viviremos a continuaci\u00f3n. <\/p>\n<p class=\"ue-c-article__paragraph \">Para los espa\u00f1oles, se vivi\u00f3 una realidad totalmente distinta en la primera sesi\u00f3n del segundo d\u00eda de actividades. <strong>Carlos Sainz (6\u00ba) <\/strong>demostr\u00f3 que tiene el ritmo necesario para entrar a la <strong>Q3 <\/strong>y pelear por los puntos en la cita dominica. Sin embargo,<strong> Fernando Alonso (15\u00ba)<\/strong> no pudo igualar el ritmo que demostr\u00f3 tener en el primer d\u00eda del fin de semana y se acent\u00faa el objetivo de entrar a la <strong>Q3 <\/strong>en la sesi\u00f3n de clasificaci\u00f3n. <\/p>\n<p class=\"ue-c-article__paragraph \">Ahora, nos ponemos c\u00f3modos para disfrutar de la sesi\u00f3n de clasificaci\u00f3n del fin de semana del <strong>Gran Premio de Azerbaiy\u00e1n. Los McLaren, Mercedes y Max Verstappen<\/strong> acaparar\u00e1n todos los ojos en la \u00faltima sesi\u00f3n del d\u00eda. <\/p>\n<p class=\"ue-c-article__paragraph \"><strong>\u00a1Arrancamos! <\/strong><\/p>\n","protected":false},"excerpt":{"rendered":"\u00a1\u00a1Muy buenas tardes a todos!! Bienvenidos a un nuevo directo de la temporada 2025 de la F1. Llega&hellip;\n","protected":false},"author":2,"featured_media":156483,"comment_status":"","ping_status":"","sticky":false,"template":"","format":"standard","meta":{"footnotes":""},"categories":[270],"tags":[2365,2171,168,25,24,306,2096,271,272,43493,2362,23,167,2364],"class_list":{"0":"post-156482","1":"post","2":"type-post","3":"status-publish","4":"format-standard","5":"has-post-thumbnail","7":"category-formula-1","8":"tag-aston-martin-f1","9":"tag-carlos-sainz-jr","10":"tag-deportes","11":"tag-es","12":"tag-espana","13":"tag-f1","14":"tag-fernando-alonso","15":"tag-formula-1","16":"tag-formula1","17":"tag-gp-singapur-f1","18":"tag-motor","19":"tag-spain","20":"tag-sports","21":"tag-williams-f1"},"share_on_mastodon":{"url":"","error":""},"_links":{"self":[{"href":"https:\/\/www.europesays.com\/es\/wp-json\/wp\/v2\/posts\/156482","targetHints":{"allow":["GET"]}}],"collection":[{"href":"https:\/\/www.europesays.com\/es\/wp-json\/wp\/v2\/posts"}],"about":[{"href":"https:\/\/www.europesays.com\/es\/wp-json\/wp\/v2\/types\/post"}],"author":[{"embeddable":true,"href":"https:\/\/www.europesays.com\/es\/wp-json\/wp\/v2\/users\/2"}],"replies":[{"embeddable":true,"href":"https:\/\/www.europesays.com\/es\/wp-json\/wp\/v2\/comments?post=156482"}],"version-history":[{"count":0,"href":"https:\/\/www.europesays.com\/es\/wp-json\/wp\/v2\/posts\/156482\/revisions"}],"wp:featuredmedia":[{"embeddable":true,"href":"https:\/\/www.europesays.com\/es\/wp-json\/wp\/v2\/media\/156483"}],"wp:attachment":[{"href":"https:\/\/www.europesays.com\/es\/wp-json\/wp\/v2\/media?parent=156482"}],"wp:term":[{"taxonomy":"category","embeddable":true,"href":"https:\/\/www.europesays.com\/es\/wp-json\/wp\/v2\/categories?post=156482"},{"taxonomy":"post_tag","embeddable":true,"href":"https:\/\/www.europesays.com\/es\/wp-json\/wp\/v2\/tags?post=156482"}],"curies":[{"name":"wp","href":"https:\/\/api.w.org\/{rel}","templated":true}]}}