{"id":156484,"date":"2025-10-04T12:52:13","date_gmt":"2025-10-04T12:52:13","guid":{"rendered":"https:\/\/www.europesays.com\/es\/156484\/"},"modified":"2025-10-04T12:52:13","modified_gmt":"2025-10-04T12:52:13","slug":"twitch-superdeporte","status":"publish","type":"post","link":"https:\/\/www.europesays.com\/es\/156484\/","title":{"rendered":"Twitch Superdeporte"},"content":{"rendered":"<p class=\"ft-text\">Ya es martes y en este caso LaLiga decidi\u00f3 reprogramar una jornada intersemanal en la que <strong>el Valencia CF recibi\u00f3 al Real Oviedo para terminar dando alas a los asturianos ante un cuadro de Corber\u00e1n que no estuvo a la altura y fue remontado<\/strong>. Como venimos haciendo esta temporada, te invitamos a la cita postpartido con <a class=\"ft-link ft-link--decoration\" href=\"https:\/\/www.superdeporte.es\/\" target=\"_blank\" rel=\"nofollow noopener\">SUPER<\/a>.<\/p>\n<p class=\"ft-text\">Pr\u00e1cticamente desde que el colegiado se\u00f1ale el final de partido de los de Corber\u00e1n, conectaremos con vosotros en nuestro canal de Twitch te y contaremos lo m\u00e1s destacado. An\u00e1lisis, opini\u00f3n, discusi\u00f3n&#8230; os animamos a que particip\u00e9is con vuestros comentarios.<\/p>\n<p class=\"ft-text\"><strong>\u00a1Te esperamos!<\/strong><\/p>\n<p><a id=\"comments\" name=\"comments\" title=\"\" class=\"ft-anchor ft-anchor--absolute ft-helper-spacer-voffset-xlg\" rel=\"\"><\/a><\/p>\n","protected":false},"excerpt":{"rendered":"Ya es martes y en este caso LaLiga decidi\u00f3 reprogramar una jornada intersemanal en la que el Valencia&hellip;\n","protected":false},"author":2,"featured_media":156485,"comment_status":"","ping_status":"","sticky":false,"template":"","format":"standard","meta":{"footnotes":""},"categories":[268],"tags":[46794,168,25,24,280,282,288,7797,46795,11783,3048,281,23,167,3400,4723,706],"class_list":{"0":"post-156484","1":"post","2":"type-post","3":"status-publish","4":"format-standard","5":"has-post-thumbnail","7":"category-futbol","8":"tag-analizamos","9":"tag-deportes","10":"tag-es","11":"tag-espana","12":"tag-football","13":"tag-futbol","14":"tag-laliga","15":"tag-martes","16":"tag-postpartido","17":"tag-rcd-espanyol","18":"tag-real-madrid","19":"tag-soccer","20":"tag-spain","21":"tag-sports","22":"tag-super","23":"tag-twitch","24":"tag-valenciano"},"share_on_mastodon":{"url":"","error":""},"_links":{"self":[{"href":"https:\/\/www.europesays.com\/es\/wp-json\/wp\/v2\/posts\/156484","targetHints":{"allow":["GET"]}}],"collection":[{"href":"https:\/\/www.europesays.com\/es\/wp-json\/wp\/v2\/posts"}],"about":[{"href":"https:\/\/www.europesays.com\/es\/wp-json\/wp\/v2\/types\/post"}],"author":[{"embeddable":true,"href":"https:\/\/www.europesays.com\/es\/wp-json\/wp\/v2\/users\/2"}],"replies":[{"embeddable":true,"href":"https:\/\/www.europesays.com\/es\/wp-json\/wp\/v2\/comments?post=156484"}],"version-history":[{"count":0,"href":"https:\/\/www.europesays.com\/es\/wp-json\/wp\/v2\/posts\/156484\/revisions"}],"wp:featuredmedia":[{"embeddable":true,"href":"https:\/\/www.europesays.com\/es\/wp-json\/wp\/v2\/media\/156485"}],"wp:attachment":[{"href":"https:\/\/www.europesays.com\/es\/wp-json\/wp\/v2\/media?parent=156484"}],"wp:term":[{"taxonomy":"category","embeddable":true,"href":"https:\/\/www.europesays.com\/es\/wp-json\/wp\/v2\/categories?post=156484"},{"taxonomy":"post_tag","embeddable":true,"href":"https:\/\/www.europesays.com\/es\/wp-json\/wp\/v2\/tags?post=156484"}],"curies":[{"name":"wp","href":"https:\/\/api.w.org\/{rel}","templated":true}]}}