{"id":156488,"date":"2025-10-04T12:54:25","date_gmt":"2025-10-04T12:54:25","guid":{"rendered":"https:\/\/www.europesays.com\/es\/156488\/"},"modified":"2025-10-04T12:54:25","modified_gmt":"2025-10-04T12:54:25","slug":"palabra-en-piedra-la-obra-de-alberto-banuelos-viste-el-palacio-de-la-isla","status":"publish","type":"post","link":"https:\/\/www.europesays.com\/es\/156488\/","title":{"rendered":"Palabra en piedra. La obra de Alberto Ba\u00f1uelos viste el Palacio de la Isla"},"content":{"rendered":"<p class=\"paragraph\">En los jardines de la entrada al <a href=\"https:\/\/www.elcorreodeburgos.com\/temas\/palacio-de-la-isla\/\" title=\"Palacio de la Isla\" rel=\"nofollow noopener\" target=\"_blank\">Palacio de la Isla<\/a>, sede del<a href=\"https:\/\/www.elcorreodeburgos.com\/temas\/instituto-castellano-y-leones-de-la-lengua\/\" title=\"Instituto Castellano y Leon\u00e9s de la Lengua\" rel=\"nofollow noopener\" target=\"_blank\"> Instituto Castellano y Leon\u00e9s de la Lengua<\/a>, se instalan unos guerreros en piedra de la palabra. Es parte de las nuevas creaciones del escultor burgal\u00e9s Alberto Ba\u00f1uelos. &#8216;In custodia verbi. Bendita la locura de la piedra&#8217; est\u00e1 formado por 11 creaciones en las que el artista burgal\u00e9s vuelve a extraer la esencia de las rocas. \u00abAlberto logra desnudar la piedra y penetrarla hasta llegar a su alma, esculturas ins\u00f3litas, \u00fanicas en uno de los pocos artistas contempor\u00e1neos que tejen su arte en torno a la naturaleza\u00bb, se\u00f1al\u00f3 el consejero de Cultura, Manuel Santonja.\u00a0<\/p>\n<p>            <a href=\"#\" title=\"\"><\/p>\n<p>                    <img loading=\"lazy\" decoding=\"async\" data-index=\"\" width=\"140\" height=\"140\" alt=\"El escultor burgal\u00e9s observa algunas de las piezas expuestas en el Museo de la Evoluci\u00f3n en compa\u00f1\u00eda de su director, la consejera de Cultura y el presidente de la Junta. I-ICAL\" data-full=\"[object Object]\" data-original=\"[object Object]\" src=\"https:\/\/imagenes.elcorreodeburgos.com\/files\/related_image\/uploads\/2023\/04\/14\/64398417cdbcf.jpeg\" data-full-src=\"https:\/\/www.europesays.com\/es\/wp-content\/uploads\/2025\/10\/64398417cdbcf.jpeg\"\/><\/p>\n<p>            <\/a><\/p>\n<p class=\"c-detail__sumario__signature\">\n                <strong><\/p>\n<p>                <strong class=\"c-detail__sumario__author \">El Correo de Burgos | El Mundo<\/strong><\/strong>\n            <\/p>\n<p class=\"paragraph\">El escultor burgaleses presenta un conjunto escult\u00f3rico esculpido en roca en lo que \u00e9l mismo asemeja como\u00a0\u00abguerreros, caballeros\u00bb que se desarrollan como\u00a0\u00abpaleograf\u00edas tenaces, como un cnator o clamor que levanta la voz en la batalla diaria defendiendo esos ideales de perfecci\u00f3n, de defensa y de actualizacii\u00f3n de las palabras que es lo que se hace aqu\u00ed\u00bb, remarc\u00f3 el escultor en la inauguraci\u00f3n de la muestra en el Palacio de la Isla.\u00a0<\/p>\n<p class=\"paragraph\">Un conjunto de caballeros de la palabra extra\u00eddos de la roja se pueden ver hasta enero en los jardines de la entrada a la sede del Instituto de la Lengua. Otro grupo de piezas, de menor tama\u00f1o, se enmarcan en los pasillos de entrada a la sede de la lengua en Castilla y Le\u00f3n. Una transformaci\u00f3n de cantos rodados, alabastro y bolos gran\u00edticos como\u00a0\u00absimbolo de vigilancia\u00bb en los que Ba\u00f1uelos reconoce que \u00abtrabajo como otros lo hac\u00edan hace mucho tiempo\u00bb. Considera que esas rocas y piedras\u00a0\u00abson como una cr\u00f3nica de la evoluci\u00f3n del lenguaje, as\u00ed rueda el idioma, as\u00ed se desarrolla a trav\u00e9s de los cambios y las nuevas palabras que van enriqueciendo nuestra lengua\u00bb.<\/p>\n<p>            <a href=\"#\" title=\"\"><\/p>\n<p>                    <img loading=\"lazy\" decoding=\"async\" data-index=\"\" width=\"140\" height=\"140\" alt=\"Alberto Ba\u00f1uelos, junto a \u2018Menina deconstruida\u2019, que estar\u00e1 en el paseo de Recoletos hasta el mes de julio.-\" data-full=\"[object Object]\" data-original=\"[object Object]\" src=\"https:\/\/imagenes.elcorreodeburgos.com\/files\/related_image\/uploads\/2023\/04\/14\/64396b9ecfbae.jpeg\" data-full-src=\"https:\/\/www.europesays.com\/es\/wp-content\/uploads\/2025\/10\/64396b9ecfbae.jpeg\"\/><\/p>\n<p>            <\/a><\/p>\n<p class=\"paragraph\">La intenci\u00f3n del Consejero de Cultura es que alguna de las piezas de Alberto Ba\u00f1uelos pueda quedarse en el Instituto de la Lengua definitivamente.\u00a0\u00abS\u00ed me gutar\u00eda que se quedaran, porque muestra el lenguaje de la piedra y eso en esta casa tiene que estar, ya veremos como, pero Alberto Ba\u00f1uelos es un escultor imprescindible que tiene que estar aqu\u00ed\u00bb, sostuvo Manuel Santonja.\u00a0<\/p>\n<p class=\"paragraph\">La muestra est\u00e1 comisariada por Alfonso Torre quien otorga un car\u00e1cter metaf\u00edsico a esta expresi\u00f3n a trav\u00e9s de las rocas que considera son \u00abla m\u00fasica petrificada de la creaci\u00f3n\u00bb. Sostiene que estas piezas son\u00a0\u00abformas pl\u00e1sticas que representan un pensamiento que tienta expresar y, quienes le frecuentan, saben que es capaz de virar desde el verbo excedido hasta el silencio\u00bb, se\u00f1ala en una nota.<\/p>\n<p>            <a href=\"#\" title=\"\"><\/p>\n<p>                    <img loading=\"lazy\" decoding=\"async\" data-index=\"\" width=\"140\" height=\"140\" alt=\"-\" data-full=\"[object Object]\" data-original=\"[object Object]\" src=\"https:\/\/imagenes.elcorreodeburgos.com\/files\/related_image\/uploads\/2023\/04\/14\/6439583fce739.jpeg\" data-full-src=\"https:\/\/www.europesays.com\/es\/wp-content\/uploads\/2025\/10\/6439583fce739.jpeg\"\/><\/p>\n<p>            <\/a><\/p>\n<p class=\"c-detail__sumario__signature\">\n                <strong><\/p>\n<p>                <strong class=\"c-detail__sumario__author \">El Correo de Burgos | El Mundo<\/strong><\/strong>\n            <\/p>\n<p class=\"paragraph\">En definitiva la muestra ofrece caballeros extra\u00eddos de la roca que\u00a0\u00abcustodian la plabra, es un di\u00e1logo entre lo ef\u00edmero y lo eterno\u00bb a juicio del director del Instituto Castellano y Leon\u00e9s de la Lengua, Andr\u00e9s Abajo.\u00a0\u00a0<\/p>\n<p class=\"paragraph\">El Alberto Ba\u00f1uelos escritor aparece tarde. A los 35 termina su primera escultura, un torso realizado en piedra de alabastro. En los 80 se forma como cantero en carrara y en 2003 crea la escultura m\u00e1s grande que realiza hasta el momento y con la que empieza a experimentar en un nuevo periodo art\u00edstico denominado deconstrucci\u00f3n. Sus ic\u00f3nicas piezas se encuentran en museos nacionales e internacionales. H adonado piezas al IVAM, ha participado en la III Bienal Internacional de Arte Contempor\u00e1neo del Fin del Mundo en Ushuaia (Argentina) y ha visitado pa\u00edses como Urugay, Paraguay y Brasil con su obra. Premio de las Artes de Castilla y Le\u00f3n realiz\u00f3 una exposici\u00f3n en el Museo Nacional de Antropolog\u00eda de M\u00e9xico y ha participado en numerosas exposiciones colectivas.\u00a0\u00a0<\/p>\n<p class=\"paragraph\">&#8216;In custodia Verbi. Bendita locura de la piedra&#8217; puede verse en el Palacio de la Isla, sede del Instituto Castellano y Leon\u00e9s de la Lengua, hasta el pr\u00f3ximo 17 de enero. El horario del Palacio de la Isla es de Lunes a jueves de 10.00 \u2013 14.30 horas y de\u00a016.00 \u2013 18.30 horas. Los viernes solo horario de ma\u00f1ana.\u00a0<\/p>\n","protected":false},"excerpt":{"rendered":"En los jardines de la entrada al Palacio de la Isla, sede del Instituto Castellano y Leon\u00e9s de&hellip;\n","protected":false},"author":2,"featured_media":156489,"comment_status":"","ping_status":"","sticky":false,"template":"","format":"standard","meta":{"footnotes":""},"categories":[173],"tags":[229,233,231,230,232,234,146,147,25,24,45406,46796,23],"class_list":{"0":"post-156488","1":"post","2":"type-post","3":"status-publish","4":"format-standard","5":"has-post-thumbnail","7":"category-arte-y-diseno","8":"tag-arte","9":"tag-arte-y-diseno","10":"tag-arts","11":"tag-arts-and-design","12":"tag-design","13":"tag-diseno","14":"tag-entertainment","15":"tag-entretenimiento","16":"tag-es","17":"tag-espana","18":"tag-instituto-castellano-y-leones-de-la-lengua","19":"tag-palacio-de-la-isla","20":"tag-spain"},"share_on_mastodon":{"url":"","error":""},"_links":{"self":[{"href":"https:\/\/www.europesays.com\/es\/wp-json\/wp\/v2\/posts\/156488","targetHints":{"allow":["GET"]}}],"collection":[{"href":"https:\/\/www.europesays.com\/es\/wp-json\/wp\/v2\/posts"}],"about":[{"href":"https:\/\/www.europesays.com\/es\/wp-json\/wp\/v2\/types\/post"}],"author":[{"embeddable":true,"href":"https:\/\/www.europesays.com\/es\/wp-json\/wp\/v2\/users\/2"}],"replies":[{"embeddable":true,"href":"https:\/\/www.europesays.com\/es\/wp-json\/wp\/v2\/comments?post=156488"}],"version-history":[{"count":0,"href":"https:\/\/www.europesays.com\/es\/wp-json\/wp\/v2\/posts\/156488\/revisions"}],"wp:featuredmedia":[{"embeddable":true,"href":"https:\/\/www.europesays.com\/es\/wp-json\/wp\/v2\/media\/156489"}],"wp:attachment":[{"href":"https:\/\/www.europesays.com\/es\/wp-json\/wp\/v2\/media?parent=156488"}],"wp:term":[{"taxonomy":"category","embeddable":true,"href":"https:\/\/www.europesays.com\/es\/wp-json\/wp\/v2\/categories?post=156488"},{"taxonomy":"post_tag","embeddable":true,"href":"https:\/\/www.europesays.com\/es\/wp-json\/wp\/v2\/tags?post=156488"}],"curies":[{"name":"wp","href":"https:\/\/api.w.org\/{rel}","templated":true}]}}