{"id":156490,"date":"2025-10-04T12:55:11","date_gmt":"2025-10-04T12:55:11","guid":{"rendered":"https:\/\/www.europesays.com\/es\/156490\/"},"modified":"2025-10-04T12:55:11","modified_gmt":"2025-10-04T12:55:11","slug":"sigue-habiendo-mujeres-abusadas-y-maltratadas-en-familias-que-parecen-felices","status":"publish","type":"post","link":"https:\/\/www.europesays.com\/es\/156490\/","title":{"rendered":"Sigue habiendo mujeres abusadas y maltratadas&#8230; en familias que parecen felices"},"content":{"rendered":"<p class=\"paragraph\" id=\"paragraph_2\"><a href=\"https:\/\/www.elespanol.com\/el-cultural\/letras\/20240130\/enigmas-organizacion-eduardo-mendoza-tronchante-parodia-genero-policiaco\/827667442_0.html?utm_cmp_rs=linksinline\" rel=\"nofollow noopener\" target=\"_blank\">Tres enigmas para la Organizaci\u00f3n<\/a>, de mi adorado <a href=\"https:\/\/www.elespanol.com\/el-cultural\/letras\/20250514\/eduardo-mendoza-nombrado-premio-princesa-asturias-dedicado-gusta-escribir-hacer-vago\/1003743757425_0.html?utm_cmp_rs=linksinline\" rel=\"nofollow noopener\" target=\"_blank\">Eduardo Mendoza<\/a>.<\/p>\n<p class=\"paragraph\" id=\"paragraph_3\"><strong>\u00bfCu\u00e1l es el libro que m\u00e1s le ha \u2018autoayudado\u2019?<\/strong><\/p>\n<p class=\"paragraph\" id=\"paragraph_4\">Como buena insegura, el ensayo de Emerson, Haz siempre lo que temas hacer; tambi\u00e9n Cal\u00edgula, de Camus, donde se comprueba que el amor nos puede volver buen\u00edsimos y mal\u00edsimos.<\/p>\n<p class=\"paragraph\" id=\"paragraph_5\"><strong>Si no hubiera podido ser periodista y escritora, \u00bfqu\u00e9 hubiera querido ser?<\/strong><\/p>\n<p class=\"paragraph\" id=\"paragraph_6\">Cantante.<\/p>\n<p class=\"paragraph\" id=\"paragraph_7\"><strong>Un acontecimiento hist\u00f3rico que le habr\u00eda gustado vivir in situ. \u00bfPor qu\u00e9?<\/strong><\/p>\n<p class=\"paragraph\" id=\"paragraph_8\">La llegada de la democracia a Espa\u00f1a, que viv\u00ed siendo casi una ni\u00f1a. Los acontecimientos hist\u00f3ricos suelen conllevar violencia y nuestra democracia, milagrosamente, se alcanz\u00f3 sin ella.<\/p>\n<p class=\"paragraph\" id=\"paragraph_9\"><strong>\u00bfQu\u00e9 le ofrece el g\u00e9nero negro que no encuentra en otros?<\/strong><\/p>\n<p class=\"paragraph\" id=\"paragraph_10\">La denuncia y ese dinamismo que le permite entretener e incluir profundidad sin tener que ponerse estupendo.<\/p>\n<p class=\"paragraph\" id=\"paragraph_11\"><strong>\u00bfQu\u00e9 le presta de s\u00ed misma a Tony Roures?<\/strong><\/p>\n<p class=\"paragraph\" id=\"paragraph_12\">Es m\u00e1s culto que yo, pero le presto libros, m\u00fasica, reflexiones\u2026 No siempre estamos de acuerdo, pero\u2026, es que \u00e9l es hombre y yo mujer. Tener los mismos derechos no nos hace, afortunadamente, iguales.<\/p>\n<p class=\"paragraph\" id=\"paragraph_13\"><strong>El libro trascurre en dos momentos de nuestra historia, pero en ambos las protagonistas son mujeres abusadas. \u00bfEs uno de los ejes vertebradores de nuestro pasado?<\/strong><\/p>\n<p class=\"paragraph\" id=\"paragraph_14\">Sigue habiendo mujeres abusadas, manipuladas y maltratadas. M\u00e1s de las que creemos, en familias que parecen felices.<\/p>\n<p><img loading=\"lazy\" decoding=\"async\" alt=\"Mariana Enriquez: Los creadores me preocupan menos que los marginados, aunque muchos voten a Milei\" height=\"180\" src=\"https:\/\/www.europesays.com\/es\/wp-content\/uploads\/2025\/10\/1003743912106_258865292_320x180.jpg\" width=\"320\" data-lazy-status=\"processed\" data-lazy-info=\"remove loading item 1\"\/><\/p>\n<p class=\"paragraph\" id=\"paragraph_15\"><strong>El primer caso afecta a un beb\u00e9 arrebatado a su madre y dado en adopci\u00f3n. \u00bfA qu\u00e9 se debe la impunidad casi absoluta que siguen gozando en la vida real los culpables?<\/strong><\/p>\n<p class=\"paragraph\" id=\"paragraph_16\">Es dif\u00edcil rastrear estos casos y cuando se consigue suele ser demasiado tarde porque los culpables han muerto o porque sus delitos han prescrito.<\/p>\n<p class=\"paragraph\" id=\"paragraph_17\"><strong>El segundo caso es el de un carism\u00e1tico profesor de la Facultad de Periodismo que es un depredador sexual. \u00bfAl final el #Metoo no ha servido de nada?<\/strong><\/p>\n<p class=\"paragraph\" id=\"paragraph_18\">Ha servido de mucho; pero para muchos hombres es casi imposible separar el poder del sexo, son demasiados siglos de desigualdad hist\u00f3rica.<\/p>\n<p class=\"paragraph\" id=\"paragraph_19\"><strong>Un disco\/canci\u00f3n que se ponga en bucle estos d\u00edas.<\/strong><\/p>\n<p class=\"paragraph\" id=\"paragraph_20\">I\u2019ll be your mirror de Nico y la Velvet Underground<\/p>\n<p class=\"paragraph\" id=\"paragraph_21\"><strong>\u00bfCu\u00e1l es la serie que ha devorado m\u00e1s r\u00e1pido?<\/strong><\/p>\n<p class=\"paragraph\" id=\"paragraph_22\">Veo mucho cine y pocas series. Me gust\u00f3 <a href=\"https:\/\/www.elespanol.com\/el-cultural\/blogs\/en_plan_serie\/20240928\/querer-anatomia-violacion-conyugal\/889281071_12.html?utm_cmp_rs=linksinline\" rel=\"nofollow noopener\" target=\"_blank\">Querer<\/a>.<\/p>\n<p class=\"paragraph\" id=\"paragraph_23\"><strong>\u00bfEn qu\u00e9 pel\u00edcula se quedar\u00eda a vivir y en cu\u00e1l no aguantar\u00eda ni un minuto?<\/strong><\/p>\n<p class=\"paragraph\" id=\"paragraph_24\">Vivir\u00eda en La gran belleza, y no resistir\u00eda ni medio segundo en Cincuenta sombras de Grey.<\/p>\n<p class=\"paragraph\" id=\"paragraph_25\"><strong>\u00bfHa experimentado alguna vez s\u00edndrome de Stendhal?<\/strong><\/p>\n<p class=\"paragraph\" id=\"paragraph_26\">Sin temblores, ni palpitaciones, pero muchas veces.<\/p>\n<p class=\"paragraph\" id=\"paragraph_27\"><strong>\u00bfAnte qu\u00e9?<\/strong><\/p>\n<p class=\"paragraph\" id=\"paragraph_28\">Las maravillas de Venecia o Florencia, El jard\u00edn de las delicias de El Bosco, una representaci\u00f3n de La traviata\u2026<\/p>\n<p><img decoding=\"async\" alt=\"Arturo P\u00e9rez-Reverte. Foto: Jeosm\" height=\"180\" loading=\"lazy\" width=\"320\" data-lazy-status=\"processed\" id=\"c550aed628\" src=\"https:\/\/www.elespanol.com\/el-cultural\/letras\/20251004\/marta-robles-sigue-mujeres-abusadas-maltratadas-familias-parecen-felices\/[\" https:=\"\" data-lazy-info=\"changed src\"\/><\/p>\n<p class=\"paragraph\" id=\"paragraph_29\"><strong>No se muerda la lengua, d\u00edganos algo que ya no soporte del mundillo cultural.<\/strong><\/p>\n<p class=\"paragraph\" id=\"paragraph_30\">La impostura. Me revienta. No soporto a los que nunca dicen \u201cno s\u00e9\u201d y se creen por encima del mundo.<\/p>\n<p class=\"paragraph\" id=\"paragraph_31\"><strong>Una obra sobrevalorada.<\/strong><\/p>\n<p class=\"paragraph\" id=\"paragraph_32\">Cualquier libro de Coelho, Yesterday y Avatar.<\/p>\n<p class=\"paragraph\" id=\"paragraph_33\"><strong>Un placer cultural culpable.<\/strong><\/p>\n<p class=\"paragraph\" id=\"paragraph_34\">La serie turca de los domingos en Antena 3.<\/p>\n<p class=\"paragraph\" id=\"paragraph_35\"><strong>\u00bfCu\u00e1l es la \u00faltima exposici\u00f3n a la que ha ido?<\/strong><\/p>\n<p class=\"paragraph\" id=\"paragraph_36\">La de Antoni Esteva, en Son Servera. Llena de sensibilidad, materiales de sus proyectos arquitect\u00f3nicos y escaleras que parecen conducir a su universo particular.<\/p>\n<p class=\"paragraph\" id=\"paragraph_37\"><strong>\u00bfLa inteligencia artificial matar\u00e1 la creaci\u00f3n art\u00edstica?<\/strong><\/p>\n<p class=\"paragraph\" id=\"paragraph_38\">Dec\u00edan que lo har\u00eda Google\u2026 Yo creo que acabar\u00e1 sirviendo para que los creadores mejoren sus obras mejores; a los que no lo son se les seguir\u00e1 viendo el plumero.<\/p>\n<p class=\"paragraph\" id=\"paragraph_39\"><strong>Espa\u00f1a es un pa\u00eds\u2026<\/strong><\/p>\n<p class=\"paragraph\" id=\"paragraph_40\">Maravilloso\u2026, pese a su polarizaci\u00f3n, potenciada por tantos pol\u00edticos infumables.<\/p>\n","protected":false},"excerpt":{"rendered":"Tres enigmas para la Organizaci\u00f3n, de mi adorado Eduardo Mendoza. \u00bfCu\u00e1l es el libro que m\u00e1s le ha&hellip;\n","protected":false},"author":2,"featured_media":156491,"comment_status":"","ping_status":"","sticky":false,"template":"","format":"standard","meta":{"footnotes":""},"categories":[172],"tags":[224,146,147,2958,25,24,5131,225,1645,23],"class_list":{"0":"post-156490","1":"post","2":"type-post","3":"status-publish","4":"format-standard","5":"has-post-thumbnail","7":"category-libros","8":"tag-books","9":"tag-entertainment","10":"tag-entretenimiento","11":"tag-entrevistas","12":"tag-es","13":"tag-espana","14":"tag-letras","15":"tag-libros","16":"tag-novela","17":"tag-spain"},"share_on_mastodon":{"url":"","error":""},"_links":{"self":[{"href":"https:\/\/www.europesays.com\/es\/wp-json\/wp\/v2\/posts\/156490","targetHints":{"allow":["GET"]}}],"collection":[{"href":"https:\/\/www.europesays.com\/es\/wp-json\/wp\/v2\/posts"}],"about":[{"href":"https:\/\/www.europesays.com\/es\/wp-json\/wp\/v2\/types\/post"}],"author":[{"embeddable":true,"href":"https:\/\/www.europesays.com\/es\/wp-json\/wp\/v2\/users\/2"}],"replies":[{"embeddable":true,"href":"https:\/\/www.europesays.com\/es\/wp-json\/wp\/v2\/comments?post=156490"}],"version-history":[{"count":0,"href":"https:\/\/www.europesays.com\/es\/wp-json\/wp\/v2\/posts\/156490\/revisions"}],"wp:featuredmedia":[{"embeddable":true,"href":"https:\/\/www.europesays.com\/es\/wp-json\/wp\/v2\/media\/156491"}],"wp:attachment":[{"href":"https:\/\/www.europesays.com\/es\/wp-json\/wp\/v2\/media?parent=156490"}],"wp:term":[{"taxonomy":"category","embeddable":true,"href":"https:\/\/www.europesays.com\/es\/wp-json\/wp\/v2\/categories?post=156490"},{"taxonomy":"post_tag","embeddable":true,"href":"https:\/\/www.europesays.com\/es\/wp-json\/wp\/v2\/tags?post=156490"}],"curies":[{"name":"wp","href":"https:\/\/api.w.org\/{rel}","templated":true}]}}