{"id":156497,"date":"2025-10-04T13:01:09","date_gmt":"2025-10-04T13:01:09","guid":{"rendered":"https:\/\/www.europesays.com\/es\/156497\/"},"modified":"2025-10-04T13:01:09","modified_gmt":"2025-10-04T13:01:09","slug":"asi-es-el-vestido-de-amina-hija-de-cayetano-martinez-de-irujo-y-madrina-en-su-boda-con-barbara-mirjan","status":"publish","type":"post","link":"https:\/\/www.europesays.com\/es\/156497\/","title":{"rendered":"As\u00ed es el vestido de Amina, hija de Cayetano Mart\u00ednez de Irujo y madrina en su boda con B\u00e1rbara Mirjan"},"content":{"rendered":"<p>04\/10\/2025<br \/>\n<br \/><strong><br \/>\nActualizado a las 14:55h.<br \/>\n<\/strong><\/p>\n<p class=\"voc-p\" style=\"\">Tras m\u00e1s de diez a\u00f1os de relaci\u00f3n, <strong>Cayetano Mart\u00ednez de Irujo y B\u00e1rbara Mirjan<\/strong> se casan este s\u00e1bado 4 de octubre en Sevilla. En ausencia de la madre del novio, la a\u00f1orada duquesa de Alba, <strong>Amina<\/strong>, hija de Cayetano y su primera esposa, Genoveva Casanova, se ha convertido en madrina. La joven, de 24 a\u00f1os, afinacada en Londres, ha elegido un vestido en color azul. <\/p>\n<p class=\"voc-p\" style=\"\">Cayetano Mart\u00ednz de Irujo,  que eligi\u00f3, como en primera boda, el <strong>traje de gala de la Real Maestranza de Caballer\u00eda de Sevilla<\/strong>, lleg\u00f3 a la iglesia de los Gitanos acompa\u00f1ado de su hija Amina minutos antes de las 13,30 h. La joven luci\u00f3 un dise\u00f1o de tejido fluido y corte midi, con <strong>estampado floral en diferentes tonos azules<\/strong>. El vestido inclu\u00eda una capa, probablemente desmontable, para cubrir la zona de los hombros durante la ceremonia religiosa.<\/p>\n<p class=\"voc-p\" style=\"\">Complet\u00f3 el estilismo con sandalias de tac\u00f3n medio y pendientes largos con una perla de la que sal\u00eda un aro ovalado dorado. <\/p>\n<p><img decoding=\"async\" loading=\"lazy\" src=\"https:\/\/www.europesays.com\/es\/wp-content\/uploads\/2025\/10\/amina-vestido-2-U78266622424dcY-760x1000@diario_abc.jpg\" class=\"voc-img\" width=\"760\" height=\"1000\" alt=\"El vestido de Amina, madrina de Cayetano.\" data-voc-vtm-id=\"in-text-traffic\"\/><\/p>\n<p>El vestido de Amina, madrina de Cayetano.<\/p>\n<p>GTRES<\/p>\n<p class=\"voc-p\" style=\"\">En la parte &#8216;beauty&#8217;, Amina recogi\u00f3 su pelo largo en un bonito recogido trenzado que luci\u00f3 con raya en el medio. Su maquillaje fue muy natural, con colorete en las mejillas, y un nude en los labios. No falt\u00f3 tampoco la <strong>manicura y pedicura a juego, en color nude<\/strong>. <\/p>\n<p class=\"voc-p\" style=\"\">Amina y su hermano mellizo Luis llevan una vida muy discreta y alejada del foco p\u00fablico. Pero, no se han perdido un d\u00eda tan se\u00f1alado para su padre. Luis se decant\u00f3 por el cl\u00e1sico chaqu\u00e9. <\/p>\n<p>Reportar un error<\/p>\n","protected":false},"excerpt":{"rendered":"04\/10\/2025 Actualizado a las 14:55h. Tras m\u00e1s de diez a\u00f1os de relaci\u00f3n, Cayetano Mart\u00ednez de Irujo y B\u00e1rbara&hellip;\n","protected":false},"author":2,"featured_media":156498,"comment_status":"","ping_status":"","sticky":false,"template":"","format":"standard","meta":{"footnotes":""},"categories":[91],"tags":[46798,38503,3158,4812,146,147,25,24,3983,36166,46799,825,45927,23,13011],"class_list":{"0":"post-156497","1":"post","2":"type-post","3":"status-publish","4":"format-standard","5":"has-post-thumbnail","7":"category-entretenimiento","8":"tag-amina","9":"tag-barbara","10":"tag-boda","11":"tag-cayetano","12":"tag-entertainment","13":"tag-entretenimiento","14":"tag-es","15":"tag-espana","16":"tag-hija","17":"tag-irujo","18":"tag-madrina","19":"tag-martinez","20":"tag-mirjan","21":"tag-spain","22":"tag-vestido"},"share_on_mastodon":{"url":"","error":""},"_links":{"self":[{"href":"https:\/\/www.europesays.com\/es\/wp-json\/wp\/v2\/posts\/156497","targetHints":{"allow":["GET"]}}],"collection":[{"href":"https:\/\/www.europesays.com\/es\/wp-json\/wp\/v2\/posts"}],"about":[{"href":"https:\/\/www.europesays.com\/es\/wp-json\/wp\/v2\/types\/post"}],"author":[{"embeddable":true,"href":"https:\/\/www.europesays.com\/es\/wp-json\/wp\/v2\/users\/2"}],"replies":[{"embeddable":true,"href":"https:\/\/www.europesays.com\/es\/wp-json\/wp\/v2\/comments?post=156497"}],"version-history":[{"count":0,"href":"https:\/\/www.europesays.com\/es\/wp-json\/wp\/v2\/posts\/156497\/revisions"}],"wp:featuredmedia":[{"embeddable":true,"href":"https:\/\/www.europesays.com\/es\/wp-json\/wp\/v2\/media\/156498"}],"wp:attachment":[{"href":"https:\/\/www.europesays.com\/es\/wp-json\/wp\/v2\/media?parent=156497"}],"wp:term":[{"taxonomy":"category","embeddable":true,"href":"https:\/\/www.europesays.com\/es\/wp-json\/wp\/v2\/categories?post=156497"},{"taxonomy":"post_tag","embeddable":true,"href":"https:\/\/www.europesays.com\/es\/wp-json\/wp\/v2\/tags?post=156497"}],"curies":[{"name":"wp","href":"https:\/\/api.w.org\/{rel}","templated":true}]}}