{"id":156503,"date":"2025-10-04T13:04:04","date_gmt":"2025-10-04T13:04:04","guid":{"rendered":"https:\/\/www.europesays.com\/es\/156503\/"},"modified":"2025-10-04T13:04:04","modified_gmt":"2025-10-04T13:04:04","slug":"los-principales-lideres-europeos-celebran-el-paso-dado-por-hamas-en-la-propuesta-de-paz-de-trump","status":"publish","type":"post","link":"https:\/\/www.europesays.com\/es\/156503\/","title":{"rendered":"Los principales l\u00edderes europeos celebran el paso dado por Ham\u00e1s en la propuesta de paz de Trump"},"content":{"rendered":"<p class=\"voc-p\" style=\"\">Los principales l\u00edderes de los pa\u00edses europeos, entre los que se incluyen los dirigentes de Francia, Alemania, Reino Unido e Italia, han celebrado la disposici\u00f3n de Ham\u00e1s para liberar a los rehenes israel\u00edes y alcanzar un alto al fuego en la franja de Gaza en el marco del <a href=\"https:\/\/www.abc.es\/internacional\/trump-presenta-plan-finalizar-guerra-gaza-fuerza-20250929202939-nt.html\" target=\"_self\" data-voc-vtm-id=\"in-text-traffic\" title=\"plan de paz para el enclave palestino\" rel=\"nofollow noopener\">plan de paz para el enclave palestino<\/a> propuesto por el presidente de Estados Unidos, Donald Trump.<\/p>\n<p class=\"voc-p\" style=\"\">Para empezar, <a href=\"https:\/\/www.abc.es\/internacional\/von-der-leyen-lucha-mantener-apoyo-socialdemocratas-20250922192312-nt.html\" target=\"_self\" data-voc-vtm-id=\"in-text-traffic\" title=\"la presidenta de la Comisi\u00f3n Europea, Ursula von der Leyen\" rel=\"nofollow noopener\">la presidenta de la Comisi\u00f3n Europea, Ursula von der Leyen<\/a>, ha celebrado como \u00abalentadora\u00bb la disposici\u00f3n del movimiento islamista y ha llamado a \u00abaprovechar este momento\u00bb.<\/p>\n<p class=\"voc-p\" style=\"\">\u00abUn alto el fuego inmediato en Gaza y la liberaci\u00f3n de todos los rehenes est\u00e1n al alcance de la mano. Europa apoyar\u00e1 todos los esfuerzos encaminados a poner fin al sufrimiento de los civiles y a promover la \u00fanica soluci\u00f3n viable para la paz: la soluci\u00f3n de dos Estados\u00bb, ha manifestado.<\/p>\n<p class=\"voc-p\" style=\"\">Tambi\u00e9n el resto de l\u00edderes han manifestado su agradecimiento al presidente estadounidense por guiar las negociaciones y han pedido la paz para la regi\u00f3n.<\/p>\n<p class=\"voc-p\" style=\"\">\u00abAhora existe una oportunidad para poner fin a los combates, para que los rehenes regresen a casa y para que la ayuda humanitaria llegue a quienes tan desesperadamente la necesitan. Hacemos un llamado a todas las partes para implementar el acuerdo sin demora\u00bb, ha indicado <a href=\"https:\/\/www.abc.es\/internacional\/estalla-violencia-antisemita-dos-muertos-reino-unido-20251003033030-nt.html\" target=\"_self\" data-voc-vtm-id=\"in-text-traffic\" title=\"el primer ministro de Reino Unido, Keir Starmer\" rel=\"nofollow noopener\">el primer ministro de Reino Unido, Keir Starmer<\/a>.<\/p>\n<p class=\"voc-p\" style=\"\">Asimismo, las potencias europeas se han ofrecido a apoyar las negociaciones hasta alcanzar la liberaci\u00f3n de los rehenes y un alto al fuego en Gaza.<\/p>\n<p class=\"voc-p\" style=\"\">\u00abFrancia desempe\u00f1ar\u00e1 plenamente su papel en el marco de sus esfuerzos en Naciones Unidas, junto a Estados Unidos, israel\u00edes y palestinos, y todos sus socios internacionales\u00bb, ha sostenido el presidente franc\u00e9s, Emmanuel Macron.<\/p>\n<p class=\"voc-p\" style=\"\">Por su parte, <a href=\"https:\/\/www.abc.es\/internacional\/izquierda-fracasa-bloqueo-total-italia-paraliza-pese-20251003203007-nt.html\" target=\"_self\" data-voc-vtm-id=\"in-text-traffic\" title=\"la primera ministra italiana, Giorgia Meloni\" rel=\"nofollow noopener\">la primera ministra italiana, Giorgia Meloni<\/a>, ha asegurado que est\u00e1 \u00absiguiendo muy de cerca los acontecimientos en Gaza\u00bb y que Italia \u00absigue dispuesta a hacer su parte\u00bb.<\/p>\n<p class=\"voc-p\" style=\"\">\u00abLos rehenes deben ser liberados. Ham\u00e1s debe desarmarse. Los combates deben cesar de inmediato. Todo esto debe suceder con urgencia. Despu\u00e9s de casi dos a\u00f1os, esta es la mejor oportunidad para la paz. Alemania seguir\u00e1 comprometida\u00bb, ha declarado en la misma l\u00ednea el canciller de Alemania, Friedrich Merz.<\/p>\n<p class=\"voc-p\" style=\"\">Ham\u00e1s ha anunci\u00f3 este viernes que est\u00e1 dispuesto a liberar a todos los rehenes israel\u00edes para alcanzar un alto el fuego en la Franja de Gaza, ante lo que Trump \u2013principal impulsor de un plan de paz para el territorio\u2013 ha afirmado que Ham\u00e1s \u00abest\u00e1 listo para una paz duradera\u00bb.<\/p>\n<p>Reportar un error<\/p>\n","protected":false},"excerpt":{"rendered":"Los principales l\u00edderes de los pa\u00edses europeos, entre los que se incluyen los dirigentes de Francia, Alemania, Reino&hellip;\n","protected":false},"author":2,"featured_media":156504,"comment_status":"","ping_status":"","sticky":false,"template":"","format":"standard","meta":{"footnotes":""},"categories":[42],"tags":[17,18,5187,21339,9062,13,14,75,11,61,62,63,64,19,20,19715,9,10,15,16,4191,11506,8832,7679,12,936,21,22,65,66,67],"class_list":{"0":"post-156503","1":"post","2":"type-post","3":"status-publish","4":"format-standard","5":"has-post-thumbnail","7":"category-internacional","8":"tag-breaking-news","9":"tag-breakingnews","10":"tag-celebran","11":"tag-dado","12":"tag-europeos","13":"tag-featured-news","14":"tag-featurednews","15":"tag-hamas","16":"tag-headlines","17":"tag-internacional","18":"tag-international","19":"tag-international-news","20":"tag-internationalnews","21":"tag-latest-news","22":"tag-latestnews","23":"tag-lideres","24":"tag-news","25":"tag-noticias","26":"tag-noticias-destacadas","27":"tag-noticiasdestacadas","28":"tag-paso","29":"tag-paz","30":"tag-principales","31":"tag-propuesta","32":"tag-titulares","33":"tag-trump","34":"tag-ultimas-noticias","35":"tag-ultimasnoticias","36":"tag-world","37":"tag-world-news","38":"tag-worldnews"},"share_on_mastodon":{"url":"","error":""},"_links":{"self":[{"href":"https:\/\/www.europesays.com\/es\/wp-json\/wp\/v2\/posts\/156503","targetHints":{"allow":["GET"]}}],"collection":[{"href":"https:\/\/www.europesays.com\/es\/wp-json\/wp\/v2\/posts"}],"about":[{"href":"https:\/\/www.europesays.com\/es\/wp-json\/wp\/v2\/types\/post"}],"author":[{"embeddable":true,"href":"https:\/\/www.europesays.com\/es\/wp-json\/wp\/v2\/users\/2"}],"replies":[{"embeddable":true,"href":"https:\/\/www.europesays.com\/es\/wp-json\/wp\/v2\/comments?post=156503"}],"version-history":[{"count":0,"href":"https:\/\/www.europesays.com\/es\/wp-json\/wp\/v2\/posts\/156503\/revisions"}],"wp:featuredmedia":[{"embeddable":true,"href":"https:\/\/www.europesays.com\/es\/wp-json\/wp\/v2\/media\/156504"}],"wp:attachment":[{"href":"https:\/\/www.europesays.com\/es\/wp-json\/wp\/v2\/media?parent=156503"}],"wp:term":[{"taxonomy":"category","embeddable":true,"href":"https:\/\/www.europesays.com\/es\/wp-json\/wp\/v2\/categories?post=156503"},{"taxonomy":"post_tag","embeddable":true,"href":"https:\/\/www.europesays.com\/es\/wp-json\/wp\/v2\/tags?post=156503"}],"curies":[{"name":"wp","href":"https:\/\/api.w.org\/{rel}","templated":true}]}}