{"id":156505,"date":"2025-10-04T13:05:06","date_gmt":"2025-10-04T13:05:06","guid":{"rendered":"https:\/\/www.europesays.com\/es\/156505\/"},"modified":"2025-10-04T13:05:06","modified_gmt":"2025-10-04T13:05:06","slug":"maria-jesus-montero-lo-que-ha-ocurrido-con-el-cribado-no-es-un-fallo-sino-el-colapso-del-sistema-sanitario-andaluz-partido-socialista-obrero-espanol-psoe","status":"publish","type":"post","link":"https:\/\/www.europesays.com\/es\/156505\/","title":{"rendered":"Mar\u00eda Jes\u00fas Montero: \u201cLo que ha ocurrido con el cribado no es un fallo sino el colapso del sistema sanitario andaluz\u201d &#8211; Partido Socialista Obrero Espa\u00f1ol | PSOE"},"content":{"rendered":"<ol>\n<li><a href=\"https:\/\/news.google.com\/rss\/articles\/CBMi-AFBVV95cUxPN1hnVlozOFFrT0tSUFlJelA3Y25MNG00YzFlTFZPVVdWRWRYY0t1MHpTbVpMa0Zzdk5odGotdTlUTGgwV0RLWlNWcjNOaTY0MDdCS3JRaU1CT0tSMWZ2R2JBNEU0U0hpMjBPTGJuaUp3REU4bTRVYkRGQTlaeHluTzdZUVZtYlZwOVl2bXNkeEFXcHRLSXRHMkozZUM3alBiSUVBd3c3YkxFYlpPSHJhVWhYQ19QeThOQXl6amp2XzhsZmZPcEVtWFlaZ3NmRlB6UUZtNXlkdkVZYWlrUjRjcHRtWGxFNWlzN3d3bVJmNy1kRWx2eFpmXw?oc=5\" target=\"_blank\" rel=\"nofollow noopener\">Mar\u00eda Jes\u00fas Montero: \u201cLo que ha ocurrido con el cribado no es un fallo sino el colapso del sistema sanitario andaluz\u201d<\/a>&nbsp;&nbsp;Partido Socialista Obrero Espa\u00f1ol | PSOE<\/li>\n<li><a href=\"https:\/\/news.google.com\/rss\/articles\/CBMijgJBVV95cUxPdGVhNkk0WHoxN1pncTR3T0tOc1VaOG5wb1U1X1llRGgyMDVmal9KUXFINkEwbFdtOFJQYjdlWl9Icy1Mb1FEMk9Mem8zWURhSHRINmFsNE5zZlZibUV4UV9pSURsa2s4T1VyaFJ5SkowTmVDaXhUbFExekVhRW5jQlF6bkpMVV9hQkNUMlI1YjVsR2loVGNEdG9lOVhjY2hobHZtbUVNWHpDV0xoUFlvTC1OTFRhN0VfT1FhNHIwMWhBNDY2REZCYk9ibU5EbjVKeVhzcHd5RThncTFHSnBKbnI2VVdaUmUwb1Z4aWd3ZUR1NjhMeG1XSi1ZTlpCM3JYS19tMVo2SHpHc2twS3c?oc=5\" target=\"_blank\" rel=\"nofollow noopener\">Pacientes oncol\u00f3gicas v\u00edctimas de los retrasos diagn\u00f3sticos en Andaluc\u00eda: \u201cSoy un error viviente de que el sistema no funcion\u00f3 como deber\u00eda\u201d<\/a>&nbsp;&nbsp;EL PA\u00cdS<\/li>\n<li><a href=\"https:\/\/news.google.com\/rss\/articles\/CBMipwFBVV95cUxQd296Z1dsZUVDeTItclhWNHdaTkU3bFI1eGZfbkxmRzY5MGpZaGlUYXg5Z3gwZVpKSnBETkVhQUR2dGVBWmVlaVZXWDdnbzI2cXBkQ1hpZ0IxaEJKaFdzazN5aWVwVkRnMmZxMFVxdXBXaUhYZk9JWVV0NHV5TktjLXltVS1pYUtsc3J4V0xReUJYU3M0YmoxSFZUYVExaXFaS281SE9vYw?oc=5\" target=\"_blank\" rel=\"nofollow noopener\">Salud se da dos meses para revisar los casos del cribado de c\u00e1ncer en Andaluc\u00eda<\/a>&nbsp;&nbsp;ABC<\/li>\n<li><a href=\"https:\/\/news.google.com\/rss\/articles\/CBMifkFVX3lxTE1mbjF5ZWNtMHY5S2pZeU9MZjVJeFQ2MEdsTVVYNFJfVVRyaER4QW45QktUWFM3dmhBWml2YlRiQ09pckRjcHJraThqekY2dUdyVFdXSnBsemFGaUVUbEhFWkNzU0hqTXZLLTg4MlVnVk5MeDFpYm5ZR3RCQzREd9IBfkFVX3lxTFBDdFFPZWRTelZPMXdUaDQwd3R6dnlFNkhyNzJSNmlOdHFObUdIRFRtOWJwLXlOZ2tZV01kbEZqMDQtTzhKb2I5elFmWk55UlR3bndmb3gzRkREU05RRFcyNU91ZjJ0UVlNLWlvbzNwS3k3cWZUMGsyZzBwWHFpUQ?oc=5\" target=\"_blank\" rel=\"nofollow noopener\">La oposici\u00f3n pide a Juanma Moreno una comisi\u00f3n de investigaci\u00f3n en el Parlamento sobre los fallos en el programa para detectar c\u00e1ncer de mama<\/a>&nbsp;&nbsp;El Mundo<\/li>\n<li><a href=\"https:\/\/news.google.com\/rss\/articles\/CBMixAFBVV95cUxQVFZEU1dkVkNuTllDMllKZkZvV2JTLUlwZ0VtVEhTZ2hMM1JBMzA4LUhjSnFZZmZseTZkbTJJLW5DQWpkYWNFbjdwTlRiWFBBTG5pZmtqUU16Tkk5WU9vQnMtUFpOa3E2dEVCTEltdmNqVFRHd0RWU25udjhaT0hfdm1PR1djVFp0SXZuSklIZWJZVVNDODU4RndhY0VQVngxekxSdG16bWNmUW0wWElvSDc4REZadlFhY1lmcTNBMnVwYVEx?oc=5\" target=\"_blank\" rel=\"nofollow noopener\">La consejera andaluza de Salud: un \u00abt\u00e9mpano de hielo\u00bb ante la crisis del diagn\u00f3stico tard\u00edo de c\u00e1ncer de mama<\/a>&nbsp;&nbsp;elDiario.es<\/li>\n<\/ol>\n","protected":false},"excerpt":{"rendered":"Mar\u00eda Jes\u00fas Montero: \u201cLo que ha ocurrido con el cribado no es un fallo sino el colapso del&hellip;\n","protected":false},"author":2,"featured_media":155649,"comment_status":"","ping_status":"","sticky":false,"template":"","format":"standard","meta":{"footnotes":""},"categories":[8],"tags":[17,18,25,24,13,14,11,19,20,9,10,15,16,23,12,21,22],"class_list":{"0":"post-156505","1":"post","2":"type-post","3":"status-publish","4":"format-standard","5":"has-post-thumbnail","7":"category-espana","8":"tag-breaking-news","9":"tag-breakingnews","10":"tag-es","11":"tag-espana","12":"tag-featured-news","13":"tag-featurednews","14":"tag-headlines","15":"tag-latest-news","16":"tag-latestnews","17":"tag-news","18":"tag-noticias","19":"tag-noticias-destacadas","20":"tag-noticiasdestacadas","21":"tag-spain","22":"tag-titulares","23":"tag-ultimas-noticias","24":"tag-ultimasnoticias"},"share_on_mastodon":{"url":"","error":""},"_links":{"self":[{"href":"https:\/\/www.europesays.com\/es\/wp-json\/wp\/v2\/posts\/156505","targetHints":{"allow":["GET"]}}],"collection":[{"href":"https:\/\/www.europesays.com\/es\/wp-json\/wp\/v2\/posts"}],"about":[{"href":"https:\/\/www.europesays.com\/es\/wp-json\/wp\/v2\/types\/post"}],"author":[{"embeddable":true,"href":"https:\/\/www.europesays.com\/es\/wp-json\/wp\/v2\/users\/2"}],"replies":[{"embeddable":true,"href":"https:\/\/www.europesays.com\/es\/wp-json\/wp\/v2\/comments?post=156505"}],"version-history":[{"count":0,"href":"https:\/\/www.europesays.com\/es\/wp-json\/wp\/v2\/posts\/156505\/revisions"}],"wp:featuredmedia":[{"embeddable":true,"href":"https:\/\/www.europesays.com\/es\/wp-json\/wp\/v2\/media\/155649"}],"wp:attachment":[{"href":"https:\/\/www.europesays.com\/es\/wp-json\/wp\/v2\/media?parent=156505"}],"wp:term":[{"taxonomy":"category","embeddable":true,"href":"https:\/\/www.europesays.com\/es\/wp-json\/wp\/v2\/categories?post=156505"},{"taxonomy":"post_tag","embeddable":true,"href":"https:\/\/www.europesays.com\/es\/wp-json\/wp\/v2\/tags?post=156505"}],"curies":[{"name":"wp","href":"https:\/\/api.w.org\/{rel}","templated":true}]}}