{"id":156506,"date":"2025-10-04T13:06:17","date_gmt":"2025-10-04T13:06:17","guid":{"rendered":"https:\/\/www.europesays.com\/es\/156506\/"},"modified":"2025-10-04T13:06:17","modified_gmt":"2025-10-04T13:06:17","slug":"la-plaza-de-madrid-afronta-seis-semanas-de-obras-de-aquavall-en-la-fase-final-de-la-renovacion-de-redes-de-la-calle-gamazo","status":"publish","type":"post","link":"https:\/\/www.europesays.com\/es\/156506\/","title":{"rendered":"La Plaza de Madrid afronta seis semanas de obras de Aquavall en la fase final de la renovaci\u00f3n de redes de la calle Gamazo"},"content":{"rendered":"<p>Descripci\u00f3n<\/p>\n<p class=\"cmParagraph cmAlignjustify\">La Plaza de Madrid, uno de los puntos neur\u00e1lgicos del tr\u00e1fico en Valladolid, afronta a partir del pr\u00f3ximo lunes, 6 de octubre, seis semanas de afecciones a la circulaci\u00f3n por la fase final de las obras de renovaci\u00f3n de redes de abastecimiento y saneamiento que ejecuta Aquavall en la calle Gamazo. Se trata del \u00faltimo tramo de una intervenci\u00f3n que comenz\u00f3 en junio y que dar\u00e1 continuidad a los trabajos realizados en 2024 entre Colmenares y la propia plaza.<\/p>\n<p class=\"cmParagraph cmAlignjustify\">El plan, coordinado por la Concejal\u00eda de Tr\u00e1fico y Movilidad junto a la empresa municipal de aguas y la adjudicataria, contempla cortes y desv\u00edos limitados al tiempo imprescindible, con el fin de reducir el impacto en conductores, peatones y residentes.<\/p>\n<p class=\"cmParagraph cmAlignjustify\"> <img loading=\"lazy\" decoding=\"async\" src=\"https:\/\/www.europesays.com\/es\/wp-content\/uploads\/2025\/10\/1120259-20251004 Corte Plaza de Madrid 2.jpg\" width=\"1600\" height=\"1200\" alt=\"20251004 Corte Plaza de Madrid 2\"\/><\/p>\n<p class=\"cmParagraph cmAlignjustify\"><strong>Primera fase: corte de la calle Per\u00fa<\/strong><\/p>\n<p class=\"cmParagraph cmAlignjustify\">La primera afecci\u00f3n llegar\u00e1 el 6 de octubre con el corte total de la calle Per\u00fa. Solo se permitir\u00e1 el acceso a los residentes por la calle Colmenares hasta la acera de Recoletos. Este corte se suma al que ya permanece en Gamazo, cerrado al tr\u00e1fico desde Muro, lo que deja \u00fanicamente abierto el tramo intermedio para residentes. Tambi\u00e9n quedar\u00e1 cortada la calle Bail\u00e9n, a la altura de Muro, salvo para vados autorizados.<\/p>\n<p class=\"cmParagraph cmAlignjustify\">La se\u00f1alizaci\u00f3n se reforzar\u00e1 con vallas, balizas luminosas y carteles de preaviso en los principales accesos a la ciudad, como Puente Colgante, Arco de Ladrillo o Paseo Filipinos, para advertir de los cortes y ofrecer rutas alternativas antes de alcanzar la zona afectada.<\/p>\n<p class=\"cmParagraph cmAlignjustify\"><strong>Conexi\u00f3n con Plaza de Espa\u00f1a y Miguel \u00cdscar<\/strong><\/p>\n<p class=\"cmParagraph cmAlignjustify\">A partir del 17 de octubre comenzar\u00e1 la fase m\u00e1s compleja, cuando se abra la calzada en la confluencia de Plaza de Madrid con Plaza de Espa\u00f1a y Miguel \u00cdscar para conectar los colectores renovados con la red general. Durante estos d\u00edas el tr\u00e1fico de entrada desde el este quedar\u00e1 reducido a un \u00fanico carril, por el que tendr\u00e1n que circular tanto los veh\u00edculos que se dirijan a Miguel \u00cdscar como los que entren hacia el centro por Duque de la Victoria o giren en Plaza Espa\u00f1a.<\/p>\n<p class=\"cmParagraph cmAlignjustify\">El Ayuntamiento recomienda evitar la conexi\u00f3n de Plaza de Madrid con Plaza de Espa\u00f1a a trav\u00e9s de las calles Dos de Mayo y Nicol\u00e1s Salmer\u00f3n, especialmente en horas punta, y utilizar como alternativa el acceso al centro desde Circular por Cervantes o por Labradores hacia Santa Cruz y la Universidad.<\/p>\n<p class=\"cmParagraph cmAlignjustify\"><strong> <img loading=\"lazy\" decoding=\"async\" src=\"https:\/\/www.europesays.com\/es\/wp-content\/uploads\/2025\/10\/1120260-20251004 Corte Plaza de Madrid 1.jpg\" width=\"1600\" height=\"1200\" alt=\"20251004 Corte Plaza de Madrid 1\"\/><\/strong><\/p>\n<p class=\"cmParagraph cmAlignjustify\"><strong>Medidas para peatones, vecinos y transporte p\u00fablico<\/strong><\/p>\n<p class=\"cmParagraph cmAlignjustify\">El paso de peatones m\u00e1s cercano al giro de autobuses ser\u00e1 desplazado temporalmente para evitar bloqueos y mejorar la fluidez, con apoyo de la Polic\u00eda Municipal en las horas de mayor tr\u00e1fico. Los residentes dispondr\u00e1n siempre de acceso garantizado a trav\u00e9s de Colmenares, aunque con restricciones puntuales a los vados que ser\u00e1n notificadas con antelaci\u00f3n.<\/p>\n<p class=\"cmParagraph cmAlignjustify\">Las obras tambi\u00e9n repercutir\u00e1n en el transporte p\u00fablico. Varias l\u00edneas de Auvasa modificar\u00e1n su recorrido durante las pr\u00f3ximas semanas, cambios que la compa\u00f1\u00eda municipal concretar\u00e1 en los pr\u00f3ximos d\u00edas.<\/p>\n<p class=\"cmParagraph cmAlignjustify\">Desde la empresa municipal de aguas, Aquavall, se insiste en que la actuaci\u00f3n discurre seg\u00fan el calendario previsto y que se pondr\u00e1n todos los medios disponibles para minimizar el impacto, tanto en la movilidad como en la seguridad de peatones y residentes.<\/p>\n<p class=\"cmParagraph cmAlignjustify\">Esta actuaci\u00f3n se enmarca en el plan de modernizaci\u00f3n de redes impulsado por Aquavall para mejorar la eficiencia del servicio y reducir p\u00e9rdidas. Con la finalizaci\u00f3n de la fase en Plaza de Madrid se dar\u00e1 por concluida la renovaci\u00f3n de redes de la calle Gamazo que se ha ido ejecutando a lo largo de los dos \u00faltimos a\u00f1os. Cabe recordar que en 2024 esta v\u00eda estuvo en obras en el tramo entre Colmenares y la plaza de Madrid.<\/p>\n<p class=\"cmParagraph cmAlignjustify\">Para cualquier incidencia o cambios en el calendario, los ciudadanos podr\u00e1n consultar la informaci\u00f3n actualizada en la web del Ayuntamiento de Valladolid <a href=\"https:\/\/www.valladolid.es\/es\/temas\/hacemos\/policia-municipal\/informacion-trafico-a136\/cortes-trafico-ocupaciones-calzada\" title=\"\" rel=\"nofollow noopener\" target=\"_blank\">https:\/\/www.valladolid.es\/es\/temas\/hacemos\/policia-municipal\/informacion-trafico-a136\/cortes-trafico-ocupaciones-calzada<\/a><\/p>\n","protected":false},"excerpt":{"rendered":"Descripci\u00f3n La Plaza de Madrid, uno de los puntos neur\u00e1lgicos del tr\u00e1fico en Valladolid, afronta a partir del&hellip;\n","protected":false},"author":2,"featured_media":156507,"comment_status":"","ping_status":"","sticky":false,"template":"","format":"standard","meta":{"footnotes":""},"categories":[5],"tags":[4115,4109,249,1250,17,18,4107,4114,777,4110,25,24,13,14,260,11,19,20,4108,9,4112,10,15,16,4111,4116,4113,23,12,21,22,1607],"class_list":{"0":"post-156506","1":"post","2":"type-post","3":"status-publish","4":"format-standard","5":"has-post-thumbnail","7":"category-titulares","8":"tag-agendas","9":"tag-alcaldia","10":"tag-ayudas","11":"tag-ayuntamiento","12":"tag-breaking-news","13":"tag-breakingnews","14":"tag-castilla","15":"tag-centros","16":"tag-ciudad","17":"tag-corporacion","18":"tag-es","19":"tag-espana","20":"tag-featured-news","21":"tag-featurednews","22":"tag-gente","23":"tag-headlines","24":"tag-latest-news","25":"tag-latestnews","26":"tag-leon","27":"tag-news","28":"tag-normativas","29":"tag-noticias","30":"tag-noticias-destacadas","31":"tag-noticiasdestacadas","32":"tag-presupuestos","33":"tag-publicaciones","34":"tag-servicios","35":"tag-spain","36":"tag-titulares","37":"tag-ultimas-noticias","38":"tag-ultimasnoticias","39":"tag-valladolid"},"share_on_mastodon":{"url":"","error":""},"_links":{"self":[{"href":"https:\/\/www.europesays.com\/es\/wp-json\/wp\/v2\/posts\/156506","targetHints":{"allow":["GET"]}}],"collection":[{"href":"https:\/\/www.europesays.com\/es\/wp-json\/wp\/v2\/posts"}],"about":[{"href":"https:\/\/www.europesays.com\/es\/wp-json\/wp\/v2\/types\/post"}],"author":[{"embeddable":true,"href":"https:\/\/www.europesays.com\/es\/wp-json\/wp\/v2\/users\/2"}],"replies":[{"embeddable":true,"href":"https:\/\/www.europesays.com\/es\/wp-json\/wp\/v2\/comments?post=156506"}],"version-history":[{"count":0,"href":"https:\/\/www.europesays.com\/es\/wp-json\/wp\/v2\/posts\/156506\/revisions"}],"wp:featuredmedia":[{"embeddable":true,"href":"https:\/\/www.europesays.com\/es\/wp-json\/wp\/v2\/media\/156507"}],"wp:attachment":[{"href":"https:\/\/www.europesays.com\/es\/wp-json\/wp\/v2\/media?parent=156506"}],"wp:term":[{"taxonomy":"category","embeddable":true,"href":"https:\/\/www.europesays.com\/es\/wp-json\/wp\/v2\/categories?post=156506"},{"taxonomy":"post_tag","embeddable":true,"href":"https:\/\/www.europesays.com\/es\/wp-json\/wp\/v2\/tags?post=156506"}],"curies":[{"name":"wp","href":"https:\/\/api.w.org\/{rel}","templated":true}]}}