{"id":15651,"date":"2025-07-31T06:08:07","date_gmt":"2025-07-31T06:08:07","guid":{"rendered":"https:\/\/www.europesays.com\/es\/15651\/"},"modified":"2025-07-31T06:08:07","modified_gmt":"2025-07-31T06:08:07","slug":"arde-bogota-banda-de-rock-alternativo-creo-que-el-verdadero-rock-and-roll-era-dormir-en-el-suelo-de-la-furgoneta","status":"publish","type":"post","link":"https:\/\/www.europesays.com\/es\/15651\/","title":{"rendered":"Arde Bogot\u00e1, Banda de rock alternativo: \u00abCreo que el verdadero rock and roll era dormir en el suelo de la furgoneta\u00bb"},"content":{"rendered":"<p>La banda cartagenera Arde Bogot\u00e1 act\u00faa esta noche con todas las entradas vendidas en la Campa de la Magdalena y lo hace consolidado como uno  &#8230; de los grupos m\u00e1s importantes del panorama nacional tras su brillante gira con &#8216;Cowboys de la A3&#8217;. Antonio Garc\u00eda (voz), Jos\u00e9 \u00c1ngel Mercader (bater\u00eda), Pepe Esteban (bajo) y Daniel S\u00e1nchez (guitarra), que habla en esta entrevista, son los cuatro colegas que forman el grupo. Traen hasta la capital c\u00e1ntabra, dicen, un show mejorado al que ofrecieron hace unos meses en el WiZink Center, en Madrid, o en el Sant Jordi, en Barcelona.<\/p>\n<p class=\"v-p\"><strong>\u2013Asentados ya como una de las bandas m\u00e1s importantes del rock espa\u00f1ol. \u00bfCu\u00e1l es el cambio m\u00e1s dif\u00edcil de gestionar en sus vidas que han tenido que afrontar desde &#8216;Antia\u00e9reo&#8217; hasta &#8216;Flores de venganza&#8217;?<\/strong><\/p>\n<p class=\"v-p\">\u2013Creo que lo m\u00e1s complicado de todo es darse cuenta de que no vas a estar en casa con la familia y con los amigos la mayor parte del tiempo cuando ellos se quedan. Trabajas en el ocio de los dem\u00e1s y te pierdes muchos momentos de tu vida personal. Parece una tonter\u00eda, pero hay que saber lidiar con ello y la gente de tu alrededor tiene que entender que tienes un trabajo ciertamente extraordinario y que vas a estar ausente la mayor parte del tiempo.<\/p>\n<p class=\"v-p\"><strong>\u2013\u00bfC\u00f3mo hacen para mantener los pies en el suelo cuatro chicos de Cartagena?<\/strong><\/p>\n<p class=\"v-p\">\u2013Una de las cosas esenciales ha sido el hecho de ser de Cartagena en s\u00ed. El volver siempre a la ciudad y a las calles de siempre junto a nuestras familias y amigos y ver c\u00f3mo las cosas en ese sentido no han cambiado. Seguimos teniendo un local de ensayo chiquitito, donde hacemos todas las canciones y nos juntamos. Las costumbres, en cierto modo, se siguen manteniendo casi igual que el primer d\u00eda. Lo que pasa es que todo a nuestro alrededor se ha magnificado de una manera casi monstruosa. Aqu\u00ed nadie se ha comprado ninguna mansi\u00f3n en Miami, como se va comentando por ah\u00ed.<\/p>\n<p class=\"v-p\"><strong>\u2013Las redes sociales son un escaparate directo a su p\u00fablico. \u00bfQu\u00e9 impacto tienen en ustedes los comentarios, ya sean de apoyo o de cr\u00edtica, que leen en estas plataformas?<\/strong><\/p>\n<p class=\"v-p\">\u2013Cada uno lo lleva de una forma. Est\u00e1 la cosa un poco repartida en cuanto a los comentarios negativos y eso. Hay quien se los toma mejor y peor. Es verdad que yo suelo leerlos porque me interesan siempre despu\u00e9s de un concierto leer lo que se ha comentado, lo que se ha escrito en las noticias o algunas cosas que se dicen en Twitter (ahora conocido como &#8216;X&#8217;). Cuando empezamos a recibir la primera ola de &#8216;hate&#8217;, por as\u00ed decirlo, yo me di cuenta de que algo estaba cambiando realmente en la banda. No es que la gente nos empezara a odiar, sino que se estaba empezando a abrir el proyecto a m\u00e1s gente, como al mercado general. Y ya no era solo la gente que consum\u00eda m\u00fasica de nicho o que iba a vernos al escenario 4 del festival.<\/p>\n<p class=\"v-p\"><strong>\u2013Con &#8216;Cowboys de la A3&#8217; ya consolidado en el tiempo (dos a\u00f1os ni m\u00e1s ni menos), \u00bfhasta qu\u00e9 punto el contenido de ese \u00e1lbum ha sido clave para la conexi\u00f3n que tienen con su p\u00fablico?<\/strong><\/p>\n<p class=\"v-p\">-Ese \u00e1lbum realmente nos ha cambiado la vida. Para nosotros todo es una evoluci\u00f3n, porque desde el \u00e1lbum de &#8216;La Noche&#8217; las cosas han ido creciendo gradualmente, pero muy r\u00e1pido. Para nosotros es como una especie de escalera, pero con los pelda\u00f1os muy altos. El de &#8216;Cowboys&#8217; creo que fue el pelotazo que hizo que hasta al se\u00f1or que quiz\u00e1s no escucha y no investiga sobre m\u00fasica le llegue Arde Bogot\u00e1. Todo lo que ha venido con ese disco es todo lo que somos ahora.<\/p>\n<p class=\"v-p\"><strong>\u2013Con la gira del disco tuvieron muchos compromisos y poco descanso. \u00bfHay alguna an\u00e9cdota que recuerden con especial cari\u00f1o de tantos meses en la carretera?<\/strong><\/p>\n<p class=\"v-p\">\u2013S\u00ed que hay una cosa de toda esta evoluci\u00f3n que ha habido, que es que cuando empezamos a girar el disco de &#8216;Cowboys&#8217; todav\u00eda el proyecto no era lo que es hoy en d\u00eda. \u00c9ramos nosotros los que mont\u00e1bamos todo el equipo, las luces y conduc\u00edamos las furgonetas. Y toda esa \u00e9poca como que la recuerdo con especial cari\u00f1o. El otro d\u00eda lo recordaba y digo, pues a veces me hace falta un poco de esto. Dorm\u00edamos literalmente en el suelo de la furgoneta porque ten\u00edamos tres conciertos seguidos y ten\u00edamos que ir de un sitio de Espa\u00f1a a otro y llegar en cuatro horas. La \u00fanica manera de dormir era tirarse en el suelo de la furgoneta de mala manera con una almohada que hab\u00eda cogido de un hotel. Ahora las cosas son mucho m\u00e1s c\u00f3modas obviamente, pero creo que el verdadero rock and roll estaba en esa \u00e9poca.<\/p>\n<p class=\"v-p\"><strong>\u2013Este a\u00f1o se lo han tomado con algo m\u00e1s de calma. \u00bfQu\u00e9 le espera a Arde Bogot\u00e1 durante el pr\u00f3ximo a\u00f1o?<\/strong><\/p>\n<p class=\"v-p\">\u2013S\u00e9 lo que hay planificado y no s\u00e9 c\u00f3mo saldr\u00e1n las cosas, pero s\u00ed que hay como una sensaci\u00f3n en la banda de que estamos haciendo conciertos muy grandes por Espa\u00f1a. Y noto a veces la sensaci\u00f3n de que la gente se va a cansar de nosotros. Quiz\u00e1 haya que cruzar el charco m\u00e1s veces y ver qu\u00e9 nos depara tambi\u00e9n a la banda por el otro lado del mundo.<\/p>\n<p class=\"v-p\"><strong>\u2013Con la vara tan alta que han dejado sus dos primeros discos, surge la pregunta: \u00bfcu\u00e1l es el impulso creativo predominante para este tercer \u00e1lbum? \u00bfEs la ambici\u00f3n de sorprender y explorar nuevos territorios, o hay una tendencia natural a perfeccionar lo que ya domina en su identidad?<\/strong><\/p>\n<p class=\"v-p\">\u2013Estamos creando todav\u00eda, estamos en esa fase. Y mi sensaci\u00f3n es que no estamos haciendo nada loco como que de repente todos nos hayamos comprado sintetizadores y ahora seamos los Pet Shop Boys o algo as\u00ed. Tengo la percepci\u00f3n de que hay una evoluci\u00f3n primero natural por las cosas que escuchamos, que no son las mismas que escuch\u00e1bamos hace tres a\u00f1os cuando compusimos el otro disco. Y me da la sensaci\u00f3n de que las letras de Antonio son m\u00e1s maduras, hablan de otras cosas. Tenemos la suerte de que la canci\u00f3n de &#8216;La Torre Picasso&#8217; nos ha permitido sonar de una manera m\u00e1s natural. <\/p>\n<p class=\"v-p\"><strong>\u2013Vuelven a Cantabria un verano despu\u00e9s y con todas las entradas vendidas. \u00bfQu\u00e9 significa llenar en Santander?<\/strong><\/p>\n<p class=\"v-p\">-A m\u00ed es que en lo personal me parece una locura. Quiz\u00e1s sea el m\u00e1s incr\u00e9dulo de todos. Es una suerte que tenemos que la gente responda tambi\u00e9n y que nos quieran tanto en Cantabria. Ahora que tenemos un poco m\u00e1s de tiempo hemos decidido ir unos d\u00edas antes para conocerla, para empaparnos de ella y mezclarnos un poco con la gente.<\/p>\n<p class=\"v-p\"><strong>-\u00bfHay alguna sorpresa preparada preparada para el show?<\/strong><\/p>\n<p class=\"v-p\">-Realmente es el mismo show que hicimos en el fin de gira en el WiZink Center, pero mejorado porque hemos aprendido muchas cosas que no salieron tan bien. De vez en cuando hay alguna sorpresa en los conciertos, pero eso no te lo puedo anticipar&#8230;<\/p>\n<p class=\"v-p\"><strong>\u2013\u00bfUn sue\u00f1o que les quede todav\u00eda por cumplir como banda?<\/strong><\/p>\n<p class=\"v-p\">\u2013Realmente el mayor sue\u00f1o ahora despu\u00e9s de haber cumplido muchos es hacer una carrera larga, en la que salgan muchos discos con una evoluci\u00f3n en el sonido y que no hayan sido iguales. Y que hayan tenido, ojal\u00e1, buenas canciones dentro y tengamos cosas que decir en el futuro.<\/p>\n","protected":false},"excerpt":{"rendered":"La banda cartagenera Arde Bogot\u00e1 act\u00faa esta noche con todas las entradas vendidas en la Campa de la&hellip;\n","protected":false},"author":2,"featured_media":15652,"comment_status":"","ping_status":"","sticky":false,"template":"","format":"standard","meta":{"footnotes":""},"categories":[170],"tags":[10347,10345,3937,146,147,25,24,10349,184,185,1273,10348,23,2419,10346],"class_list":{"0":"post-15651","1":"post","2":"type-post","3":"status-publish","4":"format-standard","5":"has-post-thumbnail","7":"category-musica","8":"tag-and","9":"tag-creo","10":"tag-dormir","11":"tag-entertainment","12":"tag-entretenimiento","13":"tag-es","14":"tag-espana","15":"tag-furgoneta","16":"tag-music","17":"tag-musica","18":"tag-rock","19":"tag-rollera","20":"tag-spain","21":"tag-suelo","22":"tag-verdadero"},"share_on_mastodon":{"url":"","error":""},"_links":{"self":[{"href":"https:\/\/www.europesays.com\/es\/wp-json\/wp\/v2\/posts\/15651","targetHints":{"allow":["GET"]}}],"collection":[{"href":"https:\/\/www.europesays.com\/es\/wp-json\/wp\/v2\/posts"}],"about":[{"href":"https:\/\/www.europesays.com\/es\/wp-json\/wp\/v2\/types\/post"}],"author":[{"embeddable":true,"href":"https:\/\/www.europesays.com\/es\/wp-json\/wp\/v2\/users\/2"}],"replies":[{"embeddable":true,"href":"https:\/\/www.europesays.com\/es\/wp-json\/wp\/v2\/comments?post=15651"}],"version-history":[{"count":0,"href":"https:\/\/www.europesays.com\/es\/wp-json\/wp\/v2\/posts\/15651\/revisions"}],"wp:featuredmedia":[{"embeddable":true,"href":"https:\/\/www.europesays.com\/es\/wp-json\/wp\/v2\/media\/15652"}],"wp:attachment":[{"href":"https:\/\/www.europesays.com\/es\/wp-json\/wp\/v2\/media?parent=15651"}],"wp:term":[{"taxonomy":"category","embeddable":true,"href":"https:\/\/www.europesays.com\/es\/wp-json\/wp\/v2\/categories?post=15651"},{"taxonomy":"post_tag","embeddable":true,"href":"https:\/\/www.europesays.com\/es\/wp-json\/wp\/v2\/tags?post=15651"}],"curies":[{"name":"wp","href":"https:\/\/api.w.org\/{rel}","templated":true}]}}