{"id":156513,"date":"2025-10-04T13:15:27","date_gmt":"2025-10-04T13:15:27","guid":{"rendered":"https:\/\/www.europesays.com\/es\/156513\/"},"modified":"2025-10-04T13:15:27","modified_gmt":"2025-10-04T13:15:27","slug":"luis-enrique-rebaja-el-odio-entre-barca-y-psg-opinion-de-sergi-capdevila","status":"publish","type":"post","link":"https:\/\/www.europesays.com\/es\/156513\/","title":{"rendered":"Luis Enrique rebaja el odio entre Bar\u00e7a y PSG, opini\u00f3n de Sergi Capdevila"},"content":{"rendered":"<p class=\"ft-text\">La <strong>animadversi\u00f3n entre Bar\u00e7a y PSG ha pasado por muchas fases a lo largo de la \u00faltima d\u00e9cada.<\/strong> El fuego se ha ido avivando continuamente con nuevos episodios. Todo empez\u00f3 el verano de 2017. La entidad presidida por Al-Khela\u00effi rompi\u00f3 la banca pagando la cl\u00e1usula de 222 millones de euros de Neymar J\u00fanior al FCBarcelona. El astro brasile\u00f1o, \u00eddolo entre el barcelonismo, decidi\u00f3 enfrascarse en un nuevo proyecto que le multiplicaba el sueldo y en el que iba a ser el faro, el gran referente.<\/p>\n<p class=\"ft-text\">Abandonaba a Messi y Su\u00e1rez, a un tridente que iba camino de hacer historia, para trasladarse a la ciudad de la luz. <strong>Terremoto hist\u00f3rico el que provoc\u00f3 en la Ciudad Condal, semejante al que 15 a\u00f1os antes hab\u00eda provocado la marcha de Figo al Real Madrid<\/strong> (bueno, un par de pelda\u00f1os por debajo). Empezaban unas hostilidades entre los dos clubes que ir\u00edan tomando formas diversas. Hasta ese momento, entre Bar\u00e7a y PSG tampoco hab\u00eda existido una relaci\u00f3n turbulenta ni de odio o rechazo entre los lados. Indiferencia, probablemente, ser\u00eda lo m\u00e1s adecuado para definir la convivencia. Todo se torci\u00f3 con lo de Neymar. Quiz\u00e1s era un poco la \u2018venganza\u2019 del propietario catar\u00ed del Paris Saint Germain por aquella remontada surrealista con el gol de Sergi Roberto.<\/p>\n<p>LA FAMOSA REMONTADA<\/p>\n<p class=\"ft-text\">El 6-1 que daba la vuelta al 4-0 de la ida en el Parque de los Pr\u00edncipes y que dejaba al borde de la depresi\u00f3n a toda la parroquia parisina. Tras lo de Neymar, se siguieron sucediendo los encontronazos en varias manifestaciones. No solo la remontada, sino que aquel se\u00f1alado 2017 el Bar\u00e7a ya intent\u00f3 abordar en junio el fichaje de Verratti<strong>. El jugador, que pas\u00f3 las vacaciones en Ibiza, lleg\u00f3 a reunirse con Javierd Bordas, directivo del Bar\u00e7a por aquel entonces. La remontada y la ofensiva por Verratti fueron demasiado para Al-Khela\u00effi<\/strong>, que se lo tom\u00f3 como algo personal. En 2021 culminar\u00eda su \u2018obra maestra\u2019 el catar\u00ed. El Bar\u00e7a no pudo (o no supo) renovar a Leo Messi. Se acab\u00f3 el contrato del argentino y \u00bfqui\u00e9n pesc\u00f3 en r\u00edo revuelto? Bingo, Al-Khela\u00effi.<\/p>\n<p><img decoding=\"async\" src=\"https:\/\/www.europesays.com\/es\/wp-content\/uploads\/2025\/10\/6df2643b-8e11-4694-b634-ce3810aa038e_alta-libre-aspect-ratio_default_0.jpg\" width=\"1200\" height=\"675\" alt=\"Al-Khelaifi, presidente del PSG se dirige a su afici\u00f3n\" class=\"ft-helper-img-rd\" loading=\"lazy\" hasdataaida=\"true\"\/><\/p>\n<p class=\"ft-helper-fontColor-quaternary ft-helper-fontSize-body-S ft-helper-spacer-t-xxs\">Al-Khelaifi, presidente del PSG se dirige a su afici\u00f3n  \/ El Confidencial<\/p>\n<p class=\"ft-text\">La leyenda azulgrana, que solo hab\u00eda vestido hasta aquel entonces la camiseta del Bar\u00e7a, fich\u00f3 por el PSG. Para jugar junto a Neymar. Muy doloroso para el barcelonismo. En 2023 Bar\u00e7a y PSG se enfrentaron en cuartos de final. Y saltaron chispas por todos lados. El odio entre aficiones qued\u00f3 patente. Ya estaba Luis Enrique al frente de los parisinos, algo que \u2018azucar\u00f3\u2019 un poco la animadversi\u00f3n del barcelonismo hacia el club parisino.<\/p>\n<p class=\"ft-text\">Con el paso el tiempo<strong>, la sensaci\u00f3n es que aquella tensi\u00f3n casi insoportable se ha rebajado un poquito. <\/strong>Ya no est\u00e1n ni Messi ni Neymar. Luis Enrique es una leyenda para la afici\u00f3n del PSG y en el Bar\u00e7a tambi\u00e9n hay un respeto general y un recuerdo imborrable hacia el asturiano. \u2018Lucho\u2019 vuelve a Barcelona como campe\u00f3n de Europa este mi\u00e9rcoles. Sigue habiendo rencillas, pero las aguas bajan bastante m\u00e1s tranquilas.<\/p>\n","protected":false},"excerpt":{"rendered":"La animadversi\u00f3n entre Bar\u00e7a y PSG ha pasado por muchas fases a lo largo de la \u00faltima d\u00e9cada.&hellip;\n","protected":false},"author":2,"featured_media":155497,"comment_status":"","ping_status":"","sticky":false,"template":"","format":"standard","meta":{"footnotes":""},"categories":[268],"tags":[2296,11681,168,25,24,881,280,282,10402,4409,281,23,167],"class_list":{"0":"post-156513","1":"post","2":"type-post","3":"status-publish","4":"format-standard","5":"has-post-thumbnail","7":"category-futbol","8":"tag-barca","9":"tag-champions","10":"tag-deportes","11":"tag-es","12":"tag-espana","13":"tag-fc-barcelona","14":"tag-football","15":"tag-futbol","16":"tag-luis-enrique","17":"tag-psg","18":"tag-soccer","19":"tag-spain","20":"tag-sports"},"share_on_mastodon":{"url":"","error":""},"_links":{"self":[{"href":"https:\/\/www.europesays.com\/es\/wp-json\/wp\/v2\/posts\/156513","targetHints":{"allow":["GET"]}}],"collection":[{"href":"https:\/\/www.europesays.com\/es\/wp-json\/wp\/v2\/posts"}],"about":[{"href":"https:\/\/www.europesays.com\/es\/wp-json\/wp\/v2\/types\/post"}],"author":[{"embeddable":true,"href":"https:\/\/www.europesays.com\/es\/wp-json\/wp\/v2\/users\/2"}],"replies":[{"embeddable":true,"href":"https:\/\/www.europesays.com\/es\/wp-json\/wp\/v2\/comments?post=156513"}],"version-history":[{"count":0,"href":"https:\/\/www.europesays.com\/es\/wp-json\/wp\/v2\/posts\/156513\/revisions"}],"wp:featuredmedia":[{"embeddable":true,"href":"https:\/\/www.europesays.com\/es\/wp-json\/wp\/v2\/media\/155497"}],"wp:attachment":[{"href":"https:\/\/www.europesays.com\/es\/wp-json\/wp\/v2\/media?parent=156513"}],"wp:term":[{"taxonomy":"category","embeddable":true,"href":"https:\/\/www.europesays.com\/es\/wp-json\/wp\/v2\/categories?post=156513"},{"taxonomy":"post_tag","embeddable":true,"href":"https:\/\/www.europesays.com\/es\/wp-json\/wp\/v2\/tags?post=156513"}],"curies":[{"name":"wp","href":"https:\/\/api.w.org\/{rel}","templated":true}]}}