{"id":156514,"date":"2025-10-04T13:16:16","date_gmt":"2025-10-04T13:16:16","guid":{"rendered":"https:\/\/www.europesays.com\/es\/156514\/"},"modified":"2025-10-04T13:16:16","modified_gmt":"2025-10-04T13:16:16","slug":"como-el-caso-de-bobby-brown-pone-luz-a-un-problema-que-afecta-al-20-de-las-parejas-espanolas","status":"publish","type":"post","link":"https:\/\/www.europesays.com\/es\/156514\/","title":{"rendered":"c\u00f3mo el caso de Bobby Brown pone luz a un problema que afecta al 20% de las parejas espa\u00f1olas"},"content":{"rendered":"<p class=\"paragraph\" id=\"paragraph_1\">\u00abEste verano, dimos la bienvenida a nuestra dulce beb\u00e9 mediante la adopci\u00f3n. Estamos sumamente emocionados de comenzar este nuevo y hermoso cap\u00edtulo de la paternidad en paz y privacidad\u00bb. As\u00ed comunicaron Millie Bobby Brown y su esposo, Jake Bongiovi, que <strong>eran padres de una ni\u00f1a<\/strong>.<\/p>\n<p class=\"paragraph\" id=\"paragraph_2\">Resulta vital subrayar que la pareja apel\u00f3 a la privacidad, pero basta con echar un vistazo a los comentarios de la publicaci\u00f3n para descubrir que los internautas ten\u00edan en mente algo muy distinto. Muchos se preguntaban <strong>por qu\u00e9 la actriz, que tiene 21 a\u00f1os, hab\u00eda decidido adoptar<\/strong>, cuestionando entonces si tiene problemas de fertilidad.<\/p>\n<p class=\"paragraph\" id=\"paragraph_3\">Como explica a Magas la doctora S\u00e1nchez-Dehesa, especialista en este tema, no es extra\u00f1o que se convierta en objeto de debate p\u00fablico.<\/p>\n<p><img loading=\"lazy\" decoding=\"async\" alt=\"Ana Mil\u00e1n en el p\u00f3dcast 'A solas con...' de Vicky Mart\u00edn Berrocal.\" height=\"180\" src=\"https:\/\/www.europesays.com\/es\/wp-content\/uploads\/2025\/10\/1003743932604_258841246_320x180.jpg\" width=\"320\" data-lazy-status=\"processed\" data-lazy-info=\"remove loading item 1\"\/><\/p>\n<p class=\"paragraph\" id=\"paragraph_4\">\u00abAunque pueda parecer una curiosidad inocente, esto <strong>puede tener consecuencias negativas<\/strong>. Se trata de algo que <strong>afecta aproximadamente al 15% de las parejas<\/strong> en edad reproductiva y la exposici\u00f3n a los medios de comunicaci\u00f3n puede amplificar el dolor de quienes han pasado por tratamientos fallidos o la imposibilidad de tener hijos biol\u00f3gicos\u00bb, explica la experta.<\/p>\n<p class=\"paragraph\" id=\"paragraph_5\">\u00abLos interrogantes constantes pueden generar estr\u00e9s, ansiedad y sentimientos de fracaso\u00bb, aclara. Comenta que <strong>la discusi\u00f3n<\/strong> en redes y dem\u00e1s plataformas <strong>suele carecer de base cient\u00edfica<\/strong> y se banalizan procesos m\u00e9dicos complejos como la fecundaci\u00f3n in vitro o la preservaci\u00f3n de la fertilidad. Esto se traduce en la <strong>circulaci\u00f3n de mitos y falsas expectativas<\/strong>.<\/p>\n<p class=\"paragraph\" id=\"paragraph_6\">\u00abNo hay que olvidar que la fama no elimina la necesidad de preservar la intimidad\u00bb, matiza.<\/p>\n<p class=\"paragraph\" id=\"paragraph_7\">En nuestro pa\u00eds, entre el 15% y el 20% de las relaciones tiene problemas para concebir de forma natural, y quienes lo sufren conocen bien el desgaste psicol\u00f3gico que puede acarrear. Sin embargo, no es raro que cuando se trata de personajes p\u00fablicos, <strong>la gente abandone la empat\u00eda<\/strong> y se apresure a hacer conjeturas al respecto.<\/p>\n<p class=\"paragraph\" id=\"paragraph_8\">Lo cierto es que, como destaca \u00c1ngela Llaneza, directora m\u00e9dica de Instituto M\u00e9dico Antiaging, las habladur\u00edas olvidan otro hecho que es importante destacar. Es algo que adem\u00e1s en el caso de las celebridades, debido a su exposici\u00f3n, se acent\u00faa, sobre todo partir de determinada edad: <strong>no todas las mujeres quieren ser madres<\/strong>.<\/p>\n<p class=\"paragraph\" id=\"paragraph_9\">\u00abPreguntar y especular sobre las razones invisibiliza estas experiencias y recupera<strong> la idea de la maternidad como destino obligatorio<\/strong>. Para muchas, esas presiones sociales pueden traducirse en sentimientos de culpa o frustraci\u00f3n, especialmente si est\u00e1n atravesando estas situaciones que se mencionan\u00bb, dice la ginec\u00f3loga, especialista en fertilidad, endocrinolog\u00eda y ginecolog\u00eda reproductiva.<\/p>\n<p><img decoding=\"async\" alt=\"Un par de chicas compartiendo tiempo en casa.\" height=\"180\" loading=\"lazy\" width=\"320\" data-lazy-status=\"processed\" id=\"217999486d\" src=\"https:\/\/www.elespanol.com\/mujer\/salud-bienestar\/20250930\/fertilidad-juicio-caso-bobby-brown-pone-luz-problema-afecta-parejas-espanolas\/[\" https:=\"\" data-lazy-info=\"changed src\"\/><\/p>\n<p class=\"paragraph\" id=\"paragraph_10\">Eso fue precisamente lo que le pas\u00f3 a <strong>Jennifer Aniston<\/strong>. \u00abLos medios dec\u00edan que solo me importaba mi carrera. Y Dios no quiera que una de nosotras tenga \u00e9xito y no tenga hijos. Dec\u00edan que la raz\u00f3n por la que mi esposo me dej\u00f3, por la que rompimos y terminamos nuestro matrimonio, fue porque no quer\u00eda ceder a ello. Fueron mentiras descaradas\u00bb, dijo a Allure.<\/p>\n<p class=\"paragraph\" id=\"paragraph_11\">\u00abEstaba intentando quedarme embarazada. Y <strong>fue un camino dif\u00edcil<\/strong>. Estaba en un proceso de fecundaci\u00f3n in vitro, tomando t\u00e9s chinos\u2026 Haciendo todo lo posible. Habr\u00eda dado cualquier cosa si alguien me hubiera dicho: <strong>&#8216;Congela tus \u00f3vulos. Hazte un favor&#8217;<\/strong>. Simplemente no lo piensas. As\u00ed que aqu\u00ed estoy hoy. El barco ya zarp\u00f3\u00bb, asegur\u00f3 la int\u00e9rprete.<\/p>\n<p class=\"paragraph\" id=\"paragraph_12\">Selena Gomez acaba de pasar por el altar con Benny Blanco y no ha dudado en hablar de sus problemas al respecto. Lo mismo hizo la modelo Chrissy Teigen, eliminando as\u00ed el estigma que rodea siempre a esta tem\u00e1tica.<\/p>\n<p class=\"paragraph\" id=\"paragraph_13\">Otro asunto al que se ha enfrentado la protagonista de Stranger Things al comunicar que es madre es su edad. Cuando la maternidad llega a partir de los 35, las redes suelen lanzar sus cr\u00edticas afirmando que es demasiado tarde y que un embarazo en ese periodo implica diversos riesgos para el beb\u00e9.<\/p>\n<p class=\"paragraph\" id=\"paragraph_14\">No obstante, <strong>ni siquiera su juventud ha liberado a Milly Bobby Brown<\/strong>, sino que esto tambi\u00e9n ha sido objeto de comentarios, incluso cuando la actriz ya hab\u00eda hablado acerca de sus planes al respecto.<\/p>\n<p class=\"paragraph\" id=\"paragraph_15\">\u00abQuiero una familia grande. Para m\u00ed, tener un hijo propio no es tan diferente a adoptar. Mi hogar est\u00e1 lleno de amor y eso es lo que defendemos\u00bb, dijo el pasado mes de marzo en el podcast Smartless.<\/p>\n<p><img decoding=\"async\" alt=\"Imagen de archivo de una chica embarazada.\" data-imgm=\"true\" height=\"854\" loading=\"lazy\"  src=\"https:\/\/www.europesays.com\/es\/wp-content\/uploads\/2025\/10\/1003743946269_259060274_1280x1706.jpg\"  width=\"640\"\/><\/p>\n<p>                                                            Imagen de archivo de una chica embarazada.<\/p>\n<p>                    Foto de Tamara Govedarovic en Unsplash<\/p>\n<p class=\"paragraph\" id=\"paragraph_16\">La doctora Marta S\u00e1nchez-Dehesa quiere destacar una opini\u00f3n personal. \u00ab<strong>Cada mujer o pareja decide qu\u00e9 momento es el m\u00e1s adecuado<\/strong> para enfrentarse a la maternidad o paternidad\u00bb, asegura.<\/p>\n<p><img decoding=\"async\" alt=\"La actriz Emma Stone en una escena de la pel\u00edcula 'La La Land' mira emocionada a Ryan Gosling.\" height=\"180\" loading=\"lazy\" width=\"320\" data-lazy-status=\"processed\" id=\"e746cb49da\" src=\"https:\/\/www.elespanol.com\/mujer\/salud-bienestar\/20250930\/fertilidad-juicio-caso-bobby-brown-pone-luz-problema-afecta-parejas-espanolas\/[\" https:=\"\" data-lazy-info=\"changed src\"\/><\/p>\n<p class=\"paragraph\" id=\"paragraph_17\">\u00c1ngela Llaneza coincide. \u00ab<strong>No hay un momento &#8216;apropiado&#8217;<\/strong>. A ella se la critica porque ha asumido este rol a los 21 a\u00f1os y rechaza la filiaci\u00f3n gen\u00e9tica y otras sufren lo mismo porque son demasiado mayores y no est\u00e1n biol\u00f3gicamente capacitadas para concebir\u00bb, concreta.<\/p>\n<p class=\"paragraph\" id=\"paragraph_18\">\u00abNo obstante, es cierto que hay una edad id\u00f3nea para ello, pero <strong>ser madre es mucho m\u00e1s que eso<\/strong>, y la ocasi\u00f3n ideal es la que se escoja para ello. Por suerte, hoy disponemos de las herramientas tecnol\u00f3gicas para hacerlo\u00bb, determina.<\/p>\n<p class=\"paragraph\" id=\"paragraph_19\">En el Bolet\u00edn de datos provisional de medidas de protecci\u00f3n a la infancia, el Ministerio de Juventud e Infancia se\u00f1alaba que en 2023 <strong>se adoptaron 747 ni\u00f1os<\/strong>: 555 en procesos nacionales y otros 192 de otros pa\u00edses.<\/p>\n<p class=\"paragraph\" id=\"paragraph_20\">Estas cifras sit\u00faan a Espa\u00f1a lejos de otras naciones. Por eso no son pocos los que aplauden que Millie Bobby Brown se haya decantado por ello. <strong>Lo vital es no especular acerca de los motivos<\/strong> por los que ha recurrido a este m\u00e9todo para cumplir su sue\u00f1o.<\/p>\n","protected":false},"excerpt":{"rendered":"\u00abEste verano, dimos la bienvenida a nuestra dulce beb\u00e9 mediante la adopci\u00f3n. Estamos sumamente emocionados de comenzar este&hellip;\n","protected":false},"author":2,"featured_media":156515,"comment_status":"","ping_status":"","sticky":false,"template":"","format":"standard","meta":{"footnotes":""},"categories":[174],"tags":[4238,255,146,147,25,24,256,1913,13476,23],"class_list":{"0":"post-156514","1":"post","2":"type-post","3":"status-publish","4":"format-standard","5":"has-post-thumbnail","7":"category-famosos","8":"tag-adopciones","9":"tag-celebrities","10":"tag-entertainment","11":"tag-entretenimiento","12":"tag-es","13":"tag-espana","14":"tag-famosos","15":"tag-maternidad","16":"tag-salud-y-bienestar","17":"tag-spain"},"share_on_mastodon":{"url":"","error":""},"_links":{"self":[{"href":"https:\/\/www.europesays.com\/es\/wp-json\/wp\/v2\/posts\/156514","targetHints":{"allow":["GET"]}}],"collection":[{"href":"https:\/\/www.europesays.com\/es\/wp-json\/wp\/v2\/posts"}],"about":[{"href":"https:\/\/www.europesays.com\/es\/wp-json\/wp\/v2\/types\/post"}],"author":[{"embeddable":true,"href":"https:\/\/www.europesays.com\/es\/wp-json\/wp\/v2\/users\/2"}],"replies":[{"embeddable":true,"href":"https:\/\/www.europesays.com\/es\/wp-json\/wp\/v2\/comments?post=156514"}],"version-history":[{"count":0,"href":"https:\/\/www.europesays.com\/es\/wp-json\/wp\/v2\/posts\/156514\/revisions"}],"wp:featuredmedia":[{"embeddable":true,"href":"https:\/\/www.europesays.com\/es\/wp-json\/wp\/v2\/media\/156515"}],"wp:attachment":[{"href":"https:\/\/www.europesays.com\/es\/wp-json\/wp\/v2\/media?parent=156514"}],"wp:term":[{"taxonomy":"category","embeddable":true,"href":"https:\/\/www.europesays.com\/es\/wp-json\/wp\/v2\/categories?post=156514"},{"taxonomy":"post_tag","embeddable":true,"href":"https:\/\/www.europesays.com\/es\/wp-json\/wp\/v2\/tags?post=156514"}],"curies":[{"name":"wp","href":"https:\/\/api.w.org\/{rel}","templated":true}]}}