{"id":156518,"date":"2025-10-04T13:18:52","date_gmt":"2025-10-04T13:18:52","guid":{"rendered":"https:\/\/www.europesays.com\/es\/156518\/"},"modified":"2025-10-04T13:18:52","modified_gmt":"2025-10-04T13:18:52","slug":"andres-trapiello-autor-de-prospero-viento-critica-a-rodriguez-zapatero-por-poner-en-marcha-la-memoria-historica","status":"publish","type":"post","link":"https:\/\/www.europesays.com\/es\/156518\/","title":{"rendered":"Andres Trapiello, autor de &#8216;Pr\u00f3spero viento&#8217;, critica a Rodr\u00edguez Zapatero por poner en marcha la Memoria Hist\u00f3rica&#8217;"},"content":{"rendered":"<p class=\"c-paragraph\">El escritor Andr\u00e9s Trapiello ha presentado este jueves su nuevo libro, Pr\u00f3spero viento (La Esfera de los Libros), en el que expone el origen de la hegemon\u00eda cultural de la izquierda y repasa los \u00ablugares comunes\u00bb de Espa\u00f1a que<b> \u00abhan retrasado el verdadero desarrollo democr\u00e1tico\u00bb.\u00a0<\/b><\/p>\n<p class=\"c-paragraph\">\u00abLa hegemon\u00eda cultural de la izquierda terminar\u00e1 cuando empiecen a leer todo aquello que dicen haber le\u00eddo. Eso se cura leyendo. <b>La izquierda llega a este mundo creyendo que son m\u00e1s cultos que los de derechas<\/b>, y, en parte, es cierto porque la derecha ha hecho una dejaci\u00f3n de la cultura\u00bb, ha asegurado el escritor ante los medios de comunicaci\u00f3n en Madrid. Trapiello considera que la hegemon\u00eda de la izquierda en la cultura es \u00abindiscutible\u00bb, tanto en Espa\u00f1a como en Europa o Estados Unidos, y se\u00f1ala que en el caso espa\u00f1ol esta creencia se refuerza a ra\u00edz de la guerra civil, cuando \u00abse crey\u00f3 que <b>los mejores intelectuales y escritores se pusieron del lado de la Rep\u00fablica\u00bb.\u00a0<\/b><\/p>\n<p class=\"c-paragraph\">\u00abEsto es diametralmente falso y sobre esa mentira se ha articulado siempre la superioridad de la izquierda. Por eso es importante decir que Lorca ha sido important\u00edsimo, pero tambi\u00e9n lo ha sido Ortega y Gasset, por no hablar de aquellos que han quedado en tierra de nadie, como Juan <b>Ram\u00f3n Jim\u00e9nez, P\u00edo Baroja, Chaves Nogales y Clara Campoamor<\/b> &#8211;ha sostenido&#8211;. La historia de la guerra civil para los del bando republicano es una historia de derrota tras derrota, pero al mismo tiempo es una historia de victoria en victoria en el relato\u00bb, ha subrayado.\u00a0<\/p>\n<p>De Alberti a Juan Ram\u00f3n Jim\u00e9nez<\/p>\n<p class=\"c-paragraph\">A su vez, Trapiello critica que la derecha \u00abarrumbe\u00bb a los intelectuales afines a esta ideolog\u00eda, mientras que la izquierda \u00abda la matraca todo el d\u00eda\u00bb hablando de los suyos y haciendo propaganda. \u00abSalen en todos los medios, les dan todos los apoyos posibles. <b>Durante 40 a\u00f1os, el gran poeta espa\u00f1ol ha sido Rafael Alberti, pero no Juan Ram\u00f3n Jim\u00e9nez\u00bb<\/b>, se ha lamentado, para poco despu\u00e9s describir su libro como una obra que trata de \u00abdeshacer\u00bb lugares comunes y ser un \u00abcanto a la libertad\u00bb.\u00a0<\/p>\n<p class=\"c-paragraph\">Durante su intervenci\u00f3n, el autor apunta al mandato de Jos\u00e9 Luis Rodr\u00edguez Zapatero como ejemplo de que en Espa\u00f1a \u00abse dan dos pasos atr\u00e1s cuando se logra clarificar algunos lugares comunes\u00bb. En este contexto, se\u00f1ala al expresidente del Gobierno por poner en marcha la \u00abmemoria hist\u00f3rica\u00bb tras la transici\u00f3n. \u00abCuando lleg\u00f3 dijo: &#8216;vamos a volver a la casilla de salida y vamos a recontar otra vez la historia&#8217;. En sus a\u00f1os, se crey\u00f3 que la izquierda hab\u00eda sido m\u00e1s generosa que la derecha y entienden que est\u00e1n perdiendo el relato, por lo que ponen en circulaci\u00f3n <b>la memoria hist\u00f3rica, que normalmente se sustenta en un principio falso, que es recordar lo que no ha sucedido y olvidar lo que pas\u00f3\u00bb<\/b>, ha detallado. Asimismo, ha lamentado que la sociedad espa\u00f1ola est\u00e1 ahora m\u00e1s dividida que hace 30 a\u00f1os.\u00a0<\/p>\n<p>La hipoteca de las instituciones<\/p>\n<p class=\"c-paragraph\">\u00abLa principal preocupaci\u00f3n de la generaci\u00f3n de mis padres, tanto de un lado como del otro, es que no se volviera a producir una guerra civil y entendieron lo que dec\u00eda Nietzsche de que un exceso de memoria da\u00f1a la vida: <b>&#8216;sin memoria, no hay justicia, pero sin olvido, no hay paz<\/b>\u00ab, ha declarado.<\/p>\n<p class=\"c-paragraph\">Por otro lado, ha afirmado que en la actualidad &#8211;tanto en Espa\u00f1a como en Estados Unidos o Venezuela&#8211; hay menos libertad porque <b>\u00ablas instituciones est\u00e1n m\u00e1s hipotecadas<\/b>. Los instrumentos para defender la libertad est\u00e1n m\u00e1s hipotecados a favor de un gobierno que ha decidido utilizar todos los mecanismos que est\u00e1n a su mano y los que no para recortarla\u00bb, ha denunciado.\u00a0<\/p>\n<p class=\"c-paragraph\">\u00abPr\u00f3spero viento\u00a0pretende mostrar que no tienes por qu\u00e9 comulgar con las ideas recibidas. El mejor modo de garantizar que vas a ser libre es aplicar la duda met\u00f3dica\u00bb, asegura. Tras esta afirmaci\u00f3n, se\u00f1ala al actual gobierno de Pedro S\u00e1nchez al ser preguntado por si las ideas han degenerado en argumentario. \u00abPor la ma\u00f1ana, el primero del Gobierno dice una cosa y ese d\u00eda la repiten con las mismas palabras cuatro o cinco ministros o jerarcas econ\u00f3micos afines o quiz\u00e1 sus votantes, que entienden que &#8216;todo esto est\u00e1 muy mal, pero los otros son peor&#8217;. As\u00ed se paralizan las ideas\u00bb, ha indicado. <b>\u00abA mi me dicen &#8216;no, es que cuando vengan los otros ser\u00e1 peor&#8217;,<\/b> y yo digo pues cuando vengan los otros los echamos tambi\u00e9n, pero si esto es malo&#8230;\u00bb, ha precisado.\u00a0<\/p>\n<p>Las v\u00edctimas de la Guerra Civil<\/p>\n<p class=\"c-paragraph\">Por \u00faltimo, ha recordado su participaci\u00f3n en el Comisionado de Memoria Hist\u00f3rica del Ayuntamiento de Madrid y ha criticado que la izquierda no entiende que<b> \u00abentre las v\u00edctimas del franquismo hay algunos que fueron victimarios<\/b>. La izquierda ha considerado que por el hecho de perder la guerra ya no tienen ninguna responsabilidad ni moral ni pol\u00edtica sobre el pasado\u00bb, afirma.\u00a0<\/p>\n<p class=\"c-paragraph\"><b>\u00abLa transici\u00f3n consisti\u00f3 en que las dos partes dijeron &#8216;esto no lo tocamos,<\/b> ni tu parte ni lo m\u00edo, y vamos a olvidarlo&#8217;. Pero, de pronto, dicen que no, que lo van a recordar a d\u00eda de hoy\u00bb, ha lamentado. Para finalizar, ha hecho alusi\u00f3n a la b\u00fasqueda de los fallecidos durante la guerra civil y el franquismo y sugiere que el Estado ponga \u00abcoto\u00bb en la b\u00fasqueda de los cuerpos por los costes econ\u00f3micos y morales que ello implica.\u00a0<\/p>\n<p class=\"c-paragraph\">\u00ab<b>Es un debate en el que nadie quiere quedar mal. <\/b>Pero en alg\u00fan momento habr\u00e1 que decir que no se puede seguir, aunque parece que con la memoria hist\u00f3rica y con los muertos de hace 80 a\u00f1os es m\u00e1s dif\u00edcil\u00bb, ha sentenciado.<\/p>\n","protected":false},"excerpt":{"rendered":"El escritor Andr\u00e9s Trapiello ha presentado este jueves su nuevo libro, Pr\u00f3spero viento (La Esfera de los Libros),&hellip;\n","protected":false},"author":2,"featured_media":156519,"comment_status":"","ping_status":"","sticky":false,"template":"","format":"standard","meta":{"footnotes":""},"categories":[172],"tags":[2987,1697,224,146,147,25,24,225,46800,23,44319,6641],"class_list":{"0":"post-156518","1":"post","2":"type-post","3":"status-publish","4":"format-standard","5":"has-post-thumbnail","7":"category-libros","8":"tag-andres","9":"tag-autor","10":"tag-books","11":"tag-entertainment","12":"tag-entretenimiento","13":"tag-es","14":"tag-espana","15":"tag-libros","16":"tag-prospero","17":"tag-spain","18":"tag-trapiello","19":"tag-viento"},"share_on_mastodon":{"url":"","error":""},"_links":{"self":[{"href":"https:\/\/www.europesays.com\/es\/wp-json\/wp\/v2\/posts\/156518","targetHints":{"allow":["GET"]}}],"collection":[{"href":"https:\/\/www.europesays.com\/es\/wp-json\/wp\/v2\/posts"}],"about":[{"href":"https:\/\/www.europesays.com\/es\/wp-json\/wp\/v2\/types\/post"}],"author":[{"embeddable":true,"href":"https:\/\/www.europesays.com\/es\/wp-json\/wp\/v2\/users\/2"}],"replies":[{"embeddable":true,"href":"https:\/\/www.europesays.com\/es\/wp-json\/wp\/v2\/comments?post=156518"}],"version-history":[{"count":0,"href":"https:\/\/www.europesays.com\/es\/wp-json\/wp\/v2\/posts\/156518\/revisions"}],"wp:featuredmedia":[{"embeddable":true,"href":"https:\/\/www.europesays.com\/es\/wp-json\/wp\/v2\/media\/156519"}],"wp:attachment":[{"href":"https:\/\/www.europesays.com\/es\/wp-json\/wp\/v2\/media?parent=156518"}],"wp:term":[{"taxonomy":"category","embeddable":true,"href":"https:\/\/www.europesays.com\/es\/wp-json\/wp\/v2\/categories?post=156518"},{"taxonomy":"post_tag","embeddable":true,"href":"https:\/\/www.europesays.com\/es\/wp-json\/wp\/v2\/tags?post=156518"}],"curies":[{"name":"wp","href":"https:\/\/api.w.org\/{rel}","templated":true}]}}