{"id":156522,"date":"2025-10-04T13:23:06","date_gmt":"2025-10-04T13:23:06","guid":{"rendered":"https:\/\/www.europesays.com\/es\/156522\/"},"modified":"2025-10-04T13:23:06","modified_gmt":"2025-10-04T13:23:06","slug":"autoridades-de-matanzas-niegan-fallecidos-pese-a-expansion-de-dengue-y-chikungunya-en-la-provincia","status":"publish","type":"post","link":"https:\/\/www.europesays.com\/es\/156522\/","title":{"rendered":"Autoridades de Matanzas niegan fallecidos pese a expansi\u00f3n de dengue y chikungunya en la provincia"},"content":{"rendered":"<p>Las autoridades sanitarias de Matanzas aseguraron que no se han registrado fallecidos por el actual brote de virus transmitidos por mosquitos en la provincia, aunque reconocieron que <strong>los 13 municipios presentan circulaci\u00f3n del chikungunya y 12 mantienen transmisi\u00f3n activa del dengue<\/strong>, con excepci\u00f3n de la Ci\u00e9naga de Zapata.<\/p>\n<p>La actualizaci\u00f3n epidemiol\u00f3gica fue ofrecida durante una reuni\u00f3n del Gobierno Provincial, encabezada por la doctora <strong>Yamira L\u00f3pez Garc\u00eda<\/strong>, directora general de Salud en el territorio, quien confirm\u00f3 <a href=\"https:\/\/www.cibercuba.com\/noticias\/2025-09-25-u1-e42839-s27061-nid311656-explosion-casos-dengue-chikungunya-seis-municipios\" rel=\"nofollow noopener\" target=\"_blank\"><strong>la \u201ctendencia ascendente\u201d de los contagios<\/strong><\/a> y la saturaci\u00f3n de los servicios de atenci\u00f3n primaria por cuadros febriles.<\/p>\n<p>Captura de pantalla Facebook \/ Peri\u00f3dico Gir\u00f3n<\/p>\n<p>Acorde al reporte en redes de <a href=\"https:\/\/www.facebook.com\/story.php?story_fbid=1219496810199865&amp;id=100064186713658&amp;mibextid=wwXIfr&amp;rdid=iR8pZhNL4buVneqJ#\" rel=\"nofollow noopener\" target=\"_blank\">Peri\u00f3dico Gir\u00f3n<\/a>, el doctor <strong>Andr\u00e9s Lamas Acevedo<\/strong>, director provincial de Higiene, Epidemiolog\u00eda y Microbiolog\u00eda, explic\u00f3 que el dengue sigue mostrando mayor gravedad cl\u00ednica, especialmente por los s\u00edntomas de alarma que pueden derivar en complicaciones.<\/p>\n<p>En tanto, alert\u00f3 que el chikungunya registra una alta tasa de ataque debido a la baja inmunidad de la poblaci\u00f3n, lo que incrementa el riesgo entre personas mayores y pacientes con enfermedades cr\u00f3nicas.<\/p>\n<p>Aunque las autoridades matanceras aseguraron que no se han registrado fallecidos, en redes sociales han circulado denuncias de posibles muertes vinculadas al dengue o a complicaciones asociadas, que no figuran en los partes oficiales.<\/p>\n<p>En julio, usuarios de Facebook informaron sobre <a href=\"https:\/\/www.cibercuba.com\/noticias\/2025-07-24-u1-e199894-s27061-nid307681-reportan-cinco-casos-criticos-dengue-cuba?utm_source=chatgpt.com\" rel=\"nofollow noopener\" target=\"_blank\"><strong>la presunta muerte de un ni\u00f1o de ocho a\u00f1os en Manzanillo por dengue hemorr\u00e1gico<\/strong><\/a>, un caso que nunca fue confirmado por el ministerio de Salud P\u00fablica.<\/p>\n<p>Semanas despu\u00e9s, en Sancti Sp\u00edritus, familiares y allegados divulgaron <a href=\"https:\/\/www.cibercuba.com\/noticias\/2025-09-04-u1-e208933-s27061-nid310296-muere-nino-sancti-spiritus-complicaciones-asociadas?utm_source=chatgpt.com\" rel=\"nofollow noopener\" target=\"_blank\"><strong>el fallecimiento del peque\u00f1o Yoel, atribuido a complicaciones por dengue<\/strong><\/a>. Aunque medios locales iniformaron del hecho, las autoridades no han incorporado el caso a sus reportes nacionales ni han emitido declaraciones adicionales.<\/p>\n<p>En Matanzas tambi\u00e9n hubo <a href=\"https:\/\/www.cibercuba.com\/noticias\/2025-09-26-u1-e199894-s27061-nid311786-autoridades-niegan-menor-muerto-dengue-matanzas?utm_source=chatgpt.com\" rel=\"nofollow noopener\" target=\"_blank\"><strong>rumores recientes sobre la muerte de un menor, desmentidos por la Direcci\u00f3n Provincial de Salud<\/strong><\/a>, que calific\u00f3 la versi\u00f3n de \u201ctotalmente falsa\u201d.<\/p>\n<p>No obstante, los comentarios en redes sociales y el silencio sobre los diagn\u00f3sticos exactos de algunos pacientes <strong>refuerzan la percepci\u00f3n p\u00fablica de que existen decesos no reconocidos oficialmente o mal clasificados como \u201cs\u00edndromes febriles inespec\u00edficos\u201d<\/strong>.<\/p>\n<p>Pese al incremento de casos, las autoridades matanceras afirmaron este viernes que los hospitales disponen de camas suficientes, y que el aumento de ingresos pedi\u00e1tricos se debe al protocolo vigente que obliga a hospitalizar a los menores de un a\u00f1o con s\u00edndrome febril inespec\u00edfico.<\/p>\n<p>Sin embargo, el propio encuentro <a href=\"https:\/\/www.cibercuba.com\/noticias\/2025-09-24-u1-e199370-s27061-nid311622-regimen-cubano-admite-escasez-recursos-plena-crisis\" rel=\"nofollow noopener\" target=\"_blank\"><strong>dej\u00f3 al descubierto la precariedad del sistema de control vectorial<\/strong><\/a>. El doctor <strong>Rony L\u00e1zaro Reyes S\u00e1nchez<\/strong>, vicedirector provincial de Higiene e Identidad del \u00e1rea de Vectores, reconoci\u00f3 que solo cuentan con 777 fumigadores de los 1,341 necesarios, por lo que \u201cen determinados momentos las bazucas se quedan en el piso por falta de personal\u201d.<\/p>\n<p>Adem\u00e1s, Matanzas no dispone del n\u00famero de bazucas requerido para realizar fumigaciones intensivas en todos los municipios. Ante esa limitaci\u00f3n, se cre\u00f3 una brigada m\u00f3vil con equipos distribuidos entre centros de salud, que se desplazar\u00e1n en \u00f3mnibus hacia las zonas con mayor complejidad epidemiol\u00f3gica.<\/p>\n<p>En la reuni\u00f3n participaron tambi\u00e9n el primer secretario del Partido en la provincia, <a href=\"https:\/\/www.cibercuba.com\/noticias\/2024-03-30-u1-e199370-s27061-nid279629-sustituyen-matanzas-susely-morfa-psicologa\" rel=\"nofollow noopener\" target=\"_blank\"><strong>Mario Sabines Lorenzo<\/strong><\/a>, y la gobernadora <strong>Marieta Poey Zamora<\/strong>, quienes insistieron en la necesidad de fortalecer la \u201cunidad de todas las organizaciones\u201d para enfrentar la propagaci\u00f3n de las arbovirosis.<\/p>\n<p>Aunque los funcionarios evitaron mencionar la magnitud real del brote, los propios datos presentados evidencian que Matanzas enfrenta una expansi\u00f3n simult\u00e1nea de dengue y chikungunya en casi todo su territorio, en medio de un contexto de falta de fumigaci\u00f3n, d\u00e9ficit de personal y carencias materiales que limitan la respuesta sanitaria.<\/p>\n","protected":false},"excerpt":{"rendered":"Las autoridades sanitarias de Matanzas aseguraron que no se han registrado fallecidos por el actual brote de virus&hellip;\n","protected":false},"author":2,"featured_media":156523,"comment_status":"","ping_status":"","sticky":false,"template":"","format":"standard","meta":{"footnotes":""},"categories":[92],"tags":[16105,4104,11524,4362,2216,1293,18606,25,24,5244,165,4363,4365,4366,4809,4360,166,4367,1452,23,46801],"class_list":{"0":"post-156522","1":"post","2":"type-post","3":"status-publish","4":"format-standard","5":"has-post-thumbnail","7":"category-salud","8":"tag-atencion-de-salud","9":"tag-basura","10":"tag-chikungunya","11":"tag-combustible","12":"tag-dengue","13":"tag-enfermedades","14":"tag-epidemias","15":"tag-es","16":"tag-espana","17":"tag-fumigacion","18":"tag-health","19":"tag-matanzas","20":"tag-minsap","21":"tag-mosquitos-aedes-aegypti","22":"tag-muertes","23":"tag-noticias-de-cuba","24":"tag-salud","25":"tag-salud-en-cuba","26":"tag-salud-publica","27":"tag-spain","28":"tag-virus-de-oropouche"},"share_on_mastodon":{"url":"","error":""},"_links":{"self":[{"href":"https:\/\/www.europesays.com\/es\/wp-json\/wp\/v2\/posts\/156522","targetHints":{"allow":["GET"]}}],"collection":[{"href":"https:\/\/www.europesays.com\/es\/wp-json\/wp\/v2\/posts"}],"about":[{"href":"https:\/\/www.europesays.com\/es\/wp-json\/wp\/v2\/types\/post"}],"author":[{"embeddable":true,"href":"https:\/\/www.europesays.com\/es\/wp-json\/wp\/v2\/users\/2"}],"replies":[{"embeddable":true,"href":"https:\/\/www.europesays.com\/es\/wp-json\/wp\/v2\/comments?post=156522"}],"version-history":[{"count":0,"href":"https:\/\/www.europesays.com\/es\/wp-json\/wp\/v2\/posts\/156522\/revisions"}],"wp:featuredmedia":[{"embeddable":true,"href":"https:\/\/www.europesays.com\/es\/wp-json\/wp\/v2\/media\/156523"}],"wp:attachment":[{"href":"https:\/\/www.europesays.com\/es\/wp-json\/wp\/v2\/media?parent=156522"}],"wp:term":[{"taxonomy":"category","embeddable":true,"href":"https:\/\/www.europesays.com\/es\/wp-json\/wp\/v2\/categories?post=156522"},{"taxonomy":"post_tag","embeddable":true,"href":"https:\/\/www.europesays.com\/es\/wp-json\/wp\/v2\/tags?post=156522"}],"curies":[{"name":"wp","href":"https:\/\/api.w.org\/{rel}","templated":true}]}}