{"id":156524,"date":"2025-10-04T13:24:12","date_gmt":"2025-10-04T13:24:12","guid":{"rendered":"https:\/\/www.europesays.com\/es\/156524\/"},"modified":"2025-10-04T13:24:12","modified_gmt":"2025-10-04T13:24:12","slug":"un-homenaje-a-sevilla-e-inspirado-en-la-virgen-de-los-gitanos","status":"publish","type":"post","link":"https:\/\/www.europesays.com\/es\/156524\/","title":{"rendered":"un homenaje a Sevilla e inspirado en la Virgen de los Gitanos"},"content":{"rendered":"<p>04\/10\/2025<br \/>\n<br \/><strong><br \/>\nActualizado a las 15:21h.<br \/>\n<\/strong><\/p>\n<p class=\"voc-p\" style=\"\"><strong>Cayetano Mart\u00ednez de Irujo y B\u00e1rbara Mirjan<\/strong> protagonizan la boda m\u00e1s medi\u00e1tica del oto\u00f1o. La pareja ha elegido la iglesia del Cristo de los Gitanos de Sevilla para darse el &#8216;s\u00ed, quiero&#8217;. Unos <a href=\"https:\/\/www.abc.es\/estilo\/moda\/looks-boda-cayetano-martinez-irujo-barbara-mirjan-20251004182538-ga.html\" target=\"_blank\" data-voc-vtm-id=\"in-text-traffic\" title=\"300 invitados\" data-mrf-link=\"www.abc.es\" rel=\"nofollow noopener\">300 invitados<\/a>, entre ellos la hermana del novio, <a href=\"https:\/\/www.abc.es\/estilo\/moda\/vestido-eugenia-martinez-irujo-boda-hermano-cayetano-20251004180433-nt.html\" target=\"_blank\" data-voc-vtm-id=\"in-text-traffic\" title=\"Eugenia Mart\u00ednez de Irujo\" data-mrf-link=\"www.abc.es\" rel=\"nofollow noopener\">Eugenia Mart\u00ednez de Irujo<\/a>, les acompa\u00f1an en este d\u00eda tan especial. Uno de los momentos m\u00e1s esperados de cualquier boda es la llegada de la novia desvelando as\u00ed el secreto mejor guardado, su vestido. <\/p>\n<p class=\"voc-p\" style=\"\">B\u00e1rbara Mirjan ha confiado en la firma madrile\u00f1a <strong>Navascu\u00e9s<\/strong>, que tambi\u00e9n visti\u00f3 a <a href=\"https:\/\/www.abc.es\/estilo\/moda\/vestido-novia-teresa-urquijo-boda-jose-luis-20240406132523-nt.html\" target=\"_blank\" data-voc-vtm-id=\"in-text-traffic\" title=\"Teresa Urquijo\" data-mrf-link=\"www.abc.es\" rel=\"nofollow noopener\">Teresa Urquijo<\/a> en su boda con el alcalde de Madrid, Jos\u00e9 Luis Mart\u00ednez Almeida. El taller ha dise\u00f1ado un vestido exclusivo, que a\u00fana tradici\u00f3n, simbolismo y artesan\u00eda, y que rinde homenaje a la capital hispalense. <\/p>\n<p class=\"voc-p\" style=\"\">Confeccionado en crep con cortes en godets de organza bordada con hilos de seda, el dise\u00f1o evoca las <strong>flores del mant\u00f3n de Manila<\/strong>, en un gui\u00f1o a Sevilla. El vestido cuenta con mangas desmontables y un pu\u00f1o bordado en el brazo derecho, elementos que refuerzan su car\u00e1cter artesanal y exclusivo. Se completa con una sobrefalda de organza y tundra, y un corselete bordado en hilo de seda. La cola es independiente, y ha sido confeccionada con organzas bordadas, y el velo es de tul de seda natural. <\/p>\n<p><img decoding=\"async\" loading=\"lazy\" src=\"https:\/\/www.europesays.com\/es\/wp-content\/uploads\/2025\/10\/vestido-barbara-boda-U50424638671QiB-758x470@diario_abc.jpg\" class=\"voc-d-c-combo-3__img\" width=\"758\" height=\"470\" alt=\"Imagen principal - As\u00ed es el vestido de B\u00e1rbara Mirjan en su boda con Cayetano Mart\u00ednez de Irujo: un homenaje a Sevilla e inspirado en la Virgen de los Gitanos\"\/><\/p>\n<p><img decoding=\"async\" loading=\"lazy\" src=\"https:\/\/www.europesays.com\/es\/wp-content\/uploads\/2025\/10\/vestido_barbara_3-U38274474477cOR-464x329@diario_abc.jpg\" class=\"voc-d-c-combo-3__img\" width=\"464\" height=\"329\" alt=\"Imagen secundaria 1 - As\u00ed es el vestido de B\u00e1rbara Mirjan en su boda con Cayetano Mart\u00ednez de Irujo: un homenaje a Sevilla e inspirado en la Virgen de los Gitanos\"\/><\/p>\n<p><img decoding=\"async\" loading=\"lazy\" src=\"https:\/\/www.europesays.com\/es\/wp-content\/uploads\/2025\/10\/vestido-barbara-2-U24848506241Nji-278x329@diario_abc.jpg\" class=\"voc-d-c-combo-3__img\" width=\"278\" height=\"329\" alt=\"Imagen secundaria 2 - As\u00ed es el vestido de B\u00e1rbara Mirjan en su boda con Cayetano Mart\u00ednez de Irujo: un homenaje a Sevilla e inspirado en la Virgen de los Gitanos\"\/><\/p>\n<p>Los detalles del vestido de novia B\u00e1rbara Mirjan<br \/>\nGTRES<\/p>\n<p class=\"voc-p\" style=\"\">Seg\u00fan han se\u00f1alado desde el taller, uno los aspectos m\u00e1s singulares es la inspiraci\u00f3n de sus bordados, que han tomado como referencia <strong>la saya que luci\u00f3 la Virgen de las Angustias<\/strong> de la Hermandad de los Gitanos durante la \u00faltima <strong>Madrug\u00e1 del Viernes Santo<\/strong>. El v\u00ednculo de la Casa de Alba con la Hermandad y el templo es tal que las cenizas de Cayetana, la antigua duquesa de Alba, reposan all\u00ed. <\/p>\n<p><img decoding=\"async\" loading=\"lazy\" src=\"https:\/\/www.europesays.com\/es\/wp-content\/uploads\/2025\/10\/vestido-novia-barbara-U28675552781xhv-760x1000@diario_abc.jpg\" class=\"voc-img\" width=\"760\" height=\"1000\" alt=\"Los reci\u00e9n casados en la puerta de la iglesia de los Gitanos.\" data-voc-vtm-id=\"in-text-traffic\"\/><\/p>\n<p>Los reci\u00e9n casados en la puerta de la iglesia de los Gitanos.<\/p>\n<p>GTRES<\/p>\n<p class=\"voc-p\" style=\"\">En declaraciones exclusivas a ABC Estilo, la dise\u00f1adora <strong>Cristina Mart\u00ednez-Pardo Cobi\u00e1n<\/strong>, fundadora de Navascu\u00e9s, explic\u00f3 que \u00abB\u00e1rbara confi\u00f3 plenamente en nosotros, lo que nos permiti\u00f3 trabajar con libertad y disfrutar del proceso. Tras reunirme con Guillermo, de mi equipo de dise\u00f1o, le presentamos diferentes propuestas y entre todos fuimos perfilando el resultado final\u00bb. La persona que acompa\u00f1\u00f3 a B\u00e1rbara al taller para hacerse las diferentes pruebas fue su madre. \u00abEn esas visitas hemos re\u00eddo, nos hemos emocionado y hasta nos hemos atrevido a <strong>bailar sevillanas<\/strong>\u00ab, nos confes\u00f3 la dise\u00f1adora. <\/p>\n<p class=\"voc-p\" style=\"\">Otro de los detalles del look nupcial de B\u00e1rbara Mirjan son los <strong>zapatos<\/strong>, firmados por la dise\u00f1adora <strong>Isabel Abdo<\/strong>, que conocimos gracias a la <a href=\"https:\/\/www.abc.es\/estilo\/moda\/marcas-moda-espanolas-descubierto-reina-letizia-20230416223726-nt.html\" target=\"_blank\" data-voc-vtm-id=\"in-text-traffic\" title=\"Reina Letizia\" data-mrf-link=\"www.abc.es\" rel=\"nofollow noopener\">Reina Letizia<\/a> que ha confiado en ella varias veces. La dise\u00f1adora, gran amante de los stilettos, nos cuenta en exclusiva a ABC, que \u00abBarbara ha elegido un <strong>sal\u00f3n cl\u00e1sico de 10 cent\u00edmetros de altura<\/strong>, que ha sido elaborado de forma artesanal, muy c\u00f3modo y sexy a la vez\u00ab. Isabel Abdo, amiga de la novia, ha decidido iniciar, con este encargo tan especial, su <strong>colecci\u00f3n de novias<\/strong>, modelos que realizar\u00e1 a medida para cada clienta, y que se suman as\u00ed a la oferta de stilettos, mules y destalonados que ten\u00eda hasta ahora. <\/p>\n<p class=\"voc-p\" style=\"\">La novia llev\u00f3 su melena recogida en una coleta ondulada, un peinado moderno y muy actual, que, adorn\u00f3, adem\u00e1s, con una <strong>tiara de diamantes<\/strong>. Complet\u00f3 su look con un maquillaje natural. <\/p>\n<p class=\"voc-p\" style=\"\">B\u00e1rbara llev\u00f3 tambi\u00e9n unos pendientes largos que le hab\u00eda regalado su ya marido, Cayetano Mart\u00ednez de Irujo. <\/p>\n<p>Reportar un error<\/p>\n","protected":false},"excerpt":{"rendered":"04\/10\/2025 Actualizado a las 15:21h. Cayetano Mart\u00ednez de Irujo y B\u00e1rbara Mirjan protagonizan la boda m\u00e1s medi\u00e1tica del&hellip;\n","protected":false},"author":2,"featured_media":156525,"comment_status":"","ping_status":"","sticky":false,"template":"","format":"standard","meta":{"footnotes":""},"categories":[91],"tags":[38503,3158,4812,146,147,25,24,10713,6552,39149,36166,825,45927,1171,23,13011,7699],"class_list":{"0":"post-156524","1":"post","2":"type-post","3":"status-publish","4":"format-standard","5":"has-post-thumbnail","7":"category-entretenimiento","8":"tag-barbara","9":"tag-boda","10":"tag-cayetano","11":"tag-entertainment","12":"tag-entretenimiento","13":"tag-es","14":"tag-espana","15":"tag-gitanos","16":"tag-homenaje","17":"tag-inspirado","18":"tag-irujo","19":"tag-martinez","20":"tag-mirjan","21":"tag-sevilla","22":"tag-spain","23":"tag-vestido","24":"tag-virgen"},"share_on_mastodon":{"url":"","error":""},"_links":{"self":[{"href":"https:\/\/www.europesays.com\/es\/wp-json\/wp\/v2\/posts\/156524","targetHints":{"allow":["GET"]}}],"collection":[{"href":"https:\/\/www.europesays.com\/es\/wp-json\/wp\/v2\/posts"}],"about":[{"href":"https:\/\/www.europesays.com\/es\/wp-json\/wp\/v2\/types\/post"}],"author":[{"embeddable":true,"href":"https:\/\/www.europesays.com\/es\/wp-json\/wp\/v2\/users\/2"}],"replies":[{"embeddable":true,"href":"https:\/\/www.europesays.com\/es\/wp-json\/wp\/v2\/comments?post=156524"}],"version-history":[{"count":0,"href":"https:\/\/www.europesays.com\/es\/wp-json\/wp\/v2\/posts\/156524\/revisions"}],"wp:featuredmedia":[{"embeddable":true,"href":"https:\/\/www.europesays.com\/es\/wp-json\/wp\/v2\/media\/156525"}],"wp:attachment":[{"href":"https:\/\/www.europesays.com\/es\/wp-json\/wp\/v2\/media?parent=156524"}],"wp:term":[{"taxonomy":"category","embeddable":true,"href":"https:\/\/www.europesays.com\/es\/wp-json\/wp\/v2\/categories?post=156524"},{"taxonomy":"post_tag","embeddable":true,"href":"https:\/\/www.europesays.com\/es\/wp-json\/wp\/v2\/tags?post=156524"}],"curies":[{"name":"wp","href":"https:\/\/api.w.org\/{rel}","templated":true}]}}