{"id":156530,"date":"2025-10-04T13:27:07","date_gmt":"2025-10-04T13:27:07","guid":{"rendered":"https:\/\/www.europesays.com\/es\/156530\/"},"modified":"2025-10-04T13:27:07","modified_gmt":"2025-10-04T13:27:07","slug":"merz-urge-a-hamas-a-aprovechar-la-mejor-oportunidad-de-paz-dw-04-10-2025","status":"publish","type":"post","link":"https:\/\/www.europesays.com\/es\/156530\/","title":{"rendered":"Merz urge a Ham\u00e1s a aprovechar \u00abla mejor oportunidad\u00bb de paz \u2013 DW \u2013 04\/10\/2025"},"content":{"rendered":"<p>El canciller alem\u00e1n <a class=\"internal-link\" href=\"https:\/\/www.dw.com\/es\/merz-friedrich\/t-46095056\" rel=\"nofollow noopener\" target=\"_blank\">Friedrich Merz<\/a> inst\u00f3 este s\u00e1bado (04.10.2025) al grupo terrorista palestino <a class=\"internal-link\" href=\"https:\/\/www.dw.com\/es\/ham\u00e1s\/t-17412524\" rel=\"nofollow noopener\" target=\"_blank\">Ham\u00e1s<\/a> a aprovechar el plan de paz para Gaza presentado por el presidente de Estados Unidos, <a class=\"internal-link\" href=\"https:\/\/www.dw.com\/es\/trump-donald\/t-19445010\" rel=\"nofollow noopener\" target=\"_blank\">Donald Trump<\/a>.<\/p>\n<p>Esto despu\u00e9s de que el movimiento islamista se haya declarado dispuesto a devolver a Israel a todos los rehenes que mantiene secuestrados y negociar los detalles del resto de la hoja de ruta del l\u00edder de la Casa Blanca.<\/p>\n<p>\u00abDespu\u00e9s de casi dos a\u00f1os, esta es la mejor oportunidad para la paz. Alemania seguir\u00e1 comprometida\u00bb, escribi\u00f3 Merz en la red social X.<\/p>\n<blockquote class=\"tweet embed\" data-id=\"1974243135199809641\"\/>\n<p>\u00abLa liberaci\u00f3n de los rehenes y la paz en <a class=\"internal-link\" href=\"https:\/\/www.dw.com\/es\/franja-de-gaza\/t-67111647\" rel=\"nofollow noopener\" target=\"_blank\">Gaza<\/a> est\u00e1n al alcance. Ham\u00e1s tambi\u00e9n acept\u00f3 en principio el plan de paz del presidente Trump\u00bb, agreg\u00f3 en otra publicaci\u00f3n en la misma plataforma.<\/p>\n<p>\u00abAlemania apoya plenamente el llamado del presidente Donald Trump a ambas partes\u00bb, sostuvo.<\/p>\n<p>El viernes, Ham\u00e1s afirm\u00f3 <a class=\"internal-link\" href=\"https:\/\/www.dw.com\/es\/ham\u00e1s-acepta-parte-del-plan-de-paz-de-trump-y-pide-negociaciones\/a-74232919\" rel=\"nofollow noopener\" target=\"_blank\">estar de acuerdo con la mayor parte del plan de Trump<\/a> para poner fin al conflicto, incluida la liberaci\u00f3n de todos los rehenes, pero indic\u00f3 que algunos puntos requieren mayor negociaci\u00f3n.<\/p>\n<p>En respuesta, Trump inst\u00f3 a Israel a \u00abdetener de inmediato el bombardeo de Gaza\u00bb para evacuar a los rehenes \u00abde forma segura y r\u00e1pida\u00bb.<\/p>\n<p>rr efe\/dpa<\/p>\n","protected":false},"excerpt":{"rendered":"El canciller alem\u00e1n Friedrich Merz inst\u00f3 este s\u00e1bado (04.10.2025) al grupo terrorista palestino Ham\u00e1s a aprovechar el plan&hellip;\n","protected":false},"author":2,"featured_media":156531,"comment_status":"","ping_status":"","sticky":false,"template":"","format":"standard","meta":{"footnotes":""},"categories":[42],"tags":[17,18,13,14,11,61,62,63,64,19,20,9,10,15,16,12,21,22,65,66,67],"class_list":{"0":"post-156530","1":"post","2":"type-post","3":"status-publish","4":"format-standard","5":"has-post-thumbnail","7":"category-internacional","8":"tag-breaking-news","9":"tag-breakingnews","10":"tag-featured-news","11":"tag-featurednews","12":"tag-headlines","13":"tag-internacional","14":"tag-international","15":"tag-international-news","16":"tag-internationalnews","17":"tag-latest-news","18":"tag-latestnews","19":"tag-news","20":"tag-noticias","21":"tag-noticias-destacadas","22":"tag-noticiasdestacadas","23":"tag-titulares","24":"tag-ultimas-noticias","25":"tag-ultimasnoticias","26":"tag-world","27":"tag-world-news","28":"tag-worldnews"},"share_on_mastodon":{"url":"","error":""},"_links":{"self":[{"href":"https:\/\/www.europesays.com\/es\/wp-json\/wp\/v2\/posts\/156530","targetHints":{"allow":["GET"]}}],"collection":[{"href":"https:\/\/www.europesays.com\/es\/wp-json\/wp\/v2\/posts"}],"about":[{"href":"https:\/\/www.europesays.com\/es\/wp-json\/wp\/v2\/types\/post"}],"author":[{"embeddable":true,"href":"https:\/\/www.europesays.com\/es\/wp-json\/wp\/v2\/users\/2"}],"replies":[{"embeddable":true,"href":"https:\/\/www.europesays.com\/es\/wp-json\/wp\/v2\/comments?post=156530"}],"version-history":[{"count":0,"href":"https:\/\/www.europesays.com\/es\/wp-json\/wp\/v2\/posts\/156530\/revisions"}],"wp:featuredmedia":[{"embeddable":true,"href":"https:\/\/www.europesays.com\/es\/wp-json\/wp\/v2\/media\/156531"}],"wp:attachment":[{"href":"https:\/\/www.europesays.com\/es\/wp-json\/wp\/v2\/media?parent=156530"}],"wp:term":[{"taxonomy":"category","embeddable":true,"href":"https:\/\/www.europesays.com\/es\/wp-json\/wp\/v2\/categories?post=156530"},{"taxonomy":"post_tag","embeddable":true,"href":"https:\/\/www.europesays.com\/es\/wp-json\/wp\/v2\/tags?post=156530"}],"curies":[{"name":"wp","href":"https:\/\/api.w.org\/{rel}","templated":true}]}}