{"id":156532,"date":"2025-10-04T13:28:12","date_gmt":"2025-10-04T13:28:12","guid":{"rendered":"https:\/\/www.europesays.com\/es\/156532\/"},"modified":"2025-10-04T13:28:12","modified_gmt":"2025-10-04T13:28:12","slug":"hora-y-punto-de-encuentro","status":"publish","type":"post","link":"https:\/\/www.europesays.com\/es\/156532\/","title":{"rendered":"hora y punto de encuentro"},"content":{"rendered":"<p>MADRID 4 Oct. (EUROPA PRESS) &#8211;<\/p>\n<p>La Asociaci\u00f3n Hispano Palestina Jerusal\u00e9n (AHPJ), la Red Solidaria Contra la Ocupaci\u00f3n de Palestina (Rescop), la Campa\u00f1a por el Embargo de Armas a Israel y las Asambleas de Madrid con Palestina han convocado para este s\u00e1bado 4 de octubre en Madrid una manifestaci\u00f3n en apoyo al pueblo palestino y contra la guerra en Gaza.<\/p>\n<p>El llamamiento busca exigir al Gobierno un embargo integral y efectivo al comercio de armas, la ruptura de todas las relaciones y el fin inmediato de la complicidad con Israel.<\/p>\n<p>HORARIO Y PUNTO DE INICIO<\/p>\n<p>La marcha comenzar\u00e1 a las 18.00 horas en Atocha y recorrer\u00e1 el centro de la capital hasta Plaza de Callao bajo el lema \u00abAlto al genocidio contra el pueblo palestino. Fin al comercio de armas y a las relaciones con Israel\u00bb.<\/p>\n<p>En paralelo, Rescop ha convocado movilizaciones en m\u00e1s de 80 municipios espa\u00f1oles los d\u00edas 4 y 5 de octubre, dentro de la misma campa\u00f1a estatal y bajo el mismo lema. Entre las ciudades que se han sumado figuran Valencia, Sevilla, Gij\u00f3n o M\u00e1laga, adem\u00e1s de decenas de localidades en todo el territorio. Los horarios y puntos de encuentro del resto de manifestaciones pueden consultarse <a href=\"https:\/\/rescop.org\/bds\/movilizacion_estatal_por_palestina_4_...\" rel=\"nofollow noopener\" target=\"_blank\">a trav\u00e9s de este enlace<\/a>.<\/p>\n<p>Estas protestas se celebran, adem\u00e1s, en fechas pr\u00f3ximas al aniversario de los ataques del 7 de octubre de 2023, que marcaron el inicio de la actual guerra entre Israel y Ham\u00e1s en Gaza. Desde entonces, el conflicto ha dejado m\u00e1s de 66.200 muertos y cerca de 169.000 heridos, y ha generado una movilizaci\u00f3n internacional sin precedentes.<\/p>\n","protected":false},"excerpt":{"rendered":"MADRID 4 Oct. (EUROPA PRESS) &#8211; La Asociaci\u00f3n Hispano Palestina Jerusal\u00e9n (AHPJ), la Red Solidaria Contra la Ocupaci\u00f3n&hellip;\n","protected":false},"author":2,"featured_media":156533,"comment_status":"","ping_status":"","sticky":false,"template":"","format":"standard","meta":{"footnotes":""},"categories":[8],"tags":[17,18,25,24,13,14,11,19,20,9,10,15,16,23,12,21,22],"class_list":{"0":"post-156532","1":"post","2":"type-post","3":"status-publish","4":"format-standard","5":"has-post-thumbnail","7":"category-espana","8":"tag-breaking-news","9":"tag-breakingnews","10":"tag-es","11":"tag-espana","12":"tag-featured-news","13":"tag-featurednews","14":"tag-headlines","15":"tag-latest-news","16":"tag-latestnews","17":"tag-news","18":"tag-noticias","19":"tag-noticias-destacadas","20":"tag-noticiasdestacadas","21":"tag-spain","22":"tag-titulares","23":"tag-ultimas-noticias","24":"tag-ultimasnoticias"},"share_on_mastodon":{"url":"","error":""},"_links":{"self":[{"href":"https:\/\/www.europesays.com\/es\/wp-json\/wp\/v2\/posts\/156532","targetHints":{"allow":["GET"]}}],"collection":[{"href":"https:\/\/www.europesays.com\/es\/wp-json\/wp\/v2\/posts"}],"about":[{"href":"https:\/\/www.europesays.com\/es\/wp-json\/wp\/v2\/types\/post"}],"author":[{"embeddable":true,"href":"https:\/\/www.europesays.com\/es\/wp-json\/wp\/v2\/users\/2"}],"replies":[{"embeddable":true,"href":"https:\/\/www.europesays.com\/es\/wp-json\/wp\/v2\/comments?post=156532"}],"version-history":[{"count":0,"href":"https:\/\/www.europesays.com\/es\/wp-json\/wp\/v2\/posts\/156532\/revisions"}],"wp:featuredmedia":[{"embeddable":true,"href":"https:\/\/www.europesays.com\/es\/wp-json\/wp\/v2\/media\/156533"}],"wp:attachment":[{"href":"https:\/\/www.europesays.com\/es\/wp-json\/wp\/v2\/media?parent=156532"}],"wp:term":[{"taxonomy":"category","embeddable":true,"href":"https:\/\/www.europesays.com\/es\/wp-json\/wp\/v2\/categories?post=156532"},{"taxonomy":"post_tag","embeddable":true,"href":"https:\/\/www.europesays.com\/es\/wp-json\/wp\/v2\/tags?post=156532"}],"curies":[{"name":"wp","href":"https:\/\/api.w.org\/{rel}","templated":true}]}}