{"id":156542,"date":"2025-10-04T13:39:15","date_gmt":"2025-10-04T13:39:15","guid":{"rendered":"https:\/\/www.europesays.com\/es\/156542\/"},"modified":"2025-10-04T13:39:15","modified_gmt":"2025-10-04T13:39:15","slug":"claudia-martin-celebra-su-baby-shower-en-oaxaca-junto-a-su-familia","status":"publish","type":"post","link":"https:\/\/www.europesays.com\/es\/156542\/","title":{"rendered":"Claudia Mart\u00edn celebra su baby shower en Oaxaca junto a su familia"},"content":{"rendered":"<p id=\"empKpozGgB\" data-wc=\"93\">A s\u00f3lo unos d\u00edas de que dio a conocer que est\u00e1 en la <a class=\"hm-link ho-link\" href=\"https:\/\/www.hola.com\/us-es\/celebrities\/20250922857045\/claudia-martin-carlos-said-bebe-nino-revelan\/\" data-mrf-recirculation=\"article-body-link\" rel=\"nofollow noopener\" target=\"_blank\">dulce espera de un ni\u00f1o al que llamar\u00e1 M\u00e1ximo<\/a>, <strong>Claudia Mart\u00edn<\/strong> celebra el primer baby shower en honor a su peque\u00f1o. En compa\u00f1\u00eda de una amiga que tambi\u00e9n est\u00e1n embarazada, la actriz festej\u00f3 el <a class=\"hm-link ho-link\" href=\"https:\/\/www.hola.com\/us-es\/celebrities\/20250803848010\/claudia-martin-carlos-said-embarazo-confirman\/\" data-mrf-recirculation=\"article-body-link\" rel=\"nofollow noopener\" target=\"_blank\">pr\u00f3ximo nacimiento de su beb\u00e9<\/a>. Con un emotivo mensaje, comparti\u00f3 las fotos m\u00e1s especiales de esta fiesta en la que acapar\u00f3 miradas por su estilo pre-mam\u00e1. Para esta ocasi\u00f3n, la mam\u00e1 luci\u00f3 un vestido entallado blanco con el que su baby bump\u00a0salt\u00f3 a la vista.<\/p>\n<p> <img src=\"https:\/\/www.europesays.com\/es\/wp-content\/uploads\/2025\/10\/c4305d9cf450-claudiaembarazo.jpg\"   width=\"768\" height=\"1024\" loading=\"lazy\" decoding=\"async\" alt=\"La tem\u00e1tica de Claudia Mart\u00edn fue de abeja.\" fetchpriority=\"auto\" class=\"image ho-image\"\/>\u00a9 IG: @claudia3martinLa tem\u00e1tica de Claudia Mart\u00edn fue de abeja.<\/p>\n<p id=\"el-Iyrl27zN\" data-wc=\"43\">La actriz comparti\u00f3 todo un \u00e1lbum con fotos en sus redes sociales: \u00abBaby Shower Carlota&amp; M\u00e1ximo estuvimos felices de poder hacer esta celebraci\u00f3n juntas <strong>Ana Salvatierra<\/strong>\u00ab, escribi\u00f3 Claudia junto a las instant\u00e1neas de esta celebraci\u00f3n que comparti\u00f3 con una de sus mejores amigas.<\/p>\n<p> <img src=\"https:\/\/www.europesays.com\/es\/wp-content\/uploads\/2025\/10\/e5d413ba5e1f-maritn.jpg\"   width=\"768\" height=\"1024\" loading=\"lazy\" decoding=\"async\" alt=\"Claudia comparti\u00f3 esta celebraci\u00f3n con una de sus mejores amigas, Ana Salvatierra.\" fetchpriority=\"auto\" class=\"image ho-image\"\/>\u00a9 IG: @claudia3martinClaudia comparti\u00f3 esta celebraci\u00f3n con una de sus mejores amigas, Ana Salvatierra.<\/p>\n<p id=\"eDXMy-QvNjs\" data-wc=\"66\">Para la esposa de <strong>Carlos Said<\/strong>, reconoci\u00f3 que celebrar en su estado natal, junto a las personas m\u00e1s especiales, hizo de esta celebraci\u00f3n algo inolvidable: \u00abTe amo mil amiguita y muchas gracias a todas las mujeres importantes en nuestras vidas que nos acompa\u00f1aron\u00bb, escribi\u00f3 en otra parte del mensaje la actriz, quien tambi\u00e9n agradeci\u00f3 a las encargadas de adornar su fiesta con la tem\u00e1tica de abejas.<\/p>\n<p> <img src=\"https:\/\/www.europesays.com\/es\/wp-content\/uploads\/2025\/10\/628eb32e7c86-maximobaby.jpg\"   width=\"768\" height=\"1024\" loading=\"lazy\" decoding=\"async\" alt=\"Las invitadas disfrutaron de un men\u00fa oaxaque\u00f1o.\" fetchpriority=\"auto\" class=\"image ho-image\"\/>\u00a9 IG: @claudia3martinLas invitadas disfrutaron de un men\u00fa oaxaque\u00f1o.<\/p>\n<p id=\"ecZR2jAr866\" data-wc=\"32\">Las invitadas degustaron un men\u00fa, preparado por un reconocido restaurante oaxaque\u00f1o recomendado en la Gu\u00eda Michelin 2025. La actriz tambi\u00e9n comparti\u00f3 varias historias en su Instagram con los pormenores de la fiesta:\u00a0<\/p>\n<p id=\"eYKoRdY3eE3\" data-wc=\"31\">\u00abHoy fue un d\u00eda muy feliz, llena de amor de mis seres queridos. Gracias por tan lindos momentos esperando la llegada de mi hermosos beb\u00e9 M\u00e1ximo. \u00a1Gracias infinitas!\u00bb, escribi\u00f3 la actriz.\u00a0<\/p>\n<p> <img src=\"https:\/\/www.europesays.com\/es\/wp-content\/uploads\/2025\/10\/981fdc1e0b37-claudiaoaxaca.jpg\"   width=\"768\" height=\"1024\" loading=\"lazy\" decoding=\"async\" alt=\"En esta celebraci\u00f3n no pod\u00eda faltar el orgulloso pap\u00e1 de M\u00e1ximo, Carlos Said.\" fetchpriority=\"auto\" class=\"image ho-image\"\/>\u00a9 IG: @claudia3martinEn esta celebraci\u00f3n no pod\u00eda faltar el orgulloso pap\u00e1 de M\u00e1ximo, Carlos Said.<br \/>\nUn beb\u00e9 muy esperado<\/p>\n<p id=\"e5wEIYOt7v\" data-wc=\"38\">Aunque este celebraci\u00f3n estaba pensada para las mujeres m\u00e1s importantes en la vida de Claudia no pod\u00eda faltar su esposo, Carlos Said, quien se sum\u00f3 a este festejo dedicado a su hijo, a quien espera con mucha ilusi\u00f3n.\u00a0<\/p>\n<p> <img src=\"https:\/\/www.europesays.com\/es\/wp-content\/uploads\/2025\/10\/289131301eea-carlossaidcs550662024185307388720441907688739402745120324n.jpg\"   width=\"771\" height=\"1024\" loading=\"lazy\" decoding=\"async\" alt=\"Claudia Mart\u00edn y Carlos Sa\u00edd confirman que serpan pap\u00e1s de un ni\u00f1o\" fetchpriority=\"auto\" class=\"image ho-image\"\/>\u00a9 IG: @carlossaidcsClaudia Mart\u00edn y Carlos Sa\u00edd confirman que serpan pap\u00e1s de un ni\u00f1o.<\/p>\n<p id=\"etNy7OkuBz\" data-wc=\"64\">La emoci\u00f3n del orgulloso pap\u00e1 del ni\u00f1o es tan grande que fue \u00e9l quien revel\u00f3 el sexo del beb\u00e9: \u00abEs un placer y un verdadero honor compartirles que nuestro primer beb\u00e9 es un ni\u00f1o y se llamar\u00e1 M\u00e1ximo. Te esperamos con mucho amor mi rey, tus padres que te aman\u00bb, escribi\u00f3 el actor junto a una foto donde aparece sosteniendo un tierno mameluco azul.<\/p>\n","protected":false},"excerpt":{"rendered":"A s\u00f3lo unos d\u00edas de que dio a conocer que est\u00e1 en la dulce espera de un ni\u00f1o&hellip;\n","protected":false},"author":2,"featured_media":156543,"comment_status":"","ping_status":"","sticky":false,"template":"","format":"standard","meta":{"footnotes":""},"categories":[174],"tags":[517,255,146,147,25,24,256,23],"class_list":{"0":"post-156542","1":"post","2":"type-post","3":"status-publish","4":"format-standard","5":"has-post-thumbnail","7":"category-famosos","8":"tag-actualidad","9":"tag-celebrities","10":"tag-entertainment","11":"tag-entretenimiento","12":"tag-es","13":"tag-espana","14":"tag-famosos","15":"tag-spain"},"share_on_mastodon":{"url":"","error":""},"_links":{"self":[{"href":"https:\/\/www.europesays.com\/es\/wp-json\/wp\/v2\/posts\/156542","targetHints":{"allow":["GET"]}}],"collection":[{"href":"https:\/\/www.europesays.com\/es\/wp-json\/wp\/v2\/posts"}],"about":[{"href":"https:\/\/www.europesays.com\/es\/wp-json\/wp\/v2\/types\/post"}],"author":[{"embeddable":true,"href":"https:\/\/www.europesays.com\/es\/wp-json\/wp\/v2\/users\/2"}],"replies":[{"embeddable":true,"href":"https:\/\/www.europesays.com\/es\/wp-json\/wp\/v2\/comments?post=156542"}],"version-history":[{"count":0,"href":"https:\/\/www.europesays.com\/es\/wp-json\/wp\/v2\/posts\/156542\/revisions"}],"wp:featuredmedia":[{"embeddable":true,"href":"https:\/\/www.europesays.com\/es\/wp-json\/wp\/v2\/media\/156543"}],"wp:attachment":[{"href":"https:\/\/www.europesays.com\/es\/wp-json\/wp\/v2\/media?parent=156542"}],"wp:term":[{"taxonomy":"category","embeddable":true,"href":"https:\/\/www.europesays.com\/es\/wp-json\/wp\/v2\/categories?post=156542"},{"taxonomy":"post_tag","embeddable":true,"href":"https:\/\/www.europesays.com\/es\/wp-json\/wp\/v2\/tags?post=156542"}],"curies":[{"name":"wp","href":"https:\/\/api.w.org\/{rel}","templated":true}]}}