{"id":156544,"date":"2025-10-04T13:40:24","date_gmt":"2025-10-04T13:40:24","guid":{"rendered":"https:\/\/www.europesays.com\/es\/156544\/"},"modified":"2025-10-04T13:40:24","modified_gmt":"2025-10-04T13:40:24","slug":"que-son-los-grutescos-que-decoran-los-retablos-renacentistas-de-pueblos-al-este-de-leon","status":"publish","type":"post","link":"https:\/\/www.europesays.com\/es\/156544\/","title":{"rendered":"\u00bfQu\u00e9 son los grutescos que decoran los retablos renacentistas de pueblos al este de Le\u00f3n?"},"content":{"rendered":"<p><a class=\"v-mdl-ath__fig-a\" href=\"https:\/\/www.leonoticias.com\/autor\/leonoticias-2282.html\" title=\"Leonoticias\" rel=\"nofollow noopener\" target=\"_blank\"><br \/>\n<img decoding=\"async\" class=\"v-mdl-ath__img\" src=\"https:\/\/www.europesays.com\/es\/wp-content\/uploads\/2025\/07\/autor-2282-foto-1.jpeg\" alt=\"Leonoticias\"\/><br \/>\n<\/a><\/p>\n<p class=\"v-mdl-ath__p v-mdl-ath__p--6\">\nLunes, 29 de septiembre 2025, 10:54<\/p>\n<p class=\"v-p\">\u00bfQu\u00e9 son los grutescos? \u00bfPor qu\u00e9 est\u00e1n tan presentes en los retablos de la escuela juaniana? \u00bfCu\u00e1l es su significado? Son algunas de las preguntas a las que dar\u00e1n respuesta los profesores C\u00e9sar Garc\u00eda \u00c1lvarez e Irene del Canto M\u00ednguez este mi\u00e9rcoles, 1 de octubre, a las 19 horas, en el sal\u00f3n de actos del Ayuntamiento de Le\u00f3n.<\/p>\n<p class=\"v-p\">La charla, de acceso libre y gratuito, forma parte de las acciones organizadas por la Fundaci\u00f3n Santa Mar\u00eda la Real y la Asociaci\u00f3n Cultural Balle de Scapa para dar a conocer un conjunto de diez retablos renacentistas al este de la provincia. La <a href=\"https:\/\/www.leonoticias.com\/culturas\/patrimonio\/proyecto-pondra-valor-retablos-renacentistas-diez-pueblos-20250218110400-nt.html\" data-voc-vtm-id=\"in-text-traffic\" title=\"iniciativa \" data-mrf-link=\"www.leonoticias.com\" rel=\"nofollow noopener\" target=\"_blank\">iniciativa <\/a>cuenta con el respaldo de la Direcci\u00f3n General de Patrimonio Cultural de la Junta de Castilla y Le\u00f3n.<\/p>\n<p class=\"v-p\">Los grutescos son motivos art\u00edsticos, escult\u00f3ricos o pict\u00f3ricos que combinan elementos vegetales, animales y figuras humanas, a menudo entrelazadas de modo caprichoso. El t\u00e9rmino proviene de las decoraciones encontradas en las ruinas de la Domus Aurea de Ner\u00f3n en Roma, que se cre\u00edan grutas, y que inspiraron este estilo ornamental muy utilizado en el Renacimiento y presente en los retablos del este de Le\u00f3n. De su simbolog\u00eda y significado hablar\u00e1n los profesores C\u00e9sar Garc\u00eda \u00c1lvarez e Irene del Canto M\u00ednguez en la charla.<\/p>\n<p>Los ponentes que desglosar\u00e1n los detalles de estas importantes obras<\/p>\n<p class=\"v-p\">C\u00e9sar Garc\u00eda \u00c1lvarez es doctor en Historia del Arte y profesor titular de la Universidad de Le\u00f3n (ULE). Su investigaci\u00f3n est\u00e1 centrada en varios campos, entre los que destacan la simbolog\u00eda de todas las etapas hist\u00f3rico-art\u00edsticas, la teor\u00eda del arte, el arte del Renacimiento, Gaud\u00ed, y la obra de Ignacio G\u00f3mez de Lia\u00f1o. Su labor docente e investigadora abarca diferentes campos de la Historia y la Teor\u00eda del Arte, especialmente aquellos relacionados con el simbolismo de las im\u00e1genes y los aspectos te\u00f3ricos y metodol\u00f3gicos de su interpretaci\u00f3n. Es autor de numerosos trabajos centrados en el estudio de aspectos simb\u00f3licos del arte de todas las \u00e9pocas. Ha publicado, entre otros muchos, libros como Iconograf\u00eda fant\u00e1stica y simbolismo en el Renacimiento, El simbolismo del grutesco renacentista, que inciden en la tem\u00e1tica de la conferencia.<\/p>\n<p class=\"v-p\">Irene del Canto M\u00ednguez es graduada en Historia del Arte y M\u00e1ster en Cultura y Pensamiento Europeo, Investigadora contratada predoctoral FPU, de la ULE. En su investigaci\u00f3n aborda numerosos dilemas est\u00e9ticos reiterados presentes en la cultura visual, en relaci\u00f3n con la imagen, y tambi\u00e9n en la dispersi\u00f3n del c\u00edrculo de Juan de Juni en la provincia de Le\u00f3n. Ha publicado diversos estudios de conjunto y monogr\u00e1ficos sobre los retablos de la zona del Esla-Campos, atribuida su autor\u00eda a los miembros m\u00e1s destacados de la escuela de Juan de Juni. Adem\u00e1s, ha disfrutado de una de las Becas Ralbar impulsadas por la ULE y la Fundaci\u00f3n Banco Sabadell, precisamente para el estudio de los retablos de Los Oteros.<\/p>\n<p>Retablos renacentistas del este de Le\u00f3n<\/p>\n<p class=\"v-p\">Ambos hablar\u00e1n de los grutescos presentes en estos<a href=\"https:\/\/www.leonoticias.com\/culturas\/patrimonio\/retablos-renacentistas-leon-buscan-generar-nuevas-miradas-20250728131944-nt.html\" data-voc-vtm-id=\"in-text-traffic\" title=\" diez retablos del este de la provincia de Le\u00f3n\" data-mrf-link=\"www.leonoticias.com\" rel=\"nofollow noopener\" target=\"_blank\"> diez retablos del este de la provincia de Le\u00f3n<\/a>. \u00abSe trata de un conjunto patrimonial que muestra el alcance del Renacimiento en esta zona de la provincia\u00bb, explican los responsables del proyecto. \u00abUn territorio donde la pujante situaci\u00f3n econ\u00f3mica en las d\u00e9cadas centrales del siglo XVI gener\u00f3 la posibilidad de renovar el mobiliario interior de las iglesias parroquiales\u00bb. Sin duda, la cercan\u00eda del monasterio de Trianos, de la orden de los Dominicos, al que llegaban los mejores pintores y escultores, influy\u00f3 en la realizaci\u00f3n de estos retablos mayores y menores. Todos ellos se engloban en la denominada \u00abEscuela Juniana Leonesa\u00bb, por su relaci\u00f3n con artistas del c\u00edrculo de Juan de Juni.<\/p>\n<p class=\"v-p\">En concreto, integran la <a href=\"https:\/\/www.leonoticias.com\/culturas\/patrimonio\/diez-iglesias-pueblos-leon-replica-minecraft-20250605082228-nt.html\" data-voc-vtm-id=\"in-text-traffic\" title=\"ruta los retablos \" data-mrf-link=\"www.leonoticias.com\" rel=\"nofollow noopener\" target=\"_blank\">ruta los retablos <\/a>de: San Pedro en C\u00e1tedra, en la iglesia de Vallecillo; retablo de la Transfiguraci\u00f3n en la iglesia de Nuestra Se\u00f1ora de Arb\u00e1s en Gordaliza del Pino; retablo de La Pasi\u00f3n en la capilla de Jes\u00fas Nazareno de Sahag\u00fan; retablo de San Andr\u00e9s, en la iglesia de Joara; retablo de los Ni\u00f1os Justo y Pastor, en la iglesia de Celada de Cea; retablo de San Andr\u00e9s en la iglesia de Valdescapa de Cea; retablo de San Facundo y San Primitivo, en la iglesia de Villasel\u00e1n; retablo de San Juli\u00e1n y Santa Basilisa en Valdavida; retablo de Nuestra Se\u00f1ora de los \u00c1ngeles, en la Iglesia de Cristo Rey de Cistierna y el retablo de El Salvador en Yugueros.<\/p>\n<p class=\"v-p\">El reto principal del proyecto de la Fundaci\u00f3n Santa Mar\u00eda la Real y la Asociaci\u00f3n Balle de Scapa, que se prolongar\u00e1 hasta mediados de 2026, es consolidar la ruta y dinamizarla mediante acciones de investigaci\u00f3n y difusi\u00f3n. La iniciativa cuenta con un presupuesto global de 232.441 euros, de los cuales la direcci\u00f3n general de patrimonio aporta 142.199. Uno de sus principales desaf\u00edos ser\u00e1 la redacci\u00f3n de un programa de gesti\u00f3n y un plan de acci\u00f3n.<\/p>\n<p>Reporta un error<\/p>\n","protected":false},"excerpt":{"rendered":"Lunes, 29 de septiembre 2025, 10:54 \u00bfQu\u00e9 son los grutescos? \u00bfPor qu\u00e9 est\u00e1n tan presentes en los retablos&hellip;\n","protected":false},"author":2,"featured_media":156545,"comment_status":"","ping_status":"","sticky":false,"template":"","format":"standard","meta":{"footnotes":""},"categories":[173],"tags":[229,233,231,230,46805,232,234,146,147,25,24,46804,4108,8419,46807,46806,23],"class_list":{"0":"post-156544","1":"post","2":"type-post","3":"status-publish","4":"format-standard","5":"has-post-thumbnail","7":"category-arte-y-diseno","8":"tag-arte","9":"tag-arte-y-diseno","10":"tag-arts","11":"tag-arts-and-design","12":"tag-decoran","13":"tag-design","14":"tag-diseno","15":"tag-entertainment","16":"tag-entretenimiento","17":"tag-es","18":"tag-espana","19":"tag-grutescos","20":"tag-leon","21":"tag-pueblos","22":"tag-renacentistas","23":"tag-retablos","24":"tag-spain"},"share_on_mastodon":{"url":"","error":""},"_links":{"self":[{"href":"https:\/\/www.europesays.com\/es\/wp-json\/wp\/v2\/posts\/156544","targetHints":{"allow":["GET"]}}],"collection":[{"href":"https:\/\/www.europesays.com\/es\/wp-json\/wp\/v2\/posts"}],"about":[{"href":"https:\/\/www.europesays.com\/es\/wp-json\/wp\/v2\/types\/post"}],"author":[{"embeddable":true,"href":"https:\/\/www.europesays.com\/es\/wp-json\/wp\/v2\/users\/2"}],"replies":[{"embeddable":true,"href":"https:\/\/www.europesays.com\/es\/wp-json\/wp\/v2\/comments?post=156544"}],"version-history":[{"count":0,"href":"https:\/\/www.europesays.com\/es\/wp-json\/wp\/v2\/posts\/156544\/revisions"}],"wp:featuredmedia":[{"embeddable":true,"href":"https:\/\/www.europesays.com\/es\/wp-json\/wp\/v2\/media\/156545"}],"wp:attachment":[{"href":"https:\/\/www.europesays.com\/es\/wp-json\/wp\/v2\/media?parent=156544"}],"wp:term":[{"taxonomy":"category","embeddable":true,"href":"https:\/\/www.europesays.com\/es\/wp-json\/wp\/v2\/categories?post=156544"},{"taxonomy":"post_tag","embeddable":true,"href":"https:\/\/www.europesays.com\/es\/wp-json\/wp\/v2\/tags?post=156544"}],"curies":[{"name":"wp","href":"https:\/\/api.w.org\/{rel}","templated":true}]}}